{"id":86790,"date":"2023-09-13T14:27:04","date_gmt":"2023-09-13T09:27:04","guid":{"rendered":"https:\/\/zamanturkmenistan.com.tm\/?p=86790"},"modified":"2023-09-13T18:29:17","modified_gmt":"2023-09-13T13:29:17","slug":"fon-der-lyayen-ikinji-mohlete-galyp-biler","status":"publish","type":"post","link":"https:\/\/zamanturkmenistan.com.tm\/?p=86790","title":{"rendered":"Fon der L\u00fda\u00fden ikinji m\u00f6hlete galyp biler"},"content":{"rendered":"<p>\u201cBloom\u00adberg\u201d agent\u00adli\u00adgi \u00ddew\u00adro\u00adpa dip\u00adlo\u00admat\u00adla\u00adry\u00adna sal\u00adgy\u00adla\u00adnyp, \u00ddew\u00adro\u00adpa Ko\u00admis\u00adsi\u00ad\u00fda\u00adsy\u00adny\u0148 ba\u015f\u00adly\u00adgy Ur\u00adsu\u00adla fon der L\u00fda\u00ad\u00fde\u00adni\u0148 2024-nji \u00fdyl\u00adda \u00ddew\u00adro\u00adpa Bi\u00adle\u00adle\u00ad\u015fi\u00adgin\u00adde \u00fdo\u00adka\u00adry \u00fdol\u00adba\u015f\u00ad\u00e7y we\u00adzi\u00adpe\u00adle\u00adri\u00adne sa\u00fd\u00adlaw\u00adlar gu\u00adta\u00adran\u00addan so\u0148 ikin\u00adji m\u00f6h\u00adle\u00adte ga\u00adlyp bil\u00adjek\u00addi\u00adgi\u00adni a\u00fdt\u00addy.<br \/>\n\u2013\u00ddew\u00adro\u00adpa Bi\u00adle\u00adle\u00ad\u015fi\u00adgi\u00adni\u0148 li\u00adder\u00adle\u00adri \u00ddew\u00adro\u00adpa sa\u00fd\u00adlaw\u00adla\u00adryn\u00addan so\u0148 i\u0148 esa\u00adsy i\u015f \u00fder\u00adle\u00adri\u00adni kes\u00adgit\u00adl\u00e4n\u00adso\u0148, fon der L\u00fda\u00ad\u00fden h\u00e4\u00adki\u00admi\u00ad\u00fdet ba\u00ad\u015fyn\u00adda ga\u00adlyp bi\u00adler. \u00dd\u00f6\u00adne ikin\u00adji m\u00f6h\u00adlet onu\u0148 \u00ddew\u00adro\u00adpa Bi\u00adle\u00adle\u00ad\u015fi\u00adgi\u00adne \u00fdol\u00adba\u015f\u00ad\u00e7y\u00adlyk eden il\u00adkin\u00adji \u00fdyl\u00adla\u00adry bi\u00adlen de\u00ad\u0148e\u015f\u00addi\u00adri\u00adlen\u00adde, d\u00fc\u00fdp\u00adg\u00f6\u00adter ta\u00adpa\u00adwut\u00adly bo\u00adlar\u201d &#8211; di\u00ad\u00fdip, agent\u00adlik \u00fdew\u00adro\u00adpa\u00adly dip\u00adlo\u00admat\u00adla\u00adry\u0148 s\u00f6z\u00adle\u00adri\u00adne sal\u00adgy\u00adlan\u00addy.<br \/>\nRes\u00admi \u00fdol\u00adba\u015f\u00ad\u00e7y\u00adla\u00adry\u0148 we dip\u00adlo\u00admat\u00adla\u00adry\u0148 pi\u00adki\u00adri\u00ad\u00e7e, fon der L\u00fda\u00ad\u00fden \u201ci\u0148 kyn d\u00f6\u00adw\u00fcr\u00adle\u00adrin\u00adde \u00ddew\u00adro\u00adpa Bi\u00adle\u00adle\u00ad\u015fi\u00adgi\u00adni sak\u00adla\u00adma\u00adgy ba\u00ad\u015far\u00addy\u201d. \u015eol bir wag\u00adty\u0148 \u00f6z\u00fcn\u00adde-de, yg\u00adty\u00ad\u00fdar\u00adlyk\u00adla\u00adry\u00adny ep-es\u00adli gi\u00ad\u0148elt\u00addi.<br \/>\nUr\u00adsu\u00adla fon der L\u00fda\u00ad\u00fden 2019-njy \u00fdyl\u00addan b\u00e4\u00adri \u00ddew\u00adro\u00adpa Ko\u00admis\u00adsi\u00ad\u00fda\u00adsy\u00adny\u0148 ba\u015f\u00adly\u00adgy bo\u00adlup i\u015f\u00adle\u00ad\u00fd\u00e4r we bu we\u00adzi\u00adp\u00e4\u00adni e\u00fde\u00adl\u00e4n il\u00adkin\u00adji ze\u00adnan\u00addyr.<\/p>\n","protected":false},"excerpt":{"rendered":"<p>\u201cBloom\u00adberg\u201d agent\u00adli\u00adgi \u00ddew\u00adro\u00adpa dip\u00adlo\u00admat\u00adla\u00adry\u00adna sal\u00adgy\u00adla\u00adnyp, \u00ddew\u00adro\u00adpa Ko\u00admis\u00adsi\u00ad\u00fda\u00adsy\u00adny\u0148 ba\u015f\u00adly\u00adgy Ur\u00adsu\u00adla fon der L\u00fda\u00ad\u00fde\u00adni\u0148 2024-nji \u00fdyl\u00adda \u00ddew\u00adro\u00adpa Bi\u00adle\u00adle\u00ad\u015fi\u00adgin\u00adde \u00fdo\u00adka\u00adry \u00fdol\u00adba\u015f\u00ad\u00e7y we\u00adzi\u00adpe\u00adle\u00adri\u00adne sa\u00fd\u00adlaw\u00adlar gu\u00adta\u00adran\u00addan so\u0148 ikin\u00adji m\u00f6h\u00adle\u00adte ga\u00adlyp bil\u00adjek\u00addi\u00adgi\u00adni a\u00fdt\u00addy. \u2013\u00ddew\u00adro\u00adpa Bi\u00adle\u00adle\u00ad\u015fi\u00adgi\u00adni\u0148 li\u00adder\u00adle\u00adri \u00ddew\u00adro\u00adpa sa\u00fd\u00adlaw\u00adla\u00adryn\u00addan so\u0148 i\u0148 esa\u00adsy i\u015f \u00fder\u00adle\u00adri\u00adni kes\u00adgit\u00adl\u00e4n\u00adso\u0148, fon der L\u00fda\u00ad\u00fden h\u00e4\u00adki\u00admi\u00ad\u00fdet ba\u00ad\u015fyn\u00adda ga\u00adlyp bi\u00adler. \u00dd\u00f6\u00adne ikin\u00adji m\u00f6h\u00adlet onu\u0148 \u00ddew\u00adro\u00adpa Bi\u00adle\u00adle\u00ad\u015fi\u00adgi\u00adne \u00fdol\u00adba\u015f\u00ad\u00e7y\u00adlyk eden il\u00adkin\u00adji \u00fdyl\u00adla\u00adry [&hellip;]<\/p>\n","protected":false},"author":2,"featured_media":86791,"comment_status":"open","ping_status":"closed","sticky":false,"template":"","format":"standard","meta":{"footnotes":""},"categories":[5],"tags":[],"acf":[],"_links":{"self":[{"href":"https:\/\/zamanturkmenistan.com.tm\/index.php?rest_route=\/wp\/v2\/posts\/86790"}],"collection":[{"href":"https:\/\/zamanturkmenistan.com.tm\/index.php?rest_route=\/wp\/v2\/posts"}],"about":[{"href":"https:\/\/zamanturkmenistan.com.tm\/index.php?rest_route=\/wp\/v2\/types\/post"}],"author":[{"embeddable":true,"href":"https:\/\/zamanturkmenistan.com.tm\/index.php?rest_route=\/wp\/v2\/users\/2"}],"replies":[{"embeddable":true,"href":"https:\/\/zamanturkmenistan.com.tm\/index.php?rest_route=%2Fwp%2Fv2%2Fcomments&post=86790"}],"version-history":[{"count":1,"href":"https:\/\/zamanturkmenistan.com.tm\/index.php?rest_route=\/wp\/v2\/posts\/86790\/revisions"}],"predecessor-version":[{"id":86792,"href":"https:\/\/zamanturkmenistan.com.tm\/index.php?rest_route=\/wp\/v2\/posts\/86790\/revisions\/86792"}],"wp:featuredmedia":[{"embeddable":true,"href":"https:\/\/zamanturkmenistan.com.tm\/index.php?rest_route=\/wp\/v2\/media\/86791"}],"wp:attachment":[{"href":"https:\/\/zamanturkmenistan.com.tm\/index.php?rest_route=%2Fwp%2Fv2%2Fmedia&parent=86790"}],"wp:term":[{"taxonomy":"category","embeddable":true,"href":"https:\/\/zamanturkmenistan.com.tm\/index.php?rest_route=%2Fwp%2Fv2%2Fcategories&post=86790"},{"taxonomy":"post_tag","embeddable":true,"href":"https:\/\/zamanturkmenistan.com.tm\/index.php?rest_route=%2Fwp%2Fv2%2Ftags&post=86790"}],"curies":[{"name":"wp","href":"https:\/\/api.w.org\/{rel}","templated":true}]}}