{"id":86903,"date":"2023-09-14T16:32:21","date_gmt":"2023-09-14T11:32:21","guid":{"rendered":"https:\/\/zamanturkmenistan.com.tm\/?p=86903"},"modified":"2023-09-14T16:32:21","modified_gmt":"2023-09-14T11:32:21","slug":"dusenbe-sammiti-oz-isine-baslady","status":"publish","type":"post","link":"https:\/\/zamanturkmenistan.com.tm\/?p=86903","title":{"rendered":"Du\u015fenbe sammiti \u00f6z i\u015fine ba\u015flady"},"content":{"rendered":"<p>\u015eu g\u00fcn g\u00fc\u00adn\u00fc\u0148 ikin\u00adji \u00fda\u00adry\u00admyn\u00adda Du\u00ad\u015fen\u00adbe \u015f\u00e4\u00adhe\u00adrin\u00add\u00e4\u00adki \u00abKas\u00adri Mil\u00adlat\u00bb k\u00f6\u015f\u00adg\u00fcn\u00adde Mer\u00adke\u00adzi Azi\u00ad\u00fda d\u00f6w\u00adlet\u00adle\u00adri\u00adni\u0148 Ba\u015f\u00adtu\u00adtan\u00adla\u00adry\u00adny\u0148 b\u00e4\u00ad\u015fin\u00adji kon\u00adsul\u00adta\u00adtiw du\u00ad\u015fu\u00ad\u015fy\u00adgy \u00f6z i\u015fi\u00adne ba\u015f\u00adla\u00addy. T\u00e4\u00adji\u00adgis\u00adta\u00adny\u0148 Pre\u00adzi\u00adden\u00adti Emo\u00adma\u00adli Rah\u00admo\u00adny\u0148 ba\u015f\u00adlyk\u00adlyk et\u00adme\u00adgin\u00adde ge\u00ad\u00e7i\u00adril\u00ad\u00fd\u00e4n sam\u00admi\u00adte gat\u00adna\u015f\u00admak \u00fc\u00e7in hor\u00admat\u00adly Pre\u00adzi\u00adden\u00adti\u00admiz Ser\u00addar Berdimuhamedow, Ga\u00adza\u00adgys\u00adta\u00adny\u0148 Pre\u00adzi\u00adden\u00adti Ka\u00adsym-\u017do\u00admart To\u00adka\u00ad\u00fdew, Gyr\u00adgy\u00adzys\u00adta\u00adny\u0148 Pre\u00adzi\u00adden\u00adti Sa\u00addyr \u017da\u00adpa\u00adrow, \u00d6z\u00adbe\u00adgis\u00adta\u00adny\u0148 Pre\u00adzi\u00adden\u00adti \u015eaw\u00adkat Mir\u00adzi\u00ad\u00fdo\u00ad\u00fdew hem-de hor\u00admat\u00adly myh\u00adman h\u00f6k\u00adm\u00fcn\u00adde Azer\u00adba\u00fd\u00adja\u00adny\u0148 Pre\u00adzi\u00adden\u00adti Il\u00adham Ali\u00ad\u00fdew t\u00e4\u00adjik pa\u00fd\u00adtag\u00adty\u00adna gel\u00addi.<br \/>\nDost\u00adluk\u00adly \u00fdurt\u00adla\u00adry\u0148 Li\u00adder\u00adle\u00adri T\u00e4\u00adji\u00adgis\u00adta\u00adny\u0148 Pre\u00adzi\u00adden\u00adti ta\u00adra\u00adpyn\u00addan gar\u00ad\u015fy\u00adla\u00adnan\u00addan so\u0148\u00adra, \u00abKas\u00adri Mil\u00adlat\u00bb k\u00f6\u015f\u00adg\u00fc\u00adni\u0148 \u00abIs\u00adtik\u00adlol\u00bb za\u00adlyn\u00adda \u00fdo\u00adka\u00adry de\u00adre\u00adje\u00adli sam\u00admit \u00f6z i\u015fi\u00adne ba\u015f\u00adla\u00addy. Du\u00ad\u015fu\u00ad\u015fy\u00adgy\u0148 mak\u00adsat\u00adna\u00adma\u00adsy\u00adna la\u00ad\u00fdyk\u00adlyk\u00adda, o\u0148a gat\u00adna\u015f\u00ad\u00fdan d\u00f6w\u00adlet Ba\u015f\u00adtu\u00adtan\u00adla\u00adry ge\u00adzek\u00adli-ge\u00adze\u00adgi\u00adne \u00e7y\u00adky\u015f ed\u00ad\u00fd\u00e4r\u00adler. \u015ee\u00fd\u00adle-de BMG-ni\u0148 Ba\u015f sek\u00adre\u00adta\u00adry\u00adny\u0148 \u00dd\u00f6\u00adri\u00adte we\u00adki\u00adli\u00adni\u0148 \u00e7y\u00adky\u00ad\u015fy g\u00f6z \u00f6\u0148\u00fcn\u00adde tu\u00adtul\u00ad\u00fdar. Sam\u00admi\u00adti\u0148 jem\u00adle\u00adri bo\u00ad\u00fdun\u00ad\u00e7a Mer\u00adke\u00adzi Azi\u00ad\u00fda d\u00f6w\u00adlet\u00adle\u00adri\u00adni\u0148 Ba\u015f\u00adtu\u00adtan\u00adla\u00adry\u00adny\u0148 Bi\u00adle\u00adlik\u00add\u00e4\u00adki Be\u00ad\u00fdan\u00adna\u00adma\u00adsy ka\u00adbul edi\u00adler.<br \/>\nSe\u00adbi\u00adti\u0148 Li\u00adder\u00adle\u00adri hyz\u00admat\u00adda\u015f\u00adly\u00adgy\u0148 bu me\u00fd\u00addan\u00ad\u00e7a\u00adsy\u00adny\u0148 \u00e7\u00e4\u00adgin\u00adde 2018-nji \u00fdy\u00adly\u0148 mar\u00adtyn\u00adda Ga\u00adza\u00adgys\u00adtan\u00adda, 2019-njy \u00fdy\u00adly\u0148 no\u00ad\u00fdab\u00adryn\u00adda \u00d6z\u00adbe\u00adgis\u00adtan\u00adda, 2021-nji \u00fdy\u00adly\u0148 aw\u00adgus\u00adtyn\u00adda T\u00fcrk\u00adme\u00adnis\u00adtan\u00adda, 2022-nji \u00fdy\u00adly\u0148 i\u00fdu\u00adlyn\u00adda bol\u00adsa Gyr\u00adgy\u00adzys\u00adtan\u00adda du\u00ad\u015fu\u00ad\u015fyp\u00addy\u00adlar. \u00ddo\u00adka\u00adry de\u00adre\u00adje\u00adli du\u00ad\u015fu\u00ad\u015fyk\u00adlar\u00adda Mer\u00adke\u00adzi Azi\u00ad\u00fda se\u00adbi\u00adti\u00adni \u00f6za\u00adra hor\u00admat go\u00fd\u00admak, de\u0148\u00adhu\u00adkuk\u00adly\u00adlyk, bi\u00adrek-bi\u00adre\u00adgi\u0148 b\u00e4h\u00adbit\u00adle\u00adri\u00adni ha\u00adsa\u00adba al\u00admak esa\u00adsyn\u00adda gep\u00adle\u00ad\u015fik\u00adler\u00addir ge\u00ad\u0148e\u015f\u00adme\u00adler ar\u00adka\u00adly \u00f6s\u00add\u00fcr\u00adme\u00adgi\u0148 m\u00f6\u00adh\u00fcm me\u00adse\u00adle\u00adle\u00adri ara al\u00adnyp mas\u00adla\u00adhat\u00adla\u00ad\u015fyl\u00ad\u00fdar, ugur\u00adla\u00adry\u0148 gi\u0148 top\u00adlu\u00admy bo\u00ad\u00fdun\u00ad\u00e7a \u00f6\u0148\u00adde dur\u00ad\u00fdan anyk we\u00adzi\u00adpe\u00adler kes\u00adgit\u00adle\u00adnil\u00ad\u00fd\u00e4r.<br \/>\nT\u00e4\u00adjik ta\u00adra\u00adpy no\u00adbat\u00adda\u00adky \u00fdu\u00adbi\u00adle\u00fd du\u00ad\u015fu\u00ad\u015fy\u00adgy gu\u00adra\u00adma\u00ad\u00e7y\u00adlyk\u00adly ge\u00ad\u00e7ir\u00admek \u00fc\u00e7in \u00fdo\u00adka\u00adry de\u00adre\u00adje\u00adde ta\u00fd\u00ad\u00fdar\u00adlyk g\u00f6r\u00addi. Sam\u00admit\u00adle\u00adri\u0148 \u00f6\u0148\u00fc\u00adsy\u00adra\u00adsyn\u00adda se\u00adbit \u00fdurt\u00adla\u00adry\u00adny\u0148 da\u00ad\u015fa\u00adry sy\u00ad\u00fda\u00adsat eda\u00adra\u00adla\u00adry\u00adny\u0148 bi\u00adler\u00admen\u00adle\u00adri de\u00adre\u00adje\u00adsin\u00adde ge\u00ad\u0148e\u015f\u00adme\u00adle\u00adri\u0148 7-si ge\u00ad\u00e7i\u00adril\u00addi (5-si wi\u00addeo\u00adkon\u00adfe\u00adren\u00adsi\u00ad\u00fda, 2-si \u00fd\u00fcz\u00adbe-\u00fd\u00fcz g\u00f6r\u00adn\u00fc\u015f\u00adde). H\u00e4\u00adzir\u00adki \u00fdo\u00adka\u00adry de\u00adre\u00adje\u00adli du\u00ad\u015fu\u00ad\u015fy\u00adgy\u0148 do\u00adwa\u00admyn\u00adda Mer\u00adke\u00adzi Azi\u00ad\u00fda d\u00f6w\u00adlet\u00adle\u00adri\u00adni\u0148 Ba\u015f\u00adtu\u00adtan\u00adla\u00adry ozal ga\u00adza\u00adny\u00adlan yla\u00adla\u00ad\u015fyk\u00adla\u00adry \u00fde\u00adri\u00adne \u00fde\u00adtir\u00adme\u00adgi\u0148 m\u00f6\u00adh\u00fcm ugur\u00adla\u00adry\u00adny ara alyp mas\u00adla\u00adhat\u00adla\u015f\u00admak bi\u00adlen, k\u00e4\u00adbir res\u00admi\u00adna\u00adma\u00adla\u00adra hem gol \u00e7e\u00adker\u00adler.<\/p>\n","protected":false},"excerpt":{"rendered":"<p>\u015eu g\u00fcn g\u00fc\u00adn\u00fc\u0148 ikin\u00adji \u00fda\u00adry\u00admyn\u00adda Du\u00ad\u015fen\u00adbe \u015f\u00e4\u00adhe\u00adrin\u00add\u00e4\u00adki \u00abKas\u00adri Mil\u00adlat\u00bb k\u00f6\u015f\u00adg\u00fcn\u00adde Mer\u00adke\u00adzi Azi\u00ad\u00fda d\u00f6w\u00adlet\u00adle\u00adri\u00adni\u0148 Ba\u015f\u00adtu\u00adtan\u00adla\u00adry\u00adny\u0148 b\u00e4\u00ad\u015fin\u00adji kon\u00adsul\u00adta\u00adtiw du\u00ad\u015fu\u00ad\u015fy\u00adgy \u00f6z i\u015fi\u00adne ba\u015f\u00adla\u00addy. T\u00e4\u00adji\u00adgis\u00adta\u00adny\u0148 Pre\u00adzi\u00adden\u00adti Emo\u00adma\u00adli Rah\u00admo\u00adny\u0148 ba\u015f\u00adlyk\u00adlyk et\u00adme\u00adgin\u00adde ge\u00ad\u00e7i\u00adril\u00ad\u00fd\u00e4n sam\u00admi\u00adte gat\u00adna\u015f\u00admak \u00fc\u00e7in hor\u00admat\u00adly Pre\u00adzi\u00adden\u00adti\u00admiz Ser\u00addar Berdimuhamedow, Ga\u00adza\u00adgys\u00adta\u00adny\u0148 Pre\u00adzi\u00adden\u00adti Ka\u00adsym-\u017do\u00admart To\u00adka\u00ad\u00fdew, Gyr\u00adgy\u00adzys\u00adta\u00adny\u0148 Pre\u00adzi\u00adden\u00adti Sa\u00addyr \u017da\u00adpa\u00adrow, \u00d6z\u00adbe\u00adgis\u00adta\u00adny\u0148 Pre\u00adzi\u00adden\u00adti \u015eaw\u00adkat Mir\u00adzi\u00ad\u00fdo\u00ad\u00fdew hem-de hor\u00admat\u00adly myh\u00adman h\u00f6k\u00adm\u00fcn\u00adde Azer\u00adba\u00fd\u00adja\u00adny\u0148 Pre\u00adzi\u00adden\u00adti Il\u00adham Ali\u00ad\u00fdew t\u00e4\u00adjik [&hellip;]<\/p>\n","protected":false},"author":2,"featured_media":86904,"comment_status":"open","ping_status":"closed","sticky":false,"template":"","format":"standard","meta":{"footnotes":""},"categories":[3],"tags":[],"_links":{"self":[{"href":"https:\/\/zamanturkmenistan.com.tm\/index.php?rest_route=\/wp\/v2\/posts\/86903"}],"collection":[{"href":"https:\/\/zamanturkmenistan.com.tm\/index.php?rest_route=\/wp\/v2\/posts"}],"about":[{"href":"https:\/\/zamanturkmenistan.com.tm\/index.php?rest_route=\/wp\/v2\/types\/post"}],"author":[{"embeddable":true,"href":"https:\/\/zamanturkmenistan.com.tm\/index.php?rest_route=\/wp\/v2\/users\/2"}],"replies":[{"embeddable":true,"href":"https:\/\/zamanturkmenistan.com.tm\/index.php?rest_route=%2Fwp%2Fv2%2Fcomments&post=86903"}],"version-history":[{"count":1,"href":"https:\/\/zamanturkmenistan.com.tm\/index.php?rest_route=\/wp\/v2\/posts\/86903\/revisions"}],"predecessor-version":[{"id":86906,"href":"https:\/\/zamanturkmenistan.com.tm\/index.php?rest_route=\/wp\/v2\/posts\/86903\/revisions\/86906"}],"wp:featuredmedia":[{"embeddable":true,"href":"https:\/\/zamanturkmenistan.com.tm\/index.php?rest_route=\/wp\/v2\/media\/86904"}],"wp:attachment":[{"href":"https:\/\/zamanturkmenistan.com.tm\/index.php?rest_route=%2Fwp%2Fv2%2Fmedia&parent=86903"}],"wp:term":[{"taxonomy":"category","embeddable":true,"href":"https:\/\/zamanturkmenistan.com.tm\/index.php?rest_route=%2Fwp%2Fv2%2Fcategories&post=86903"},{"taxonomy":"post_tag","embeddable":true,"href":"https:\/\/zamanturkmenistan.com.tm\/index.php?rest_route=%2Fwp%2Fv2%2Ftags&post=86903"}],"curies":[{"name":"wp","href":"https:\/\/api.w.org\/{rel}","templated":true}]}}