{"id":87163,"date":"2023-09-18T10:51:45","date_gmt":"2023-09-18T05:51:45","guid":{"rendered":"https:\/\/zamanturkmenistan.com.tm\/?p=87163"},"modified":"2023-09-18T10:51:45","modified_gmt":"2023-09-18T05:51:45","slug":"turkmenistanyn-mejlisinin-wekiliyeti-seul-saherinde-gulluk-is-saparynda-bolar","status":"publish","type":"post","link":"https:\/\/zamanturkmenistan.com.tm\/?p=87163","title":{"rendered":"T\u00fcrkmenistany\u0148 Mejlisini\u0148 wekili\u00fdeti Seul \u015f\u00e4herinde gulluk i\u015f saparynda bolar"},"content":{"rendered":"<p>T\u00fcrk\u00adme\u00adnis\u00adta\u00adny\u0148 Pre\u00adzi\u00adden\u00adti Bu\u00fd\u00adru\u00adga gol \u00e7ek\u00addi. Res\u00admi\u00adna\u00adma la\u00ad\u00fdyk\u00adlyk\u00adda, Mer\u00adke\u00adzi Azi\u00ad\u00fda \u00fdurt\u00adla\u00adry\u00adny\u0148 we Ko\u00adre\u00ad\u00fda Res\u00adpub\u00adli\u00adka\u00adsy\u00adny\u0148 par\u00adla\u00admen\u00adta\u00adra fo\u00adru\u00admy\u00adna gat\u00adna\u015f\u00admak \u00fc\u00e7in T\u00fcrk\u00adme\u00adnis\u00adta\u00adny\u0148 Mej\u00adli\u00adsi\u00adni\u0148 Ba\u015f\u00adly\u00adgy D.Gul\u00adma\u00adno\u00adwa\u00adny\u0148 \u00fdol\u00adba\u015f\u00ad\u00e7y\u00adly\u00adgyn\u00adda\u00adky \u00fdur\u00addu\u00admy\u00adzy\u0148 Mej\u00adli\u00adsi\u00adni\u0148 we\u00adki\u00adli\u00ad\u00fde\u00adti\u00adne 2023-nji \u00fdy\u00adly\u0148 17\u201420-nji sent\u00ad\u00fdab\u00adry ara\u00adly\u00adgyn\u00adda Ko\u00adre\u00ad\u00fda Res\u00adpub\u00adli\u00adka\u00adsy\u00adny\u0148 Se\u00adul \u015f\u00e4\u00adhe\u00adri\u00adne gul\u00adluk i\u015f sa\u00adpa\u00adry\u00adna git\u00adm\u00e4\u00adge rug\u00adsat be\u00adril\u00addi.<br \/>\nM\u00e4\u00adlim bol\u00ad\u015fy \u00fda\u00adly, t\u00fcrk\u00admen hal\u00adky\u00adny\u0148 Mil\u00adli Li\u00adde\u00adri, T\u00fcrk\u00adme\u00adnis\u00adta\u00adny\u0148 Halk Mas\u00adla\u00adha\u00adty\u00adny\u0148 Ba\u015f\u00adly\u00adgy Gurbanguly Berdimuhamedowy\u0148 pa\u00adra\u00adsat\u00adly\u00adlyk bi\u00adlen \u00f6\u0148e s\u00fcr\u00ad\u00fd\u00e4n ta\u00adry\u00adhy ba\u015f\u00adlan\u00adgy\u00e7\u00adla\u00adry, \u00fdur\u00addu\u00admy\u00adzy\u0148 he\u00admi\u00ad\u015fe\u00adlik Bi\u00adta\u00adrap\u00adlyk hu\u00adkuk \u00fdag\u00adda\u00ad\u00fdy\u00adna da\u00ad\u00fda\u00adnyp alyp bar\u00ad\u00fdan il-\u00fdurt b\u00e4h\u00adbit\u00adli, umu\u00adma\u00addam\u00adzat \u00e4h\u00admi\u00ad\u00fdet\u00adli i\u015f\u00adle\u00adri hal\u00adka\u00adra jem\u00adgy\u00ad\u00fdet\u00ad\u00e7i\u00adli\u00adgi\u0148 gi\u0148 gol\u00adda\u00adwy\u00adna e\u00fde bol\u00ad\u00fdar.<br \/>\n\u00abMer\u00adke\u00adzi Azi\u00ad\u00fda \u2014 Ko\u00adre\u00ad\u00fda\u00bb g\u00f6r\u00adn\u00fc\u00ad\u015fin\u00add\u00e4\u00adki, \u015fe\u00fd\u00adle hem t\u00fcrk\u00admen-ko\u00adre\u00fd par\u00adla\u00admen\u00adta\u00adra gat\u00adna\u00ad\u015fyk\u00adla\u00adry\u00adny \u00f6s\u00add\u00fcr\u00admek, bu ugur\u00adda hal\u00adka\u00adra fo\u00adrum\u00adla\u00adry ge\u00ad\u00e7ir\u00admek ba\u00adra\u00adda\u00adky ba\u015f\u00adlan\u00adgy\u00e7\u00adlar hem, il\u00adkin\u00adji no\u00adbat\u00adda, t\u00fcrk\u00admen hal\u00adky\u00adny\u0148 Mil\u00adli Li\u00adde\u00adri, T\u00fcrk\u00adme\u00adnis\u00adta\u00adny\u0148 Halk Mas\u00adla\u00adha\u00adty\u00adny\u0148 Ba\u015f\u00adly\u00adgy Gah\u00adry\u00adman Ar\u00adka\u00adda\u00adgy\u00admy\u00adza de\u00adgi\u015f\u00adli\u00addir.<\/p>\n","protected":false},"excerpt":{"rendered":"<p>T\u00fcrk\u00adme\u00adnis\u00adta\u00adny\u0148 Pre\u00adzi\u00adden\u00adti Bu\u00fd\u00adru\u00adga gol \u00e7ek\u00addi. Res\u00admi\u00adna\u00adma la\u00ad\u00fdyk\u00adlyk\u00adda, Mer\u00adke\u00adzi Azi\u00ad\u00fda \u00fdurt\u00adla\u00adry\u00adny\u0148 we Ko\u00adre\u00ad\u00fda Res\u00adpub\u00adli\u00adka\u00adsy\u00adny\u0148 par\u00adla\u00admen\u00adta\u00adra fo\u00adru\u00admy\u00adna gat\u00adna\u015f\u00admak \u00fc\u00e7in T\u00fcrk\u00adme\u00adnis\u00adta\u00adny\u0148 Mej\u00adli\u00adsi\u00adni\u0148 Ba\u015f\u00adly\u00adgy D.Gul\u00adma\u00adno\u00adwa\u00adny\u0148 \u00fdol\u00adba\u015f\u00ad\u00e7y\u00adly\u00adgyn\u00adda\u00adky \u00fdur\u00addu\u00admy\u00adzy\u0148 Mej\u00adli\u00adsi\u00adni\u0148 we\u00adki\u00adli\u00ad\u00fde\u00adti\u00adne 2023-nji \u00fdy\u00adly\u0148 17\u201420-nji sent\u00ad\u00fdab\u00adry ara\u00adly\u00adgyn\u00adda Ko\u00adre\u00ad\u00fda Res\u00adpub\u00adli\u00adka\u00adsy\u00adny\u0148 Se\u00adul \u015f\u00e4\u00adhe\u00adri\u00adne gul\u00adluk i\u015f sa\u00adpa\u00adry\u00adna git\u00adm\u00e4\u00adge rug\u00adsat be\u00adril\u00addi. M\u00e4\u00adlim bol\u00ad\u015fy \u00fda\u00adly, t\u00fcrk\u00admen hal\u00adky\u00adny\u0148 Mil\u00adli Li\u00adde\u00adri, T\u00fcrk\u00adme\u00adnis\u00adta\u00adny\u0148 Halk Mas\u00adla\u00adha\u00adty\u00adny\u0148 Ba\u015f\u00adly\u00adgy Gurbanguly Berdimuhamedowy\u0148 pa\u00adra\u00adsat\u00adly\u00adlyk bi\u00adlen [&hellip;]<\/p>\n","protected":false},"author":2,"featured_media":87164,"comment_status":"open","ping_status":"closed","sticky":false,"template":"","format":"standard","meta":{"footnotes":""},"categories":[3],"tags":[],"acf":[],"_links":{"self":[{"href":"https:\/\/zamanturkmenistan.com.tm\/index.php?rest_route=\/wp\/v2\/posts\/87163"}],"collection":[{"href":"https:\/\/zamanturkmenistan.com.tm\/index.php?rest_route=\/wp\/v2\/posts"}],"about":[{"href":"https:\/\/zamanturkmenistan.com.tm\/index.php?rest_route=\/wp\/v2\/types\/post"}],"author":[{"embeddable":true,"href":"https:\/\/zamanturkmenistan.com.tm\/index.php?rest_route=\/wp\/v2\/users\/2"}],"replies":[{"embeddable":true,"href":"https:\/\/zamanturkmenistan.com.tm\/index.php?rest_route=%2Fwp%2Fv2%2Fcomments&post=87163"}],"version-history":[{"count":1,"href":"https:\/\/zamanturkmenistan.com.tm\/index.php?rest_route=\/wp\/v2\/posts\/87163\/revisions"}],"predecessor-version":[{"id":87165,"href":"https:\/\/zamanturkmenistan.com.tm\/index.php?rest_route=\/wp\/v2\/posts\/87163\/revisions\/87165"}],"wp:featuredmedia":[{"embeddable":true,"href":"https:\/\/zamanturkmenistan.com.tm\/index.php?rest_route=\/wp\/v2\/media\/87164"}],"wp:attachment":[{"href":"https:\/\/zamanturkmenistan.com.tm\/index.php?rest_route=%2Fwp%2Fv2%2Fmedia&parent=87163"}],"wp:term":[{"taxonomy":"category","embeddable":true,"href":"https:\/\/zamanturkmenistan.com.tm\/index.php?rest_route=%2Fwp%2Fv2%2Fcategories&post=87163"},{"taxonomy":"post_tag","embeddable":true,"href":"https:\/\/zamanturkmenistan.com.tm\/index.php?rest_route=%2Fwp%2Fv2%2Ftags&post=87163"}],"curies":[{"name":"wp","href":"https:\/\/api.w.org\/{rel}","templated":true}]}}