{"id":87166,"date":"2023-09-18T10:52:59","date_gmt":"2023-09-18T05:52:59","guid":{"rendered":"https:\/\/zamanturkmenistan.com.tm\/?p=87166"},"modified":"2023-09-18T10:52:59","modified_gmt":"2023-09-18T05:52:59","slug":"arkadag-saherinde-kinofestiwal-geciriler","status":"publish","type":"post","link":"https:\/\/zamanturkmenistan.com.tm\/?p=87166","title":{"rendered":"Arkadag \u015f\u00e4herinde kinofestiwal ge\u00e7iriler"},"content":{"rendered":"<p>Ar\u00adka\u00addag \u015f\u00e4\u00adhe\u00adrin\u00adde Mer\u00adke\u00adzi Azi\u00ad\u00fda d\u00f6w\u00adlet\u00adle\u00adri\u00adni\u0148 we\u00adkil\u00adle\u00adri\u00adni\u0148 gat\u00adna\u015f\u00adma\u00adgyn\u00adda \u00abAr\u00adka\u00adda\u00adgy\u0148 s\u00e4\u00adhe\u00adri\u00bb at\u00adly ki\u00adno\u00adfes\u00adti\u00adwa\u00adly ge\u00ad\u00e7ir\u00adm\u00e4\u00adge ta\u00fd\u00ad\u00fdar\u00adlyk g\u00f6\u00adr\u00fcl\u00ad\u00fd\u00e4r.<\/p>\n<p>Hor\u00admat\u00adly Pre\u00adzi\u00adden\u00adti\u00admi\u00adzi\u0148 ama\u00adla a\u015fyr\u00ad\u00fdan d\u00f6\u00adre\u00addi\u00adji\u00adlik\u00adli sy\u00ad\u00fda\u00adsa\u00adty ne\u00adti\u00adje\u00adsin\u00adde \u00fdur\u00addu\u00admyz\u00adda ki\u00adne\u00adma\u00adtog\u00adra\u00adfi\u00ad\u00fda i\u015fi\u00adni\u0148 k\u00e4\u00admil\u00adle\u015f\u00addi\u00adril\u00adme\u00adgi, t\u00e4\u00adze film\u00adle\u00adri\u0148 d\u00f6\u00adre\u00addil\u00adme\u00adgi we k\u00f6p\u00ad\u00e7\u00fc\u00adli\u00adge g\u00f6r\u00adke\u00adzil\u00adme\u00adgi, bu ugur\u00adda d\u00fcr\u00adli \u00e7\u00e4\u00adre\u00adle\u00adri\u0148 gu\u00adral\u00adma\u00adgy, T\u00fcrk\u00adme\u00adnis\u00adta\u00adny\u0148 we\u00adkil\u00adle\u00adri\u00adni\u0148 hal\u00adka\u00adra ki\u00adno\u00adfes\u00adti\u00adwal\u00adla\u00adra gat\u00adna\u015f\u00adma\u00adgy \u00fc\u00e7in gi\u0148 m\u00fcm\u00adkin\u00ad\u00e7i\u00adlik\u00adler d\u00f6\u00adre\u00addil\u00ad\u00fd\u00e4r.<br \/>\n\u015eu \u00fdy\u00adly\u0148 14-15-nji okt\u00ad\u00fdab\u00adryn\u00adda ge\u00ad\u00e7i\u00adril\u00adme\u00adgi me\u00ad\u00fdil\u00adle\u015f\u00addi\u00adril\u00ad\u00fd\u00e4n ki\u00adno\u00adfes\u00adti\u00adwa\u00adly\u0148 esa\u00adsy mak\u00adsa\u00addy \u00fda\u015f ze\u00adhin\u00adle\u00adri \u00fd\u00fc\u00adze \u00e7y\u00adkar\u00admak\u00addan, t\u00fcrk\u00admen ki\u00adno sun\u00adga\u00adty\u00adny \u00f6s\u00add\u00fcr\u00admek\u00adden, \u00f6s\u00fcp gel\u00ad\u00fd\u00e4n \u00fda\u015f nes\u00adli wa\u00adtan\u00ad\u00e7y\u00adlyk ru\u00adhun\u00adda ter\u00adbi\u00ad\u00fde\u00adle\u00admek\u00adden, d\u00fcn\u00ad\u00fd\u00e4 jem\u00adgy\u00ad\u00fdet\u00ad\u00e7i\u00adli\u00adgi\u00adni san\u00adly ul\u00adga\u00admy\u0148 m\u00fcm\u00adkin\u00ad\u00e7i\u00adlik\u00adle\u00adri we i\u0148 h\u00e4\u00adzir\u00adki za\u00adman teh\u00adno\u00adlo\u00adgi\u00ad\u00fda\u00adlar or\u00adna\u015f\u00addy\u00adry\u00adlan Ar\u00adka\u00addag \u015f\u00e4\u00adhe\u00adri bi\u00adlen ta\u00adny\u015f\u00addyr\u00admak\u00addan, da\u00ad\u015fa\u00adry \u00fdurt\u00adly hyz\u00admat\u00adda\u015f\u00adlar bi\u00adlen ne\u00adti\u00adje\u00adli gat\u00adna\u00ad\u015fyk\u00adla\u00adry \u00f6s\u00add\u00fcr\u00admek\u00adden yba\u00adrat\u00addyr.<br \/>\nBu ba\u00adra\u00adda 16-njy sent\u00ad\u00fdabr\u00adda ge\u00ad\u00e7i\u00adri\u00adlen san\u00adly ul\u00adgam ar\u00adka\u00adly Mi\u00adnistr\u00adler Ka\u00adbi\u00adne\u00adti\u00adni\u0148 mej\u00adli\u00adsin\u00adde Mi\u00adnistr\u00adler Ka\u00adbi\u00adne\u00adti\u00adni\u0148 Ba\u015f\u00adly\u00adgy\u00adny\u0148 orun\u00adba\u00adsa\u00adry M.M\u00e4m\u00adme\u00addo\u00adwa ha\u00adsa\u00adbat ber\u00addi.<\/p>\n","protected":false},"excerpt":{"rendered":"<p>Ar\u00adka\u00addag \u015f\u00e4\u00adhe\u00adrin\u00adde Mer\u00adke\u00adzi Azi\u00ad\u00fda d\u00f6w\u00adlet\u00adle\u00adri\u00adni\u0148 we\u00adkil\u00adle\u00adri\u00adni\u0148 gat\u00adna\u015f\u00adma\u00adgyn\u00adda \u00abAr\u00adka\u00adda\u00adgy\u0148 s\u00e4\u00adhe\u00adri\u00bb at\u00adly ki\u00adno\u00adfes\u00adti\u00adwa\u00adly ge\u00ad\u00e7ir\u00adm\u00e4\u00adge ta\u00fd\u00ad\u00fdar\u00adlyk g\u00f6\u00adr\u00fcl\u00ad\u00fd\u00e4r. Hor\u00admat\u00adly Pre\u00adzi\u00adden\u00adti\u00admi\u00adzi\u0148 ama\u00adla a\u015fyr\u00ad\u00fdan d\u00f6\u00adre\u00addi\u00adji\u00adlik\u00adli sy\u00ad\u00fda\u00adsa\u00adty ne\u00adti\u00adje\u00adsin\u00adde \u00fdur\u00addu\u00admyz\u00adda ki\u00adne\u00adma\u00adtog\u00adra\u00adfi\u00ad\u00fda i\u015fi\u00adni\u0148 k\u00e4\u00admil\u00adle\u015f\u00addi\u00adril\u00adme\u00adgi, t\u00e4\u00adze film\u00adle\u00adri\u0148 d\u00f6\u00adre\u00addil\u00adme\u00adgi we k\u00f6p\u00ad\u00e7\u00fc\u00adli\u00adge g\u00f6r\u00adke\u00adzil\u00adme\u00adgi, bu ugur\u00adda d\u00fcr\u00adli \u00e7\u00e4\u00adre\u00adle\u00adri\u0148 gu\u00adral\u00adma\u00adgy, T\u00fcrk\u00adme\u00adnis\u00adta\u00adny\u0148 we\u00adkil\u00adle\u00adri\u00adni\u0148 hal\u00adka\u00adra ki\u00adno\u00adfes\u00adti\u00adwal\u00adla\u00adra gat\u00adna\u015f\u00adma\u00adgy \u00fc\u00e7in gi\u0148 m\u00fcm\u00adkin\u00ad\u00e7i\u00adlik\u00adler d\u00f6\u00adre\u00addil\u00ad\u00fd\u00e4r. \u015eu \u00fdy\u00adly\u0148 14-15-nji okt\u00ad\u00fdab\u00adryn\u00adda ge\u00ad\u00e7i\u00adril\u00adme\u00adgi me\u00ad\u00fdil\u00adle\u015f\u00addi\u00adril\u00ad\u00fd\u00e4n ki\u00adno\u00adfes\u00adti\u00adwa\u00adly\u0148 esa\u00adsy mak\u00adsa\u00addy \u00fda\u015f [&hellip;]<\/p>\n","protected":false},"author":2,"featured_media":82656,"comment_status":"open","ping_status":"closed","sticky":false,"template":"","format":"standard","meta":{"footnotes":""},"categories":[3],"tags":[],"acf":[],"_links":{"self":[{"href":"https:\/\/zamanturkmenistan.com.tm\/index.php?rest_route=\/wp\/v2\/posts\/87166"}],"collection":[{"href":"https:\/\/zamanturkmenistan.com.tm\/index.php?rest_route=\/wp\/v2\/posts"}],"about":[{"href":"https:\/\/zamanturkmenistan.com.tm\/index.php?rest_route=\/wp\/v2\/types\/post"}],"author":[{"embeddable":true,"href":"https:\/\/zamanturkmenistan.com.tm\/index.php?rest_route=\/wp\/v2\/users\/2"}],"replies":[{"embeddable":true,"href":"https:\/\/zamanturkmenistan.com.tm\/index.php?rest_route=%2Fwp%2Fv2%2Fcomments&post=87166"}],"version-history":[{"count":1,"href":"https:\/\/zamanturkmenistan.com.tm\/index.php?rest_route=\/wp\/v2\/posts\/87166\/revisions"}],"predecessor-version":[{"id":87167,"href":"https:\/\/zamanturkmenistan.com.tm\/index.php?rest_route=\/wp\/v2\/posts\/87166\/revisions\/87167"}],"wp:featuredmedia":[{"embeddable":true,"href":"https:\/\/zamanturkmenistan.com.tm\/index.php?rest_route=\/wp\/v2\/media\/82656"}],"wp:attachment":[{"href":"https:\/\/zamanturkmenistan.com.tm\/index.php?rest_route=%2Fwp%2Fv2%2Fmedia&parent=87166"}],"wp:term":[{"taxonomy":"category","embeddable":true,"href":"https:\/\/zamanturkmenistan.com.tm\/index.php?rest_route=%2Fwp%2Fv2%2Fcategories&post=87166"},{"taxonomy":"post_tag","embeddable":true,"href":"https:\/\/zamanturkmenistan.com.tm\/index.php?rest_route=%2Fwp%2Fv2%2Ftags&post=87166"}],"curies":[{"name":"wp","href":"https:\/\/api.w.org\/{rel}","templated":true}]}}