{"id":87352,"date":"2023-09-20T10:22:26","date_gmt":"2023-09-20T05:22:26","guid":{"rendered":"https:\/\/zamanturkmenistan.com.tm\/?p=87352"},"modified":"2023-09-20T10:54:39","modified_gmt":"2023-09-20T05:54:39","slug":"turkmenistanyn-prezidenti-bmg-nin-bas-assambleyasynda-magtymgulynyn-gosgusyny-okady","status":"publish","type":"post","link":"https:\/\/zamanturkmenistan.com.tm\/?p=87352","title":{"rendered":"T\u00fcrkmenistany\u0148 Prezidenti BMG-ni\u0148 Ba\u015f Assamble\u00fdasynda Magtymgulyny\u0148 go\u015fgusyny okady"},"content":{"rendered":"<p>Hor\u00admat\u00adly Pre\u00adzi\u00adden\u00adti\u00admiz Ser\u00addar Berdimuhamedow N\u00fdu-\u00ddork \u015f\u00e4\u00adhe\u00adrin\u00adde Bir\u00adle\u00ad\u015fen Mil\u00adlet\u00adler Gu\u00adra\u00adma\u00adsy\u00adny\u0148 Ba\u015f As\u00adsamb\u00adle\u00ad\u00fda\u00adsy\u00adny\u0148 78-nji mej\u00adli\u00adsin\u00adde t\u00fcrk\u00admen we d\u00fcn\u00ad\u00fd\u00e4 ede\u00adbi\u00ad\u00fda\u00adty\u00adny\u0148 nus\u00adga\u00adwy \u015fa\u00adhy\u00adry Mag\u00adtym\u00adgu\u00adly Py\u00adra\u00adgy\u00adny\u0148 go\u015f\u00adgu\u00adsy\u00adny oka\u00addy.<br \/>\n\u00abGel\u00adjek \u00fdyl T\u00fcrk\u00adme\u00adnis\u00adtan\u00adda we onu\u0148 \u00e7\u00e4k\u00adle\u00adrin\u00adden da\u00ad\u015far\u00adda, \u015fol san\u00adda Bir\u00adle\u00ad\u015fen Mil\u00adlet\u00adler Gu\u00adra\u00adma\u00adsyn\u00adda t\u00fcrk\u00admen hal\u00adky\u00adny\u0148 g\u00f6r\u00adn\u00fck\u00adli og\u00adly, akyl\u00addar \u015fa\u00adhyr, fi\u00adlo\u00adsof Mag\u00adtym\u00adgu\u00adly Py\u00adra\u00adgy\u00adny\u0148 dog\u00adlan g\u00fc\u00adn\u00fc\u00adni\u0148 300 \u00fdyl\u00adly\u00adgy gi\u0148\u00adden bel\u00adle\u00adner\u00bb \u2013 di\u00ad\u00fdip, Ar\u00adka\u00addag\u00adly Ser\u00adda\u00adry\u00admyz a\u00fdt\u00addy.<br \/>\nD\u00f6w\u00adlet Ba\u015f\u00adtu\u00adta\u00adny\u00admy\u00adzy\u0148 bel\u00adle\u00fd\u00ad\u015fi \u00fda\u00adly, \u00e4h\u00adli me\u00adde\u00adni\u00ad\u00fdet\u00adli adam\u00adzat di\u00ad\u0148e bir d\u00fcn\u00ad\u00fd\u00e4 ede\u00adbi\u00ad\u00fda\u00adty\u00adna d\u00e4l-de, e\u00fd\u00adsem tu\u00adtu\u015f G\u00fcn\u00addo\u00adga\u00adry\u0148, b\u00fc\u00adtin d\u00fcn\u00ad\u00fd\u00e4\u00adni\u0148 me\u00adde\u00adni \u00f6s\u00fc\u00ad\u015fi\u00adne \u00f6r\u00e4n uly \u00f6z\u00adbo\u00adlu\u015f\u00adly go\u00ad\u015fant go\u00ad\u015fan be\u00ad\u00fdik yn\u00adsan\u00adper\u00adwer \u015fa\u00adhy\u00adry \u00fdat\u00adla\u00ad\u00fdar we o\u0148a hor\u00admat go\u00fd\u00ad\u00fdar.<br \/>\n\u00abMen \u00f6z \u00e7y\u00adky\u00ad\u015fy\u00admy Mag\u00adtym\u00adgu\u00adly\u00adny\u0148 \u00abAdam\u00adzat\u00bb at\u00adly go\u015f\u00adgu\u00adsy\u00adny\u0148 \u015fu s\u00f6z\u00adle\u00adri bi\u00adlen ta\u00admam\u00adla\u00admak is\u00adle\u00ad\u00fd\u00e4\u00adrin. Bu go\u015f\u00adgu\u00adda \u015fa\u00adhyr d\u00f6\u00adw\u00fcr\u00adde\u015f\u00adle\u00adri\u00adne we gel\u00adjek\u00adki ne\u00adsil\u00adle\u00adre \u00f6r\u00e4n t\u00e4\u00adsir\u00adli \u015fe\u00fd\u00adle se\u00adtir\u00adler bi\u00adlen \u00fd\u00fcz\u00adlen\u00ad\u00fd\u00e4r:<br \/>\n<strong><em>\u00ab\u00ddat\u00adsa-tur\u00adsa hy\u00ad\u00fda\u00adlyn\u00addan \u00e7y\u00adkar\u00admaz,<\/em><\/strong><br \/>\n<strong><em>Ka\u00fd\u00adsy i\u015fe ma\u00ad\u00fdyl bol\u00adsa adam\u00adzat\u00bb \u2013<\/em><\/strong><br \/>\ndi\u00ad\u00fdip, hor\u00admat\u00adly Pre\u00adzi\u00adden\u00adti\u00admiz \u015fa\u00adhy\u00adry\u0148 go\u015f\u00adgu\u00adsy\u00adny oka\u00addy.<br \/>\n\u00abGo\u00fd, d\u00f6\u00adre\u00addi\u00adji\u00adlik\u00adli o\u00fd-pi\u00adkir\u00adle\u00adre, pa\u00adra\u00adhat\u00ad\u00e7y\u00adlyk, ada\u00adlat\u00adly\u00adlyk hem-de \u00f6s\u00fc\u015f ideal\u00adla\u00adry\u00adna we\u00adpa\u00adly\u00adlyk bi\u00adzi\u0148 bi\u00adle\u00adlik\u00add\u00e4\u00adki i\u015fi\u00admiz\u00adde esa\u00adsy we a\u00fd\u00addy\u0148 \u00fd\u00f6\u00adrel\u00adge bo\u00adlup hyz\u00admat et\u00adsin\u00bb \u2013 di\u00ad\u00fdip, d\u00f6w\u00adlet Ba\u015f\u00adtu\u00adta\u00adny\u00admyz ar\u00adzuw et\u00addi.<\/p>\n","protected":false},"excerpt":{"rendered":"<p>Hor\u00admat\u00adly Pre\u00adzi\u00adden\u00adti\u00admiz Ser\u00addar Berdimuhamedow N\u00fdu-\u00ddork \u015f\u00e4\u00adhe\u00adrin\u00adde Bir\u00adle\u00ad\u015fen Mil\u00adlet\u00adler Gu\u00adra\u00adma\u00adsy\u00adny\u0148 Ba\u015f As\u00adsamb\u00adle\u00ad\u00fda\u00adsy\u00adny\u0148 78-nji mej\u00adli\u00adsin\u00adde t\u00fcrk\u00admen we d\u00fcn\u00ad\u00fd\u00e4 ede\u00adbi\u00ad\u00fda\u00adty\u00adny\u0148 nus\u00adga\u00adwy \u015fa\u00adhy\u00adry Mag\u00adtym\u00adgu\u00adly Py\u00adra\u00adgy\u00adny\u0148 go\u015f\u00adgu\u00adsy\u00adny oka\u00addy. \u00abGel\u00adjek \u00fdyl T\u00fcrk\u00adme\u00adnis\u00adtan\u00adda we onu\u0148 \u00e7\u00e4k\u00adle\u00adrin\u00adden da\u00ad\u015far\u00adda, \u015fol san\u00adda Bir\u00adle\u00ad\u015fen Mil\u00adlet\u00adler Gu\u00adra\u00adma\u00adsyn\u00adda t\u00fcrk\u00admen hal\u00adky\u00adny\u0148 g\u00f6r\u00adn\u00fck\u00adli og\u00adly, akyl\u00addar \u015fa\u00adhyr, fi\u00adlo\u00adsof Mag\u00adtym\u00adgu\u00adly Py\u00adra\u00adgy\u00adny\u0148 dog\u00adlan g\u00fc\u00adn\u00fc\u00adni\u0148 300 \u00fdyl\u00adly\u00adgy gi\u0148\u00adden bel\u00adle\u00adner\u00bb \u2013 di\u00ad\u00fdip, Ar\u00adka\u00addag\u00adly Ser\u00adda\u00adry\u00admyz a\u00fdt\u00addy. [&hellip;]<\/p>\n","protected":false},"author":2,"featured_media":85293,"comment_status":"open","ping_status":"closed","sticky":false,"template":"","format":"standard","meta":{"footnotes":""},"categories":[3],"tags":[],"acf":[],"_links":{"self":[{"href":"https:\/\/zamanturkmenistan.com.tm\/index.php?rest_route=\/wp\/v2\/posts\/87352"}],"collection":[{"href":"https:\/\/zamanturkmenistan.com.tm\/index.php?rest_route=\/wp\/v2\/posts"}],"about":[{"href":"https:\/\/zamanturkmenistan.com.tm\/index.php?rest_route=\/wp\/v2\/types\/post"}],"author":[{"embeddable":true,"href":"https:\/\/zamanturkmenistan.com.tm\/index.php?rest_route=\/wp\/v2\/users\/2"}],"replies":[{"embeddable":true,"href":"https:\/\/zamanturkmenistan.com.tm\/index.php?rest_route=%2Fwp%2Fv2%2Fcomments&post=87352"}],"version-history":[{"count":2,"href":"https:\/\/zamanturkmenistan.com.tm\/index.php?rest_route=\/wp\/v2\/posts\/87352\/revisions"}],"predecessor-version":[{"id":87373,"href":"https:\/\/zamanturkmenistan.com.tm\/index.php?rest_route=\/wp\/v2\/posts\/87352\/revisions\/87373"}],"wp:featuredmedia":[{"embeddable":true,"href":"https:\/\/zamanturkmenistan.com.tm\/index.php?rest_route=\/wp\/v2\/media\/85293"}],"wp:attachment":[{"href":"https:\/\/zamanturkmenistan.com.tm\/index.php?rest_route=%2Fwp%2Fv2%2Fmedia&parent=87352"}],"wp:term":[{"taxonomy":"category","embeddable":true,"href":"https:\/\/zamanturkmenistan.com.tm\/index.php?rest_route=%2Fwp%2Fv2%2Fcategories&post=87352"},{"taxonomy":"post_tag","embeddable":true,"href":"https:\/\/zamanturkmenistan.com.tm\/index.php?rest_route=%2Fwp%2Fv2%2Ftags&post=87352"}],"curies":[{"name":"wp","href":"https:\/\/api.w.org\/{rel}","templated":true}]}}