{"id":87395,"date":"2023-09-20T13:47:51","date_gmt":"2023-09-20T08:47:51","guid":{"rendered":"https:\/\/zamanturkmenistan.com.tm\/?p=87395"},"modified":"2023-09-20T13:47:51","modified_gmt":"2023-09-20T08:47:51","slug":"magellanyn-yerin-dasyndan-aylanmak-ucin-syyahaty-baslandy","status":"publish","type":"post","link":"https:\/\/zamanturkmenistan.com.tm\/?p=87395","title":{"rendered":"Ma\u00adgel\u00adlany\u0148 \u00dde\u00adri\u0148 da\u00ad\u015fyn\u00addan a\u00fd\u00adlan\u00admak \u00fc\u00e7in sy\u00fdahaty ba\u015flandy"},"content":{"rendered":"<p>1519-njy \u00fdy\u00adly\u0148 20-nji sent\u00ad\u00fdab\u00adryn\u00adda bel\u00adli de\u00ad\u0148iz sy\u00ad\u00fda\u00adhat\u00ad\u00e7y\u00adsy Fer\u00adnan Ma\u00adgel\u00adlan 5 g\u00e4\u00admi\u00adli flo\u00adta \u00fdol\u00adba\u015f\u00ad\u00e7y\u00adlyk edip, \u00dde\u00adri\u0148 da\u00ad\u015fyn\u00addan a\u00fd\u00adlan\u00admak \u00fc\u00e7in \u00fdol \u00fdyk\u00addy. Onu\u0148 \u00fdol\u00adba\u015f\u00ad\u00e7y\u00adlyk ed\u00ad\u00fd\u00e4n flo\u00adtyn\u00adda je\u00admi 270 adam bo\u00adlup, bu sy\u00ad\u00fda\u00adha\u00adty \u015fow\u00adly ta\u00admam\u00adlan\u00addy. \u015ee\u00fd\u00adle\u00adlik\u00adde, Is\u00adpan pa\u00adty\u00ad\u015fa\u00adly\u00adgy\u00adny\u0148 gol\u00adda\u00adwy bi\u00adlen ama\u00adla a\u015fy\u00adry\u00adlan bu sy\u00ad\u00fda\u00adhat\u00adda Ma\u00adgel\u00adlan hem-de onu\u0148 ka\u00adpi\u00adtan dos\u00adty Hu\u00adan Se\u00adbast\u00ad\u00fdan El\u00adka\u00adno \u00dde\u00adri\u0148 da\u00ad\u015fyn\u00addan a\u00fd\u00adla\u00adnan il\u00adkin\u00adji adam\u00adlar bol\u00addu\u00adlar. 1519-njy \u00fdyl\u00adda ba\u00adlan sy\u00ad\u00fda\u00adhat 1522-nji \u00fdyl\u00adda ta\u00admam\u00adla\u00adnyp, olar sy\u00ad\u00fda\u00adha\u00adty\u00adny\u0148 do\u00adwa\u00admyn\u00adda At\u00adlan\u00adtik, \u00ddu\u00adwa\u015f we Hin\u00addi um\u00adman\u00adla\u00adryn\u00addan ge\u00e7\u00addi.<\/p>\n","protected":false},"excerpt":{"rendered":"<p>1519-njy \u00fdy\u00adly\u0148 20-nji sent\u00ad\u00fdab\u00adryn\u00adda bel\u00adli de\u00ad\u0148iz sy\u00ad\u00fda\u00adhat\u00ad\u00e7y\u00adsy Fer\u00adnan Ma\u00adgel\u00adlan 5 g\u00e4\u00admi\u00adli flo\u00adta \u00fdol\u00adba\u015f\u00ad\u00e7y\u00adlyk edip, \u00dde\u00adri\u0148 da\u00ad\u015fyn\u00addan a\u00fd\u00adlan\u00admak \u00fc\u00e7in \u00fdol \u00fdyk\u00addy. Onu\u0148 \u00fdol\u00adba\u015f\u00ad\u00e7y\u00adlyk ed\u00ad\u00fd\u00e4n flo\u00adtyn\u00adda je\u00admi 270 adam bo\u00adlup, bu sy\u00ad\u00fda\u00adha\u00adty \u015fow\u00adly ta\u00admam\u00adlan\u00addy. \u015ee\u00fd\u00adle\u00adlik\u00adde, Is\u00adpan pa\u00adty\u00ad\u015fa\u00adly\u00adgy\u00adny\u0148 gol\u00adda\u00adwy bi\u00adlen ama\u00adla a\u015fy\u00adry\u00adlan bu sy\u00ad\u00fda\u00adhat\u00adda Ma\u00adgel\u00adlan hem-de onu\u0148 ka\u00adpi\u00adtan dos\u00adty Hu\u00adan Se\u00adbast\u00ad\u00fdan El\u00adka\u00adno \u00dde\u00adri\u0148 da\u00ad\u015fyn\u00addan a\u00fd\u00adla\u00adnan il\u00adkin\u00adji adam\u00adlar bol\u00addu\u00adlar. [&hellip;]<\/p>\n","protected":false},"author":2,"featured_media":87396,"comment_status":"open","ping_status":"closed","sticky":false,"template":"","format":"standard","meta":{"footnotes":""},"categories":[402],"tags":[],"acf":[],"_links":{"self":[{"href":"https:\/\/zamanturkmenistan.com.tm\/index.php?rest_route=\/wp\/v2\/posts\/87395"}],"collection":[{"href":"https:\/\/zamanturkmenistan.com.tm\/index.php?rest_route=\/wp\/v2\/posts"}],"about":[{"href":"https:\/\/zamanturkmenistan.com.tm\/index.php?rest_route=\/wp\/v2\/types\/post"}],"author":[{"embeddable":true,"href":"https:\/\/zamanturkmenistan.com.tm\/index.php?rest_route=\/wp\/v2\/users\/2"}],"replies":[{"embeddable":true,"href":"https:\/\/zamanturkmenistan.com.tm\/index.php?rest_route=%2Fwp%2Fv2%2Fcomments&post=87395"}],"version-history":[{"count":1,"href":"https:\/\/zamanturkmenistan.com.tm\/index.php?rest_route=\/wp\/v2\/posts\/87395\/revisions"}],"predecessor-version":[{"id":87397,"href":"https:\/\/zamanturkmenistan.com.tm\/index.php?rest_route=\/wp\/v2\/posts\/87395\/revisions\/87397"}],"wp:featuredmedia":[{"embeddable":true,"href":"https:\/\/zamanturkmenistan.com.tm\/index.php?rest_route=\/wp\/v2\/media\/87396"}],"wp:attachment":[{"href":"https:\/\/zamanturkmenistan.com.tm\/index.php?rest_route=%2Fwp%2Fv2%2Fmedia&parent=87395"}],"wp:term":[{"taxonomy":"category","embeddable":true,"href":"https:\/\/zamanturkmenistan.com.tm\/index.php?rest_route=%2Fwp%2Fv2%2Fcategories&post=87395"},{"taxonomy":"post_tag","embeddable":true,"href":"https:\/\/zamanturkmenistan.com.tm\/index.php?rest_route=%2Fwp%2Fv2%2Ftags&post=87395"}],"curies":[{"name":"wp","href":"https:\/\/api.w.org\/{rel}","templated":true}]}}