{"id":87404,"date":"2023-09-20T17:54:31","date_gmt":"2023-09-20T12:54:31","guid":{"rendered":"https:\/\/zamanturkmenistan.com.tm\/?p=87404"},"modified":"2023-09-21T11:27:34","modified_gmt":"2023-09-21T06:27:34","slug":"asgabatda-turkmenistanyn-ykdysady-ustunliklerinin-sergisi-acyldy","status":"publish","type":"post","link":"https:\/\/zamanturkmenistan.com.tm\/?p=87404","title":{"rendered":"A\u015fgabatda T\u00fcrkmenistany\u0148 ykdysady \u00fcst\u00fcnliklerini\u0148 sergisi a\u00e7yldy"},"content":{"rendered":"<p>\u015eu g\u00fcn A\u015f\u00adga\u00adbat\u00adda T\u00fcrk\u00adme\u00adnis\u00adta\u00adny\u0148 S\u00f6w\u00adda-se\u00adna\u00adgat pa\u00adla\u00adta\u00adsy\u00adny\u0148 Ser\u00adgi mer\u00adke\u00adzin\u00adde \u00fdur\u00addu\u0148 Ga\u00adra\u015f\u00adsyz\u00adly\u00adgy\u00adny\u0148 32 \u00fdyl\u00adly\u00adgy\u00adna ba\u00adgy\u015f\u00adla\u00adnan T\u00fcrk\u00adme\u00adnis\u00adta\u00adny\u0148 yk\u00addy\u00adsa\u00addy \u00fcs\u00adt\u00fcn\u00adlik\u00adle\u00adri\u00adni\u0148 ser\u00adgi\u00adsi a\u00e7yl\u00addy. A\u00e7y\u00adly\u015f da\u00adba\u00adra\u00adsyn\u00adda hor\u00admat\u00adly Pre\u00adzi\u00adden\u00adti\u00admi\u00adzi\u0148 ser\u00adg\u00e4 gat\u00adna\u00ad\u015fy\u00adjy\u00adla\u00adra ibe\u00adren Gut\u00adla\u00adgy okal\u00addy.<br \/>\nGut\u00adlag\u00adda &#8211; Bu gi\u0148 m\u00f6\u00e7\u00adber\u00adli ser\u00adgi\u00adni\u0148 ber\u00adka\u00adrar Wa\u00adta\u00adny\u00admy\u00adzy\u0148 ga\u00adza\u00adnan \u00fcs\u00adt\u00fcn\u00adlik\u00adle\u00adri\u00adni, \u00fde\u00adten be\u00adlent sep\u00adgit\u00adle\u00adri\u00adni be\u00ad\u00fdan edip, gel\u00adjek\u00adki \u00f6s\u00fc\u015f\u00adle\u00adri\u00admi\u00adzi\u0148 ba\u00addal\u00adga\u00adsy\u00adna \u00f6w\u00adr\u00fcl\u00adjek ba\u015f\u00adlan\u00adgy\u00e7\u00adla\u00adry, t\u00e4\u00adze tas\u00adla\u00adma\u00adla\u00adry iler\u00adlet\u00admek\u00adde uly \u00e4h\u00admi\u00ad\u00fde\u00adte e\u00fde bol\u00adjak\u00addy\u00adgy\u00adna berk ynan\u00ad\u00fda\u00adryn \u2013 di\u00ad\u00fdip bel\u00adle\u00adnil\u00ad\u00fd\u00e4r.<\/p>\n<p><img decoding=\"async\" loading=\"lazy\" class=\"aligncenter wp-image-87408 size-large\" src=\"https:\/\/zamanturkmenistan.com.tm\/wp-content\/uploads\/2023\/09\/garashsyzlyk-32-yyllyk-sergi-5X2A5896-1024x610.jpg\" alt=\"\" width=\"696\" height=\"415\" srcset=\"https:\/\/zamanturkmenistan.com.tm\/wp-content\/uploads\/2023\/09\/garashsyzlyk-32-yyllyk-sergi-5X2A5896-1024x610.jpg 1024w, https:\/\/zamanturkmenistan.com.tm\/wp-content\/uploads\/2023\/09\/garashsyzlyk-32-yyllyk-sergi-5X2A5896-300x179.jpg 300w, https:\/\/zamanturkmenistan.com.tm\/wp-content\/uploads\/2023\/09\/garashsyzlyk-32-yyllyk-sergi-5X2A5896-768x458.jpg 768w, https:\/\/zamanturkmenistan.com.tm\/wp-content\/uploads\/2023\/09\/garashsyzlyk-32-yyllyk-sergi-5X2A5896-696x415.jpg 696w, https:\/\/zamanturkmenistan.com.tm\/wp-content\/uploads\/2023\/09\/garashsyzlyk-32-yyllyk-sergi-5X2A5896-1068x636.jpg 1068w, https:\/\/zamanturkmenistan.com.tm\/wp-content\/uploads\/2023\/09\/garashsyzlyk-32-yyllyk-sergi-5X2A5896-705x420.jpg 705w, https:\/\/zamanturkmenistan.com.tm\/wp-content\/uploads\/2023\/09\/garashsyzlyk-32-yyllyk-sergi-5X2A5896.jpg 1200w\" sizes=\"(max-width: 696px) 100vw, 696px\" \/><br \/>\nSer\u00adgi\u00adde \u00fdur\u00addu\u00admy\u00adzy\u0148 d\u00f6w\u00adle\u00adte de\u00adgi\u015f\u00adli we hu\u00adsu\u00adsy k\u00e4r\u00adha\u00adna\u00adla\u00adry\u00adny\u0148 on\u00adlar\u00ad\u00e7a\u00adsy gat\u00adna\u00ad\u015fyp, \u00f6z\u00adle\u00adri\u00adni\u0148 d\u00fcr\u00adli ha\u00adryt\u00adlar\u00addyr hyz\u00admat\u00adla\u00adry\u00adny, \u015fol san\u00adda t\u00e4\u00adze \u00f6n\u00fcm\u00adle\u00adri\u00adni g\u00f6r\u00adkez\u00ad\u00fd\u00e4r. Ser\u00adgi \u00f6z biz\u00adne\u00adsi\u00adni k\u00e4\u00admil\u00adle\u015f\u00addir\u00admek is\u00adle\u00ad\u00fd\u00e4n te\u00adle\u00adke\u00ad\u00e7i\u00adler we kom\u00adpa\u00adni\u00ad\u00fda\u00adla\u00adry\u0148 we\u00adkil\u00adle\u00adri \u00fc\u00e7in hyz\u00admat\u00adda\u015f\u00adly\u00adgy\u00adny art\u00addyr\u00adma\u00adga uly m\u00fcm\u00adkin\u00ad\u00e7i\u00adlik d\u00f6\u00adred\u00ad\u00fd\u00e4r.<\/p>\n<p><img decoding=\"async\" loading=\"lazy\" class=\"alignleft wp-image-87445 size-medium\" src=\"https:\/\/zamanturkmenistan.com.tm\/wp-content\/uploads\/2023\/09\/sergi-garashsyzlyk-32-yyllyk-fotomodel-miras-modeller-oyi-244x300.jpg\" alt=\"\" width=\"244\" height=\"300\" \/><\/p>\n<p>Ser\u00adgi\u00adni\u0148 do\u00adwa\u00admyn\u00adda A\u015f\u00adga\u00adba\u00addy\u0148 Mo\u00addel\u00adler \u00f6\u00fdi ta\u00adra\u00adpyn\u00addan ta\u00fd\u00ad\u00fdar\u00adla\u00adnan egin-e\u015fik\u00adle\u00adri\u00adni\u0148 g\u00f6r\u00adke\u00adzi\u00adli\u00ad\u015fi bol\u00addy. Ze\u00adnan\u00adla\u00adra, er\u00adkek\u00adle\u00adre we \u00e7a\u00adga\u00adla\u00adra ni\u00ad\u00fdet\u00adle\u00adnen t\u00e4\u00adze ly\u00adbas\u00adla\u00adry\u0148 g\u00f6r\u00adke\u00adzi\u00adli\u00ad\u015fi\u00adne myh\u00adman\u00adlar\u00adda uly gy\u00adzyk\u00adlan\u00adma d\u00f6\u00adret\u00addi.<\/p>\n<p data-wp-editing=\"1\">Uly g\u00f6w\u00adr\u00fcm\u00adli ser\u00adgi\u00adni\u0148 esa\u00adsy mak\u00adsa\u00addy di\u00ad\u0148e bir ga\u00adza\u00adny\u00adlan \u00fcs\u00adt\u00fcn\u00adlik\u00adle\u00adri d\u00e4l, e\u00fd\u00adsem yk\u00addy\u00adsa\u00addy pu\u00addak\u00adla\u00adry\u0148 m\u00fcm\u00adkin\u00ad\u00e7i\u00adlik\u00adle\u00adri\u00adni, d\u00fc\u00fdp\u00adli \u00f6z\u00adgert\u00adme\u00adle\u00adri\u0148 ne\u00adti\u00adje\u00adle\u00adri\u00adni, \u015fe\u00fd\u00adle hem d\u00f6w\u00adlet-hu\u00adsu\u00adsy hyz\u00admat\u00adda\u015f\u00adly\u00adgy\u0148 ne\u00adti\u00adje\u00adli\u00adli\u00adgi\u00adni g\u00f6r\u00adkez\u00admek\u00adden yba\u00adrat\u00addyr.<\/p>\n","protected":false},"excerpt":{"rendered":"<p>\u015eu g\u00fcn A\u015f\u00adga\u00adbat\u00adda T\u00fcrk\u00adme\u00adnis\u00adta\u00adny\u0148 S\u00f6w\u00adda-se\u00adna\u00adgat pa\u00adla\u00adta\u00adsy\u00adny\u0148 Ser\u00adgi mer\u00adke\u00adzin\u00adde \u00fdur\u00addu\u0148 Ga\u00adra\u015f\u00adsyz\u00adly\u00adgy\u00adny\u0148 32 \u00fdyl\u00adly\u00adgy\u00adna ba\u00adgy\u015f\u00adla\u00adnan T\u00fcrk\u00adme\u00adnis\u00adta\u00adny\u0148 yk\u00addy\u00adsa\u00addy \u00fcs\u00adt\u00fcn\u00adlik\u00adle\u00adri\u00adni\u0148 ser\u00adgi\u00adsi a\u00e7yl\u00addy. A\u00e7y\u00adly\u015f da\u00adba\u00adra\u00adsyn\u00adda hor\u00admat\u00adly Pre\u00adzi\u00adden\u00adti\u00admi\u00adzi\u0148 ser\u00adg\u00e4 gat\u00adna\u00ad\u015fy\u00adjy\u00adla\u00adra ibe\u00adren Gut\u00adla\u00adgy okal\u00addy. Gut\u00adlag\u00adda &#8211; Bu gi\u0148 m\u00f6\u00e7\u00adber\u00adli ser\u00adgi\u00adni\u0148 ber\u00adka\u00adrar Wa\u00adta\u00adny\u00admy\u00adzy\u0148 ga\u00adza\u00adnan \u00fcs\u00adt\u00fcn\u00adlik\u00adle\u00adri\u00adni, \u00fde\u00adten be\u00adlent sep\u00adgit\u00adle\u00adri\u00adni be\u00ad\u00fdan edip, gel\u00adjek\u00adki \u00f6s\u00fc\u015f\u00adle\u00adri\u00admi\u00adzi\u0148 ba\u00addal\u00adga\u00adsy\u00adna \u00f6w\u00adr\u00fcl\u00adjek ba\u015f\u00adlan\u00adgy\u00e7\u00adla\u00adry, t\u00e4\u00adze tas\u00adla\u00adma\u00adla\u00adry iler\u00adlet\u00admek\u00adde uly \u00e4h\u00admi\u00ad\u00fde\u00adte e\u00fde bol\u00adjak\u00addy\u00adgy\u00adna berk [&hellip;]<\/p>\n","protected":false},"author":2,"featured_media":87405,"comment_status":"open","ping_status":"closed","sticky":false,"template":"","format":"standard","meta":{"footnotes":""},"categories":[3,724],"tags":[],"acf":[],"_links":{"self":[{"href":"https:\/\/zamanturkmenistan.com.tm\/index.php?rest_route=\/wp\/v2\/posts\/87404"}],"collection":[{"href":"https:\/\/zamanturkmenistan.com.tm\/index.php?rest_route=\/wp\/v2\/posts"}],"about":[{"href":"https:\/\/zamanturkmenistan.com.tm\/index.php?rest_route=\/wp\/v2\/types\/post"}],"author":[{"embeddable":true,"href":"https:\/\/zamanturkmenistan.com.tm\/index.php?rest_route=\/wp\/v2\/users\/2"}],"replies":[{"embeddable":true,"href":"https:\/\/zamanturkmenistan.com.tm\/index.php?rest_route=%2Fwp%2Fv2%2Fcomments&post=87404"}],"version-history":[{"count":4,"href":"https:\/\/zamanturkmenistan.com.tm\/index.php?rest_route=\/wp\/v2\/posts\/87404\/revisions"}],"predecessor-version":[{"id":87446,"href":"https:\/\/zamanturkmenistan.com.tm\/index.php?rest_route=\/wp\/v2\/posts\/87404\/revisions\/87446"}],"wp:featuredmedia":[{"embeddable":true,"href":"https:\/\/zamanturkmenistan.com.tm\/index.php?rest_route=\/wp\/v2\/media\/87405"}],"wp:attachment":[{"href":"https:\/\/zamanturkmenistan.com.tm\/index.php?rest_route=%2Fwp%2Fv2%2Fmedia&parent=87404"}],"wp:term":[{"taxonomy":"category","embeddable":true,"href":"https:\/\/zamanturkmenistan.com.tm\/index.php?rest_route=%2Fwp%2Fv2%2Fcategories&post=87404"},{"taxonomy":"post_tag","embeddable":true,"href":"https:\/\/zamanturkmenistan.com.tm\/index.php?rest_route=%2Fwp%2Fv2%2Ftags&post=87404"}],"curies":[{"name":"wp","href":"https:\/\/api.w.org\/{rel}","templated":true}]}}