{"id":87610,"date":"2023-09-23T10:48:41","date_gmt":"2023-09-23T05:48:41","guid":{"rendered":"https:\/\/zamanturkmenistan.com.tm\/?p=87610"},"modified":"2023-09-23T10:51:30","modified_gmt":"2023-09-23T05:51:30","slug":"italiyanyn-onki-prezidenti-jorjo-napolitano-aradan-cykdy","status":"publish","type":"post","link":"https:\/\/zamanturkmenistan.com.tm\/?p=87610","title":{"rendered":"Itali\u00fdany\u0148 \u00f6\u0148ki Prezidenti Jorjo Napolitano aradan \u00e7ykdy"},"content":{"rendered":"<p>2006-njy \u00fdyl\u00addan 2015-nji \u00fdy\u00adla \u00e7en\u00adli \u00fdur\u00adda \u00fdol\u00adba\u015f\u00ad\u00e7y\u00adlyk eden Ita\u00adli\u00ad\u00fda\u00adny\u0148 \u00f6\u0148\u00adki Pre\u00adzi\u00adden\u00adti Jor\u00adjo Na\u00adpo\u00adli\u00adta\u00adno 98 \u00fda\u00ad\u015fy\u00adny\u0148 i\u00e7in\u00adde ara\u00addan \u00e7yk\u00addy. Bu ba\u00adra\u00adda 22-nji sent\u00ad\u00fdabr\u00adda Ita\u00adli\u00ad\u00fda\u00adny\u0148 mil\u00adli ha\u00adbar\u00adlar agent\u00adli\u00adgi AN\u00adSA ha\u00adbar ber\u00addi.<br \/>\nSo\u0148\u00adky d\u00f6\u00adw\u00fcr\u00adde ital\u00ad\u00fdan sy\u00ad\u00fda\u00adsat\u00ad\u00e7y\u00adsy\u00adny\u0148 sag\u00adlyk \u00fdag\u00adda\u00ad\u00fdy has-da er\u00adbet\u00adle\u00ad\u015fip, Rim\u00add\u00e4\u00adki has\u00adsa\u00adha\u00adna\u00adda sag\u00adly\u00adgy\u00adny be\u00adjerd\u00ad\u00fd\u00e4r\u00addi.<br \/>\nJor\u00adjo Na\u00adpo\u00adli\u00adta\u00adno Ita\u00adli\u00ad\u00fda Res\u00adpub\u00adli\u00adka\u00adsy\u00adny\u0148 ta\u00adry\u00adhyn\u00adda 2013-nji \u00fdyl\u00adda ga\u00fd\u00adta\u00addan sa\u00fd\u00adla\u00adnan il\u00adkin\u00adji Pre\u00adzi\u00addent bol\u00addy. Sy\u00ad\u00fda\u00adsat\u00ad\u00e7y 2015-nji \u00fdyl\u00adda 89 \u00fda\u00ad\u015fyn\u00adda\u00addy\u00adgy se\u00adb\u00e4p\u00adli m\u00f6h\u00adle\u00adtin\u00adden \u00f6\u0148 i\u015fin\u00adden \u00e7e\u00adkil\u00addi.<\/p>\n","protected":false},"excerpt":{"rendered":"<p>2006-njy \u00fdyl\u00addan 2015-nji \u00fdy\u00adla \u00e7en\u00adli \u00fdur\u00adda \u00fdol\u00adba\u015f\u00ad\u00e7y\u00adlyk eden Ita\u00adli\u00ad\u00fda\u00adny\u0148 \u00f6\u0148\u00adki Pre\u00adzi\u00adden\u00adti Jor\u00adjo Na\u00adpo\u00adli\u00adta\u00adno 98 \u00fda\u00ad\u015fy\u00adny\u0148 i\u00e7in\u00adde ara\u00addan \u00e7yk\u00addy. Bu ba\u00adra\u00adda 22-nji sent\u00ad\u00fdabr\u00adda Ita\u00adli\u00ad\u00fda\u00adny\u0148 mil\u00adli ha\u00adbar\u00adlar agent\u00adli\u00adgi AN\u00adSA ha\u00adbar ber\u00addi. So\u0148\u00adky d\u00f6\u00adw\u00fcr\u00adde ital\u00ad\u00fdan sy\u00ad\u00fda\u00adsat\u00ad\u00e7y\u00adsy\u00adny\u0148 sag\u00adlyk \u00fdag\u00adda\u00ad\u00fdy has-da er\u00adbet\u00adle\u00ad\u015fip, Rim\u00add\u00e4\u00adki has\u00adsa\u00adha\u00adna\u00adda sag\u00adly\u00adgy\u00adny be\u00adjerd\u00ad\u00fd\u00e4r\u00addi. Jor\u00adjo Na\u00adpo\u00adli\u00adta\u00adno Ita\u00adli\u00ad\u00fda Res\u00adpub\u00adli\u00adka\u00adsy\u00adny\u0148 ta\u00adry\u00adhyn\u00adda 2013-nji \u00fdyl\u00adda ga\u00fd\u00adta\u00addan sa\u00fd\u00adla\u00adnan il\u00adkin\u00adji Pre\u00adzi\u00addent bol\u00addy. Sy\u00ad\u00fda\u00adsat\u00ad\u00e7y 2015-nji [&hellip;]<\/p>\n","protected":false},"author":2,"featured_media":87611,"comment_status":"open","ping_status":"closed","sticky":false,"template":"","format":"standard","meta":{"footnotes":""},"categories":[5],"tags":[],"acf":[],"_links":{"self":[{"href":"https:\/\/zamanturkmenistan.com.tm\/index.php?rest_route=\/wp\/v2\/posts\/87610"}],"collection":[{"href":"https:\/\/zamanturkmenistan.com.tm\/index.php?rest_route=\/wp\/v2\/posts"}],"about":[{"href":"https:\/\/zamanturkmenistan.com.tm\/index.php?rest_route=\/wp\/v2\/types\/post"}],"author":[{"embeddable":true,"href":"https:\/\/zamanturkmenistan.com.tm\/index.php?rest_route=\/wp\/v2\/users\/2"}],"replies":[{"embeddable":true,"href":"https:\/\/zamanturkmenistan.com.tm\/index.php?rest_route=%2Fwp%2Fv2%2Fcomments&post=87610"}],"version-history":[{"count":1,"href":"https:\/\/zamanturkmenistan.com.tm\/index.php?rest_route=\/wp\/v2\/posts\/87610\/revisions"}],"predecessor-version":[{"id":87612,"href":"https:\/\/zamanturkmenistan.com.tm\/index.php?rest_route=\/wp\/v2\/posts\/87610\/revisions\/87612"}],"wp:featuredmedia":[{"embeddable":true,"href":"https:\/\/zamanturkmenistan.com.tm\/index.php?rest_route=\/wp\/v2\/media\/87611"}],"wp:attachment":[{"href":"https:\/\/zamanturkmenistan.com.tm\/index.php?rest_route=%2Fwp%2Fv2%2Fmedia&parent=87610"}],"wp:term":[{"taxonomy":"category","embeddable":true,"href":"https:\/\/zamanturkmenistan.com.tm\/index.php?rest_route=%2Fwp%2Fv2%2Fcategories&post=87610"},{"taxonomy":"post_tag","embeddable":true,"href":"https:\/\/zamanturkmenistan.com.tm\/index.php?rest_route=%2Fwp%2Fv2%2Ftags&post=87610"}],"curies":[{"name":"wp","href":"https:\/\/api.w.org\/{rel}","templated":true}]}}