{"id":87703,"date":"2023-09-24T17:04:47","date_gmt":"2023-09-24T12:04:47","guid":{"rendered":"https:\/\/zamanturkmenistan.com.tm\/?p=87703"},"modified":"2023-09-24T17:04:47","modified_gmt":"2023-09-24T12:04:47","slug":"asgabatda-turkmenistanyn-halk-maslahatynyn-mejlisi-oz-isine-baslady","status":"publish","type":"post","link":"https:\/\/zamanturkmenistan.com.tm\/?p=87703","title":{"rendered":"A\u015fgabatda T\u00fcrkmenistany\u0148 Halk Maslahatyny\u0148 mejlisi \u00f6z i\u015fine ba\u015flady"},"content":{"rendered":"<p dir=\"ltr\">\u015eu g\u00fcn pa\u00fdtagtymyzy\u0148 g\u00f6zel k\u00fcnjeginde \u00fderle\u015f\u00fd\u00e4n Maslahat k\u00f6\u015fg\u00fcnde T\u00fcrkmenistany\u0148 Halk Maslahatyny\u0148 nobatdaky mejlisi \u00f6z i\u015fine ba\u015flady.<\/p>\n<p dir=\"ltr\">\u00ddurdumyzy\u0148 Gara\u015fsyzlygyny\u0148 ba\u00fdram edil\u00fd\u00e4n g\u00fcnlerinde T\u00fcrkmenistany\u0148 Halk Maslahatyny\u0148 mejlisinde d\u00f6wletimizi\u0148 durmu\u015f-ykdysady \u00f6s\u00fc\u015fini\u0148 netijelerini jemlener we gazanylan \u00fcst\u00fcnlikleri hem-de t\u00e4ze taryhy d\u00f6w\u00fcrde \u00f6\u0148\u00fcmizde duran derwa\u00fdys meseleleri ara alnyp maslahatla\u015fylar.<\/p>\n","protected":false},"excerpt":{"rendered":"<p>\u015eu g\u00fcn pa\u00fdtagtymyzy\u0148 g\u00f6zel k\u00fcnjeginde \u00fderle\u015f\u00fd\u00e4n Maslahat k\u00f6\u015fg\u00fcnde T\u00fcrkmenistany\u0148 Halk Maslahatyny\u0148 nobatdaky mejlisi \u00f6z i\u015fine ba\u015flady. \u00ddurdumyzy\u0148 Gara\u015fsyzlygyny\u0148 ba\u00fdram edil\u00fd\u00e4n g\u00fcnlerinde T\u00fcrkmenistany\u0148 Halk Maslahatyny\u0148 mejlisinde d\u00f6wletimizi\u0148 durmu\u015f-ykdysady \u00f6s\u00fc\u015fini\u0148 netijelerini jemlener we gazanylan \u00fcst\u00fcnlikleri hem-de t\u00e4ze taryhy d\u00f6w\u00fcrde \u00f6\u0148\u00fcmizde duran derwa\u00fdys meseleleri ara alnyp maslahatla\u015fylar.<\/p>\n","protected":false},"author":2,"featured_media":87704,"comment_status":"open","ping_status":"closed","sticky":false,"template":"","format":"standard","meta":{"footnotes":""},"categories":[3],"tags":[],"acf":[],"_links":{"self":[{"href":"https:\/\/zamanturkmenistan.com.tm\/index.php?rest_route=\/wp\/v2\/posts\/87703"}],"collection":[{"href":"https:\/\/zamanturkmenistan.com.tm\/index.php?rest_route=\/wp\/v2\/posts"}],"about":[{"href":"https:\/\/zamanturkmenistan.com.tm\/index.php?rest_route=\/wp\/v2\/types\/post"}],"author":[{"embeddable":true,"href":"https:\/\/zamanturkmenistan.com.tm\/index.php?rest_route=\/wp\/v2\/users\/2"}],"replies":[{"embeddable":true,"href":"https:\/\/zamanturkmenistan.com.tm\/index.php?rest_route=%2Fwp%2Fv2%2Fcomments&post=87703"}],"version-history":[{"count":1,"href":"https:\/\/zamanturkmenistan.com.tm\/index.php?rest_route=\/wp\/v2\/posts\/87703\/revisions"}],"predecessor-version":[{"id":87705,"href":"https:\/\/zamanturkmenistan.com.tm\/index.php?rest_route=\/wp\/v2\/posts\/87703\/revisions\/87705"}],"wp:featuredmedia":[{"embeddable":true,"href":"https:\/\/zamanturkmenistan.com.tm\/index.php?rest_route=\/wp\/v2\/media\/87704"}],"wp:attachment":[{"href":"https:\/\/zamanturkmenistan.com.tm\/index.php?rest_route=%2Fwp%2Fv2%2Fmedia&parent=87703"}],"wp:term":[{"taxonomy":"category","embeddable":true,"href":"https:\/\/zamanturkmenistan.com.tm\/index.php?rest_route=%2Fwp%2Fv2%2Fcategories&post=87703"},{"taxonomy":"post_tag","embeddable":true,"href":"https:\/\/zamanturkmenistan.com.tm\/index.php?rest_route=%2Fwp%2Fv2%2Ftags&post=87703"}],"curies":[{"name":"wp","href":"https:\/\/api.w.org\/{rel}","templated":true}]}}