{"id":87706,"date":"2023-09-24T17:07:21","date_gmt":"2023-09-24T12:07:21","guid":{"rendered":"https:\/\/zamanturkmenistan.com.tm\/?p=87706"},"modified":"2023-09-24T17:07:21","modified_gmt":"2023-09-24T12:07:21","slug":"turkmen-halkynyn-milli-lideri-yaslarymyzyn-alyp-baryan-islerine-yokary-baha-berdi","status":"publish","type":"post","link":"https:\/\/zamanturkmenistan.com.tm\/?p=87706","title":{"rendered":"T\u00fcrkmen halkyny\u0148 Milli Lideri \u00fda\u015flarymyzy\u0148 alyp bar\u00fdan i\u015flerine \u00fdokary baha berdi"},"content":{"rendered":"<p dir=\"ltr\">T\u00fcrkmen halkyny\u0148 Milli Lideri, T\u00fcrkmenistany\u0148 Halk Maslahatyny\u0148 Ba\u015flygy Gurbanguly Berdimuhamedow \u00fda\u015flarymyzy\u0148 alyp bar\u00fdan i\u015flerine \u00fdokary baha berdi.<\/p>\n<p dir=\"ltr\">Bu barada Gahryman Arkadagymyz T\u00fcrkmenistany\u0148 Halk Maslahatyny\u0148 mejlisind\u00e4ki \u00e7yky\u015fynda a\u00fdtdy.<\/p>\n<p dir=\"ltr\">\u00ab\u00dda\u015flar baradaky d\u00f6wlet sy\u00fdasatymyz \u00fda\u015f ra\u00fdatlary\u0148 hukuklaryny, azatlyklaryny, d\u00f6wlet kepilliklerini \u00fcpj\u00fcn etm\u00e4ge we olary goldamaga g\u00f6n\u00fckdirilen durmu\u015f-ykdysady, sy\u00fdasy, medeni, gurama\u00e7ylyk hem-de hukuk \u00e7\u00e4relerini\u0148 ulgamyny \u00f6z i\u00e7ine al\u00fdar\u00bb \u2013 di\u00fdip,\u00a0t\u00fcrkmen halkyny\u0148 Milli Lideri belledi.<\/p>\n<p dir=\"ltr\">Gahryman Arkadagymyz\u00a0Gurbanguly Berdimuhamedowy\u0148 nygta\u00fd\u015fy \u00fdaly, Gara\u015fsyz Watanymyzy\u0148 geljegi bolan \u00fda\u015flara uly ynam bildirilip, \u015fu \u00fdyl \u00abArkadag Serdarly bagty\u00fdar \u00fda\u015flar \u00fdyly\u00bb di\u00fdlip atlandyryldy.<\/p>\n<p dir=\"ltr\">T\u00fcrkmenistany\u0148 Halk Maslahatyny\u0148 Ba\u015flygyny\u0148 s\u00f6zlerine g\u00f6r\u00e4, \u00fda\u015flary\u0148 \u00fdurdumyzy\u0148 ykdysady, sy\u00fdasy, medeni durmu\u015fyna i\u015fje\u0148 gatna\u015fmaklary, ylymly-bilimli, gi\u0148 d\u00fcn\u00fd\u00e4gara\u00fdy\u015fly nesiller bolup kemala gelmekleri d\u00f6wlet derejesinde hemi\u015fe a\u00fdratyn \u00e4hmi\u00fdet beril\u00fd\u00e4n sorag bolmagynda gal\u00fdar.<\/p>\n<p dir=\"ltr\">\u00abBu barada Arkadag \u015f\u00e4herini\u0148 Ruhy\u00fdet k\u00f6\u015fg\u00fcnde \u00fdurdumyzy\u0148 taryhy, \u00fda\u015f nesli\u0148 bor\u00e7lary barada ge\u00e7iren umumy sapagymda hem gi\u0148i\u015fle\u00fdin durup ge\u00e7dim.\u00a0Adamzat taryhyny\u0148 b\u00fctin dowamynda t\u00fcrkmenleri\u0148 d\u00f6wleti emele getirmekde we dolandyrmakda, adalatly jemgy\u00fdeti gurmakda toplan ba\u00fd tejribesi hakynda g\u00fcrr\u00fc\u0148 etdim\u00bb \u2013 di\u00fdip, Gahryman Arkadagymyz \u00fdatlady.<\/p>\n<p dir=\"ltr\">T\u00fcrkmen halkyny\u0148 Milli Liderini\u0148 a\u00fdratyn belle\u00fd\u015fi \u00fdaly, Watanymyzy\u0148 g\u00fc\u00fd\u00e7-kuwwaty, abra\u00fd-mertebesi hem-de be\u00fdik geljegi bolan \u00fda\u015flarymyzy\u0148 alyp bar\u00fdan i\u015flerine \u00fdokary baha ber\u00fd\u00e4rin. Seb\u00e4bi, \u00fda\u015flar halkymyzy\u0148 da\u00fdanjydyr!<\/p>\n","protected":false},"excerpt":{"rendered":"<p>T\u00fcrkmen halkyny\u0148 Milli Lideri, T\u00fcrkmenistany\u0148 Halk Maslahatyny\u0148 Ba\u015flygy Gurbanguly Berdimuhamedow \u00fda\u015flarymyzy\u0148 alyp bar\u00fdan i\u015flerine \u00fdokary baha berdi. Bu barada Gahryman Arkadagymyz T\u00fcrkmenistany\u0148 Halk Maslahatyny\u0148 mejlisind\u00e4ki \u00e7yky\u015fynda a\u00fdtdy. \u00ab\u00dda\u015flar baradaky d\u00f6wlet sy\u00fdasatymyz \u00fda\u015f ra\u00fdatlary\u0148 hukuklaryny, azatlyklaryny, d\u00f6wlet kepilliklerini \u00fcpj\u00fcn etm\u00e4ge we olary goldamaga g\u00f6n\u00fckdirilen durmu\u015f-ykdysady, sy\u00fdasy, medeni, gurama\u00e7ylyk hem-de hukuk \u00e7\u00e4relerini\u0148 ulgamyny \u00f6z i\u00e7ine al\u00fdar\u00bb \u2013 [&hellip;]<\/p>\n","protected":false},"author":2,"featured_media":87707,"comment_status":"open","ping_status":"closed","sticky":false,"template":"","format":"standard","meta":{"footnotes":""},"categories":[3],"tags":[],"acf":[],"_links":{"self":[{"href":"https:\/\/zamanturkmenistan.com.tm\/index.php?rest_route=\/wp\/v2\/posts\/87706"}],"collection":[{"href":"https:\/\/zamanturkmenistan.com.tm\/index.php?rest_route=\/wp\/v2\/posts"}],"about":[{"href":"https:\/\/zamanturkmenistan.com.tm\/index.php?rest_route=\/wp\/v2\/types\/post"}],"author":[{"embeddable":true,"href":"https:\/\/zamanturkmenistan.com.tm\/index.php?rest_route=\/wp\/v2\/users\/2"}],"replies":[{"embeddable":true,"href":"https:\/\/zamanturkmenistan.com.tm\/index.php?rest_route=%2Fwp%2Fv2%2Fcomments&post=87706"}],"version-history":[{"count":1,"href":"https:\/\/zamanturkmenistan.com.tm\/index.php?rest_route=\/wp\/v2\/posts\/87706\/revisions"}],"predecessor-version":[{"id":87708,"href":"https:\/\/zamanturkmenistan.com.tm\/index.php?rest_route=\/wp\/v2\/posts\/87706\/revisions\/87708"}],"wp:featuredmedia":[{"embeddable":true,"href":"https:\/\/zamanturkmenistan.com.tm\/index.php?rest_route=\/wp\/v2\/media\/87707"}],"wp:attachment":[{"href":"https:\/\/zamanturkmenistan.com.tm\/index.php?rest_route=%2Fwp%2Fv2%2Fmedia&parent=87706"}],"wp:term":[{"taxonomy":"category","embeddable":true,"href":"https:\/\/zamanturkmenistan.com.tm\/index.php?rest_route=%2Fwp%2Fv2%2Fcategories&post=87706"},{"taxonomy":"post_tag","embeddable":true,"href":"https:\/\/zamanturkmenistan.com.tm\/index.php?rest_route=%2Fwp%2Fv2%2Ftags&post=87706"}],"curies":[{"name":"wp","href":"https:\/\/api.w.org\/{rel}","templated":true}]}}