{"id":87709,"date":"2023-09-24T17:10:07","date_gmt":"2023-09-24T12:10:07","guid":{"rendered":"https:\/\/zamanturkmenistan.com.tm\/?p=87709"},"modified":"2023-09-24T17:10:07","modified_gmt":"2023-09-24T12:10:07","slug":"turkmenistanyn-halk-maslahatynyn-baslygy-saherleri-osdurmegin-strategiyasyny-islap-tayyarlamagyn-zerurdygyny-aytdy","status":"publish","type":"post","link":"https:\/\/zamanturkmenistan.com.tm\/?p=87709","title":{"rendered":"T\u00fcrkmenistany\u0148 Halk Maslahatyny\u0148 Ba\u015flygy \u015f\u00e4herleri \u00f6sd\u00fcrmegi\u0148 strategi\u00fdasyny i\u015fl\u00e4p ta\u00fd\u00fdarlamagy\u0148 zerurdygyny a\u00fdtdy"},"content":{"rendered":"<p>T\u00fcrk\u00admen hal\u00adky\u00adny\u0148 Mil\u00adli Li\u00adde\u00adri, T\u00fcrk\u00adme\u00adnis\u00adta\u00adny\u0148 Halk Mas\u00adla\u00adha\u00adty\u00adny\u0148 Ba\u015f\u00adly\u00adgy Gurbanguly Berdimuhamedow T\u00fcrk\u00adme\u00adnis\u00adta\u00adny\u0148 Halk Mas\u00adla\u00adha\u00adty\u00adny\u0148 mej\u00adli\u00adsin\u00add\u00e4\u00adki \u00e7y\u00adky\u00ad\u015fyn\u00adda \u015f\u00e4\u00adher\u00adle\u00adri \u00f6s\u00add\u00fcr\u00adme\u00adgi\u0148 stra\u00adte\u00adgi\u00ad\u00fda\u00adsy\u00adny i\u015f\u00adl\u00e4p ta\u00fd\u00ad\u00fdar\u00adla\u00adma\u00adgy\u0148 ze\u00adrur\u00addy\u00adgy\u00adny a\u00fdt\u00addy.<br \/>\nT\u00fcrk\u00adme\u00adnis\u00adta\u00adny\u0148 Halk Mas\u00adla\u00adha\u00adty\u00adny\u0148 Ba\u015f\u00adly\u00adgy\u00adny\u0148 bel\u00adle\u00fd\u00ad\u015fi \u00fda\u00adly, Hal\u00adky\u0148 \u00fda\u00ad\u015fa\u00ad\u00fdy\u015f de\u00adre\u00adje\u00adsi \u015f\u00e4\u00adher\u00adgur\u00adlu\u00ad\u015fyk i\u015fi bi\u00adlen berk bag\u00adly\u00addyr. Bu ugur\u00adda \u00fdur\u00addu\u00admyz\u00adda ze\u00adrur ka\u00adnun\u00ad\u00e7y\u00adlyk bin\u00ad\u00fda\u00addy d\u00f6\u00adre\u00addil\u00addi. Ka\u00adbul eden ka\u00adnun\u00adla\u00adry\u00admyz ada\u00admy\u0148 ta\u00adla\u00adba\u00adla\u00ad\u00fdyk \u00fda\u00ad\u015fa\u00ad\u00fdy\u015f ja\u00ad\u00fdy\u00adny\u0148 bol\u00adma\u00adgy we dur\u00admu\u015f gur\u00ad\u015fa\u00adwy\u00adny\u0148 eme\u00adle ge\u00adti\u00adril\u00adme\u00adgi, ilat\u00adly \u00fder\u00adle\u00adri\u0148 dur\u00adnuk\u00adly \u00f6s\u00add\u00fc\u00adril\u00adme\u00adgi bi\u00adlen bag\u00adly dur\u00admu\u00ad\u015fa ge\u00ad\u00e7ir\u00ad\u00fd\u00e4n i\u015f\u00adle\u00adri\u00admi\u00adzi mun\u00addan be\u00fd\u00adl\u00e4k hem \u00fcs\u00adt\u00fcn\u00adlik\u00adli do\u00adwam et\u00addir\u00adm\u00e4\u00adge m\u00fcm\u00adkin\u00ad\u00e7i\u00adlik ber\u00ad\u00fd\u00e4r.<br \/>\n\u00ab\u015eo\u00adnu\u0148 bi\u00adlen bag\u00adly\u00adlyk\u00adda, T\u00fcrk\u00adme\u00adnis\u00adtan\u00adda \u015f\u00e4\u00adher\u00adle\u00adri \u00f6s\u00add\u00fcr\u00adme\u00adgi\u0148 stra\u00adte\u00adgi\u00ad\u00fda\u00adsy\u00adny i\u015f\u00adl\u00e4p ta\u00fd\u00ad\u00fdar\u00adla\u00admak ze\u00adrur di\u00ad\u00fdip ha\u00adsap ed\u00ad\u00fd\u00e4\u00adris. Bu stra\u00adte\u00adgi\u00ad\u00fda t\u00e4\u00adze e\u00fd\u00ad\u00fdam\u00adda ba\u015f mak\u00adsa\u00addy\u00admy\u00adza \u00fdet\u00admek\u00adde \u2013 hal\u00adky\u00admy\u00adzy\u0148 hal-\u00fdag\u00adda\u00ad\u00fdy\u00adny d\u00fcn\u00ad\u00fd\u00e4\u00adni\u0148 i\u0148 \u00f6sen \u00fdurt\u00adla\u00adry\u00adny\u0148 de\u00adre\u00adje\u00adsi\u00adne \u00e7y\u00adkar\u00admak\u00adda \u00fde\u00adne-de bir m\u00f6\u00adh\u00fcm \u00e4dim bo\u00adlar!\u00bb \u2013 di\u00ad\u00fdip, t\u00fcrk\u00admen hal\u00adky\u00adny\u0148 Mil\u00adli Li\u00adde\u00adri nyg\u00adta\u00addy.<\/p>\n","protected":false},"excerpt":{"rendered":"<p>T\u00fcrk\u00admen hal\u00adky\u00adny\u0148 Mil\u00adli Li\u00adde\u00adri, T\u00fcrk\u00adme\u00adnis\u00adta\u00adny\u0148 Halk Mas\u00adla\u00adha\u00adty\u00adny\u0148 Ba\u015f\u00adly\u00adgy Gurbanguly Berdimuhamedow T\u00fcrk\u00adme\u00adnis\u00adta\u00adny\u0148 Halk Mas\u00adla\u00adha\u00adty\u00adny\u0148 mej\u00adli\u00adsin\u00add\u00e4\u00adki \u00e7y\u00adky\u00ad\u015fyn\u00adda \u015f\u00e4\u00adher\u00adle\u00adri \u00f6s\u00add\u00fcr\u00adme\u00adgi\u0148 stra\u00adte\u00adgi\u00ad\u00fda\u00adsy\u00adny i\u015f\u00adl\u00e4p ta\u00fd\u00ad\u00fdar\u00adla\u00adma\u00adgy\u0148 ze\u00adrur\u00addy\u00adgy\u00adny a\u00fdt\u00addy. T\u00fcrk\u00adme\u00adnis\u00adta\u00adny\u0148 Halk Mas\u00adla\u00adha\u00adty\u00adny\u0148 Ba\u015f\u00adly\u00adgy\u00adny\u0148 bel\u00adle\u00fd\u00ad\u015fi \u00fda\u00adly, Hal\u00adky\u0148 \u00fda\u00ad\u015fa\u00ad\u00fdy\u015f de\u00adre\u00adje\u00adsi \u015f\u00e4\u00adher\u00adgur\u00adlu\u00ad\u015fyk i\u015fi bi\u00adlen berk bag\u00adly\u00addyr. Bu ugur\u00adda \u00fdur\u00addu\u00admyz\u00adda ze\u00adrur ka\u00adnun\u00ad\u00e7y\u00adlyk bin\u00ad\u00fda\u00addy d\u00f6\u00adre\u00addil\u00addi. Ka\u00adbul eden ka\u00adnun\u00adla\u00adry\u00admyz ada\u00admy\u0148 ta\u00adla\u00adba\u00adla\u00ad\u00fdyk \u00fda\u00ad\u015fa\u00ad\u00fdy\u015f ja\u00ad\u00fdy\u00adny\u0148 bol\u00adma\u00adgy we dur\u00admu\u015f gur\u00ad\u015fa\u00adwy\u00adny\u0148 eme\u00adle [&hellip;]<\/p>\n","protected":false},"author":2,"featured_media":71626,"comment_status":"open","ping_status":"closed","sticky":false,"template":"","format":"standard","meta":{"footnotes":""},"categories":[3],"tags":[],"acf":[],"_links":{"self":[{"href":"https:\/\/zamanturkmenistan.com.tm\/index.php?rest_route=\/wp\/v2\/posts\/87709"}],"collection":[{"href":"https:\/\/zamanturkmenistan.com.tm\/index.php?rest_route=\/wp\/v2\/posts"}],"about":[{"href":"https:\/\/zamanturkmenistan.com.tm\/index.php?rest_route=\/wp\/v2\/types\/post"}],"author":[{"embeddable":true,"href":"https:\/\/zamanturkmenistan.com.tm\/index.php?rest_route=\/wp\/v2\/users\/2"}],"replies":[{"embeddable":true,"href":"https:\/\/zamanturkmenistan.com.tm\/index.php?rest_route=%2Fwp%2Fv2%2Fcomments&post=87709"}],"version-history":[{"count":1,"href":"https:\/\/zamanturkmenistan.com.tm\/index.php?rest_route=\/wp\/v2\/posts\/87709\/revisions"}],"predecessor-version":[{"id":87710,"href":"https:\/\/zamanturkmenistan.com.tm\/index.php?rest_route=\/wp\/v2\/posts\/87709\/revisions\/87710"}],"wp:featuredmedia":[{"embeddable":true,"href":"https:\/\/zamanturkmenistan.com.tm\/index.php?rest_route=\/wp\/v2\/media\/71626"}],"wp:attachment":[{"href":"https:\/\/zamanturkmenistan.com.tm\/index.php?rest_route=%2Fwp%2Fv2%2Fmedia&parent=87709"}],"wp:term":[{"taxonomy":"category","embeddable":true,"href":"https:\/\/zamanturkmenistan.com.tm\/index.php?rest_route=%2Fwp%2Fv2%2Fcategories&post=87709"},{"taxonomy":"post_tag","embeddable":true,"href":"https:\/\/zamanturkmenistan.com.tm\/index.php?rest_route=%2Fwp%2Fv2%2Ftags&post=87709"}],"curies":[{"name":"wp","href":"https:\/\/api.w.org\/{rel}","templated":true}]}}