{"id":87711,"date":"2023-09-24T17:12:24","date_gmt":"2023-09-24T12:12:24","guid":{"rendered":"https:\/\/zamanturkmenistan.com.tm\/?p=87711"},"modified":"2023-09-24T17:12:24","modified_gmt":"2023-09-24T12:12:24","slug":"hormatly-prezidentimiz-su-yylyn-basyndan-bari-jemi-icerki-onumin-osusi-62-mocberde-durnukly-saklanyandygy-belledi","status":"publish","type":"post","link":"https:\/\/zamanturkmenistan.com.tm\/?p=87711","title":{"rendered":"Hormatly Prezidentimiz \u015fu \u00fdyly\u0148 ba\u015fyndan b\u00e4ri jemi i\u00e7erki \u00f6n\u00fcmi\u0148 \u00f6s\u00fc\u015fi 6,2% m\u00f6\u00e7berde durnukly saklan\u00fdandygy belledi"},"content":{"rendered":"<p>Hor\u00admat\u00adly Pre\u00adzi\u00adden\u00adti\u00admiz Ser\u00addar Berdimuhamedow Halk Mas\u00adla\u00adha\u00adty\u00adny\u0148 mej\u00adli\u00adsin\u00add\u00e4\u00adki eden \u00e7y\u00adky\u00ad\u015fyn\u00adda \u015fu \u00fdy\u00adly\u0148 ba\u00ad\u015fyn\u00addan b\u00e4\u00adri je\u00admi i\u00e7er\u00adki \u00f6n\u00fc\u00admi\u0148 \u00f6s\u00fc\u00ad\u015fi 6,2% m\u00f6\u00e7\u00adber\u00adde dur\u00adnuk\u00adly sak\u00adlan\u00ad\u00fdan\u00addy\u00adgy bel\u00adle\u00addi.<br \/>\n\u00abDur\u00adnuk\u00adly yk\u00addy\u00adsa\u00addy \u00f6s\u00fc\u015f bi\u00adzi\u0148 uzak\u00adm\u00f6h\u00adlet\u00adle\u00ad\u00fdin stra\u00adte\u00adgi\u00ad\u00fda\u00admy\u00adzy\u0148 ba\u015f mak\u00adsa\u00addy bo\u00adlup dur\u00ad\u00fdar. \u015eo\u00ad\u0148a g\u00f6\u00adr\u00e4-de, yk\u00addy\u00adsa\u00addy\u00ad\u00fde\u00adti\u00admi\u00adzi\u0148 \u00e4h\u00adli ugur\u00adla\u00adry\u00adny gur\u00ad\u015fap al\u00ad\u00fdan mak\u00adsat\u00adna\u00adma\u00adla\u00adry\u00admy\u00adzy hem-de \u00f6z\u00adgert\u00adme\u00adle\u00adri\u00admi\u00adzi \u00fcs\u00adt\u00fcn\u00adlik\u00adli ama\u00adla a\u015fyr\u00ad\u00fda\u00adrys\u00bb \u2013 di\u00ad\u00fdip, d\u00f6w\u00adlet Ba\u015f\u00adtu\u00adta\u00adny\u00admyz a\u00fdt\u00addy. Ar\u00adka\u00addag\u00adly Ser\u00adda\u00adry\u00admy\u00adzy\u0148 nyg\u00adta\u00fd\u00ad\u015fy \u00fda\u00adly, d\u00f6w\u00adlet ma\u00ad\u00fda go\u00ad\u00fdum sy\u00ad\u00fda\u00adsa\u00adty\u00adny\u0148 ne\u00adti\u00adje\u00adli\u00adli\u00adgi\u00adni hem-de i\u015f\u00adje\u0148\u00adli\u00adgi\u00adni has-da \u00fdo\u00adkar\u00adlan\u00addyr\u00admak \u00fc\u00e7in ze\u00adrur i\u015f\u00adle\u00adri alyp ba\u00adryl\u00ad\u00fdar \u015fe\u00fd\u00adle hem ga\u00fd\u00adta\u00addan i\u015f\u00adle\u00ad\u00fd\u00e4n we \u00f6n\u00fcm \u00f6n\u00add\u00fcr\u00ad\u00fd\u00e4n se\u00adna\u00adgat pu\u00addak\u00adla\u00adry\u00adny \u00e7alt dep\u00adgin\u00adler bi\u00adlen \u00f6s\u00add\u00fcr\u00adm\u00e4\u00adge g\u00f6\u00adn\u00fck\u00addi\u00adri\u00adlen ma\u00ad\u00fda go\u00ad\u00fdum\u00adla\u00adry\u00adny\u0148 m\u00f6\u00e7\u00adber\u00adle\u00adri\u00adni yzy\u00adgi\u00adder\u00adli art\u00addy\u00adryl\u00ad\u00fdar.<br \/>\n\u00abMak\u00adsat\u00adna\u00adma\u00adla\u00ad\u00fdyn al\u00adnyp bar\u00adlan bu i\u015f\u00adle\u00adri\u0148 ne\u00adti\u00adje\u00adsin\u00adde, \u015fu \u00fdy\u00adly\u0148 ba\u00ad\u015fyn\u00addan b\u00e4\u00adri je\u00admi i\u00e7er\u00adki \u00f6n\u00fc\u00admi\u0148 \u00f6s\u00fc\u00ad\u015fi 6,2 % m\u00f6\u00e7\u00adber\u00adde dur\u00adnuk\u00adly sak\u00adlan\u00ad\u00fdar. Bu bol\u00adsa, \u00fdur\u00addu\u00admyz\u00adda al\u00adnyp ba\u00adryl\u00ad\u00fdan sy\u00ad\u00fda\u00adsa\u00adty\u0148 o\u00fd\u00adla\u00adny\u00ad\u015fyk\u00adly h\u00e4\u00adsi\u00ad\u00fde\u00adti\u00adni g\u00f6r\u00adkez\u00ad\u00fd\u00e4r\u00bb \u2013 di\u00ad\u00fdip, d\u00f6w\u00adlet Ba\u015f\u00adtu\u00adta\u00adny\u00admyz bel\u00adle\u00addi.<\/p>\n","protected":false},"excerpt":{"rendered":"<p>Hor\u00admat\u00adly Pre\u00adzi\u00adden\u00adti\u00admiz Ser\u00addar Berdimuhamedow Halk Mas\u00adla\u00adha\u00adty\u00adny\u0148 mej\u00adli\u00adsin\u00add\u00e4\u00adki eden \u00e7y\u00adky\u00ad\u015fyn\u00adda \u015fu \u00fdy\u00adly\u0148 ba\u00ad\u015fyn\u00addan b\u00e4\u00adri je\u00admi i\u00e7er\u00adki \u00f6n\u00fc\u00admi\u0148 \u00f6s\u00fc\u00ad\u015fi 6,2% m\u00f6\u00e7\u00adber\u00adde dur\u00adnuk\u00adly sak\u00adlan\u00ad\u00fdan\u00addy\u00adgy bel\u00adle\u00addi. \u00abDur\u00adnuk\u00adly yk\u00addy\u00adsa\u00addy \u00f6s\u00fc\u015f bi\u00adzi\u0148 uzak\u00adm\u00f6h\u00adlet\u00adle\u00ad\u00fdin stra\u00adte\u00adgi\u00ad\u00fda\u00admy\u00adzy\u0148 ba\u015f mak\u00adsa\u00addy bo\u00adlup dur\u00ad\u00fdar. \u015eo\u00ad\u0148a g\u00f6\u00adr\u00e4-de, yk\u00addy\u00adsa\u00addy\u00ad\u00fde\u00adti\u00admi\u00adzi\u0148 \u00e4h\u00adli ugur\u00adla\u00adry\u00adny gur\u00ad\u015fap al\u00ad\u00fdan mak\u00adsat\u00adna\u00adma\u00adla\u00adry\u00admy\u00adzy hem-de \u00f6z\u00adgert\u00adme\u00adle\u00adri\u00admi\u00adzi \u00fcs\u00adt\u00fcn\u00adlik\u00adli ama\u00adla a\u015fyr\u00ad\u00fda\u00adrys\u00bb \u2013 di\u00ad\u00fdip, d\u00f6w\u00adlet Ba\u015f\u00adtu\u00adta\u00adny\u00admyz a\u00fdt\u00addy. Ar\u00adka\u00addag\u00adly Ser\u00adda\u00adry\u00admy\u00adzy\u0148 nyg\u00adta\u00fd\u00ad\u015fy \u00fda\u00adly, d\u00f6w\u00adlet [&hellip;]<\/p>\n","protected":false},"author":2,"featured_media":55777,"comment_status":"open","ping_status":"closed","sticky":false,"template":"","format":"standard","meta":{"footnotes":""},"categories":[3],"tags":[],"acf":[],"_links":{"self":[{"href":"https:\/\/zamanturkmenistan.com.tm\/index.php?rest_route=\/wp\/v2\/posts\/87711"}],"collection":[{"href":"https:\/\/zamanturkmenistan.com.tm\/index.php?rest_route=\/wp\/v2\/posts"}],"about":[{"href":"https:\/\/zamanturkmenistan.com.tm\/index.php?rest_route=\/wp\/v2\/types\/post"}],"author":[{"embeddable":true,"href":"https:\/\/zamanturkmenistan.com.tm\/index.php?rest_route=\/wp\/v2\/users\/2"}],"replies":[{"embeddable":true,"href":"https:\/\/zamanturkmenistan.com.tm\/index.php?rest_route=%2Fwp%2Fv2%2Fcomments&post=87711"}],"version-history":[{"count":1,"href":"https:\/\/zamanturkmenistan.com.tm\/index.php?rest_route=\/wp\/v2\/posts\/87711\/revisions"}],"predecessor-version":[{"id":87712,"href":"https:\/\/zamanturkmenistan.com.tm\/index.php?rest_route=\/wp\/v2\/posts\/87711\/revisions\/87712"}],"wp:featuredmedia":[{"embeddable":true,"href":"https:\/\/zamanturkmenistan.com.tm\/index.php?rest_route=\/wp\/v2\/media\/55777"}],"wp:attachment":[{"href":"https:\/\/zamanturkmenistan.com.tm\/index.php?rest_route=%2Fwp%2Fv2%2Fmedia&parent=87711"}],"wp:term":[{"taxonomy":"category","embeddable":true,"href":"https:\/\/zamanturkmenistan.com.tm\/index.php?rest_route=%2Fwp%2Fv2%2Fcategories&post=87711"},{"taxonomy":"post_tag","embeddable":true,"href":"https:\/\/zamanturkmenistan.com.tm\/index.php?rest_route=%2Fwp%2Fv2%2Ftags&post=87711"}],"curies":[{"name":"wp","href":"https:\/\/api.w.org\/{rel}","templated":true}]}}