{"id":87715,"date":"2023-09-25T09:40:23","date_gmt":"2023-09-25T04:40:23","guid":{"rendered":"https:\/\/zamanturkmenistan.com.tm\/?p=87715"},"modified":"2023-09-25T09:40:23","modified_gmt":"2023-09-25T04:40:23","slug":"turkmenistanyn-prezidentine-turkmenistanyn-gahrymany-diyen-at-dakyldy","status":"publish","type":"post","link":"https:\/\/zamanturkmenistan.com.tm\/?p=87715","title":{"rendered":"T\u00fcrkmenistany\u0148 Prezidentine T\u00fcrkmenistany\u0148 Gahrymany di\u00fden at dakyldy"},"content":{"rendered":"<p><strong>T\u00fcrkmenistany\u0148 Prezidenti\u00a0Serdar Gurbanguly\u00fdewi\u00e7 Berdimuhamedowa T\u00fcrkmenistany\u0148 Gahrymany di\u00fden ady\u00a0dakmak hakynda<\/strong><\/p>\n<p>Berkarar d\u00f6wleti\u0148 t\u00e4ze e\u00fd\u00fdamyny\u0148 Galkyny\u015fy d\u00f6wr\u00fcnde T\u00fcrkmenistany\u0148 milli gara\u015fsyzlyk esaslaryny, Bitaraplyk \u00fd\u00f6relgelerini pugtalandyrmaga go\u015fan \u00e4girt uly \u015fahsy go\u015fandy, d\u00f6wleti\u0148 we jemgy\u00fdeti\u0148 \u00f6\u0148\u00fcnde bitiren a\u00fdratyn g\u00f6rn\u00fckli hyzmatlary, t\u00e4ze\u00e7il ba\u015flangy\u00e7lary \u00f6\u0148e s\u00fcr\u00fcp, demokratik, hukuk we d\u00fcn\u00fdewi d\u00f6wletimizi depginli \u00f6sd\u00fcrmekde, \u00fdurdumyzy\u0148 \u00f6s\u00fc\u015fini\u0148 t\u00e4ze tapgyrynda sy\u00fdasy we durmu\u015f-ykdysady \u00f6zgertmeleri\u0148 hukuk bin\u00fdadyny k\u00e4mille\u015fdirmekde, \u00fdurdumyzy\u0148 durmu\u015fyny demokrati\u00fdala\u015fdyrmakda, t\u00e4ze taryhy d\u00f6w\u00fcrde m\u00e4hriban Watanymyzy\u0148 ke\u015fbini\u0148 tanalmaz derej\u00e4 \u00fdetmegini \u00fcpj\u00fcn ed\u00fd\u00e4n o\u0148yn \u00f6zgertmeleri durmu\u015fa ge\u00e7irmekde, ata-babalarymyzdan miras galan \u00fd\u00f6relgelere la\u00fdyklykda \u00fda\u015fuly nesle hormat go\u00fdmak, \u00fda\u015flary Watana s\u00f6\u00fdgi we wepalylyk ruhunda terbi\u00fdelemekde, \u00f6s\u00fc\u015fi\u0148 we parahat\u00e7ylygy\u0148 hatyrasyna d\u00f6wletleri\u0148 we halklary\u0148 arasyndaky hyzmatda\u015flygy\u0148, dost-doganlygy\u0148 pugtalandyrylmagyna g\u00f6n\u00fckdirilen ba\u015flangy\u00e7lary bilen Watanymyzy\u0148 halkara abra\u00fdyny pugtalandyrmakda, t\u00e4ze d\u00f6wr\u00fc\u0148 o\u00fdlany\u015fykly \u00fd\u00f6relgesini dowam edip, Gahryman Arkadagymyzy\u0148 esaslandyran d\u00f6wletliligi\u0148 synmaz s\u00fct\u00fcnini berkitmekde bitiren hyzmatlary, m\u00e4hriban Watanymyzy\u0148 \u015fan-\u015f\u00f6hratyny we mertebesini artdyrmakda alyp bar\u00fdan yzygiderli hem-de maksada okgunly i\u015fleri \u00fc\u00e7in, \u015fe\u00fdle hem T\u00fcrkmenistany\u0148 Gara\u015fsyzlygyny\u0148 32 \u00fdyllygyny\u0148 ba\u00fdram\u00e7ylygy mynasybetli, T\u00fcrkmenistany\u0148 Konstitusi\u00fdasyny\u0148 81-nji maddasyny\u0148 9-njy bendine la\u00fdyklykda, T\u00fcrkmenistany\u0148 Mejlisi\u00a0<strong>karar ed\u00fd\u00e4r:<\/strong><\/p>\n<p>T\u00fcrkmenistany\u0148 Prezidenti Hormatly<strong>\u00a0Serdar\u00a0Gurbanguly\u00fdewi\u00e7<\/strong>\u00a0<strong>Berdimuhamedowa<\/strong>\u00a0T\u00fcrkmenistany\u0148 i\u0148 \u00fdokary tapawutlandyry\u015f derejesini \u2012 \u00abAltyn A\u00fd\u00bb altyn ny\u015fanyny gow\u015furmak bilen T\u00fcrkmenistany\u0148 Gahrymany di\u00fden ady dakmaly.<\/p>\n<p><strong>T\u00fcrkmenistany\u0148\u00a0Mejlisini\u0148 Ba\u015flygy<\/strong><\/p>\n<p><strong>D.Gulmanowa<\/strong><\/p>\n<p><em>A\u015fgabat \u015f\u00e4heri, 2023-nji \u00fdyly\u0148 24-nji sent\u00fdabry.<\/em><\/p>\n","protected":false},"excerpt":{"rendered":"<p>T\u00fcrkmenistany\u0148 Prezidenti\u00a0Serdar Gurbanguly\u00fdewi\u00e7 Berdimuhamedowa T\u00fcrkmenistany\u0148 Gahrymany di\u00fden ady\u00a0dakmak hakynda Berkarar d\u00f6wleti\u0148 t\u00e4ze e\u00fd\u00fdamyny\u0148 Galkyny\u015fy d\u00f6wr\u00fcnde T\u00fcrkmenistany\u0148 milli gara\u015fsyzlyk esaslaryny, Bitaraplyk \u00fd\u00f6relgelerini pugtalandyrmaga go\u015fan \u00e4girt uly \u015fahsy go\u015fandy, d\u00f6wleti\u0148 we jemgy\u00fdeti\u0148 \u00f6\u0148\u00fcnde bitiren a\u00fdratyn g\u00f6rn\u00fckli hyzmatlary, t\u00e4ze\u00e7il ba\u015flangy\u00e7lary \u00f6\u0148e s\u00fcr\u00fcp, demokratik, hukuk we d\u00fcn\u00fdewi d\u00f6wletimizi depginli \u00f6sd\u00fcrmekde, \u00fdurdumyzy\u0148 \u00f6s\u00fc\u015fini\u0148 t\u00e4ze tapgyrynda sy\u00fdasy we durmu\u015f-ykdysady \u00f6zgertmeleri\u0148 hukuk [&hellip;]<\/p>\n","protected":false},"author":2,"featured_media":70970,"comment_status":"open","ping_status":"closed","sticky":false,"template":"","format":"standard","meta":{"footnotes":""},"categories":[3],"tags":[],"acf":[],"_links":{"self":[{"href":"https:\/\/zamanturkmenistan.com.tm\/index.php?rest_route=\/wp\/v2\/posts\/87715"}],"collection":[{"href":"https:\/\/zamanturkmenistan.com.tm\/index.php?rest_route=\/wp\/v2\/posts"}],"about":[{"href":"https:\/\/zamanturkmenistan.com.tm\/index.php?rest_route=\/wp\/v2\/types\/post"}],"author":[{"embeddable":true,"href":"https:\/\/zamanturkmenistan.com.tm\/index.php?rest_route=\/wp\/v2\/users\/2"}],"replies":[{"embeddable":true,"href":"https:\/\/zamanturkmenistan.com.tm\/index.php?rest_route=%2Fwp%2Fv2%2Fcomments&post=87715"}],"version-history":[{"count":1,"href":"https:\/\/zamanturkmenistan.com.tm\/index.php?rest_route=\/wp\/v2\/posts\/87715\/revisions"}],"predecessor-version":[{"id":87716,"href":"https:\/\/zamanturkmenistan.com.tm\/index.php?rest_route=\/wp\/v2\/posts\/87715\/revisions\/87716"}],"wp:featuredmedia":[{"embeddable":true,"href":"https:\/\/zamanturkmenistan.com.tm\/index.php?rest_route=\/wp\/v2\/media\/70970"}],"wp:attachment":[{"href":"https:\/\/zamanturkmenistan.com.tm\/index.php?rest_route=%2Fwp%2Fv2%2Fmedia&parent=87715"}],"wp:term":[{"taxonomy":"category","embeddable":true,"href":"https:\/\/zamanturkmenistan.com.tm\/index.php?rest_route=%2Fwp%2Fv2%2Fcategories&post=87715"},{"taxonomy":"post_tag","embeddable":true,"href":"https:\/\/zamanturkmenistan.com.tm\/index.php?rest_route=%2Fwp%2Fv2%2Ftags&post=87715"}],"curies":[{"name":"wp","href":"https:\/\/api.w.org\/{rel}","templated":true}]}}