{"id":87822,"date":"2023-09-26T00:01:53","date_gmt":"2023-09-25T19:01:53","guid":{"rendered":"https:\/\/zamanturkmenistan.com.tm\/?p=87822"},"modified":"2023-09-26T09:46:13","modified_gmt":"2023-09-26T04:46:13","slug":"germaniyanyn-kansleri-merkezi-aziya-dowletlerinin-prezidentleri-bilen-dususar","status":"publish","type":"post","link":"https:\/\/zamanturkmenistan.com.tm\/?p=87822","title":{"rendered":"Germani\u00fdany\u0148 Kansleri Merkezi Azi\u00fda d\u00f6wletlerini\u00f1 Prezidentleri bilen du\u015fu\u015far"},"content":{"rendered":"<p>Ger\u00adma\u00adni\u00ad\u00fda\u00adny\u0148 Fe\u00adde\u00adral met\u00adbu\u00adgat we mag\u00adlu\u00admat gul\u00adlu\u00adgy\u00adny\u0148 ha\u00adba\u00adry\u00adna g\u00f6\u00adr\u00e4, 29-njy sent\u00ad\u00fdabr\u00adda Ger\u00adma\u00adni\u00ad\u00fda\u00adny\u0148 Kans\u00adle\u00adri Olaf \u015eolz Ber\u00adlin\u00adde Mer\u00adke\u00adzi Azi\u00ad\u00fda\u00adny\u0148 b\u00e4\u015f d\u00f6w\u00adle\u00adti\u00adni\u0148 \u2013 Ga\u00adza\u00adgys\u00adta\u00adny\u0148, Gyr\u00adgy\u00adzys\u00adta\u00adny\u0148, T\u00e4\u00adji\u00adgis\u00adta\u00adny\u0148, T\u00fcrk\u00adme\u00adnis\u00adta\u00adny\u0148 we \u00d6z\u00adbe\u00adgis\u00adta\u00adny\u0148 Pre\u00adzi\u00addent\u00adle\u00adri bi\u00adlen du\u00ad\u015fu\u00ad\u015far.<br \/>\nMer\u00adke\u00adzi Azi\u00ad\u00fda\u00adny\u0148 d\u00f6w\u00adlet Ba\u015f\u00adtu\u00adtan\u00adla\u00adry, Fe\u00adde\u00adral Kans\u00adle\u00adri\u0148 \u00e7a\u00adky\u00adly\u00adgy bo\u00ad\u00fdun\u00ad\u00e7a bu for\u00admat\u00adda il\u00adkin\u00adji ge\u00adzek \u00ddew\u00adro\u00adpa Bi\u00adle\u00adle\u00ad\u015fi\u00adgi\u00adne ag\u00adza \u00fdurt\u00adla\u00adry\u0148 bi\u00adri bi\u00adlen du\u00ad\u015fu\u00ad\u015far.<br \/>\n\u2013 Bi\u00adle\u00adlik\u00add\u00e4\u00adki i\u015f na\u00adha\u00adryn\u00adda se\u00adbit we yk\u00addy\u00adsa\u00addy hyz\u00admat\u00adda\u015f\u00adly\u00adgy pug\u00adta\u00adlan\u00addyr\u00adma\u00adga, \u015fe\u00fd\u00adle hem se\u00adbit we Ger\u00adma\u00adni\u00ad\u00fda \u00fc\u00e7in m\u00f6\u00adh\u00fcm bo\u00adlan \u00f6za\u00adra gat\u00adna\u00ad\u015fyk me\u00adse\u00adle\u00adle\u00adri\u00adne se\u00adre\u00addi\u00adler \u2013 di\u00fd\u00adlip, met\u00adbu\u00adgat be\u00ad\u00fda\u00adna\u00adtyn\u00adda bel\u00adle\u00adni\u00adlip ge\u00ad\u00e7il\u00ad\u00fd\u00e4r.<br \/>\n\u015ee\u00fd\u00adle hem 28-nji sent\u00ad\u00fdabr\u00adda \u015eolz Ga\u00adza\u00adgys\u00adta\u00adny\u0148 Pre\u00adzi\u00adden\u00adti Ka\u00adsym-Jo\u00admart To\u00adka\u00ad\u00fdew bi\u00adlen iki\u00adta\u00adrap\u00adla\u00ad\u00fdyn du\u00ad\u015fu\u00ad\u015fyk ge\u00ad\u00e7i\u00adrer. \u00d6z\u00adbe\u00adgis\u00adta\u00adny\u0148, T\u00e4\u00adji\u00adgis\u00adta\u00adny\u0148, Gyr\u00adgy\u00adzys\u00adta\u00adny\u0148 we T\u00fcrk\u00adme\u00adnis\u00adta\u00adny\u0148 Pre\u00adzi\u00addent\u00adle\u00adri bi\u00adlen iki\u00adta\u00adrap\u00adla\u00ad\u00fdyn gep\u00adle\u00ad\u015fik\u00adler 29-njy sent\u00ad\u00fdabr\u00adda me\u00ad\u00fdil\u00adle\u015f\u00addi\u00adril\u00ad\u00fd\u00e4r.<br \/>\nGep\u00adle\u00ad\u015fik\u00adle\u00adri\u0148 do\u00adwa\u00admyn\u00adda iki\u00adta\u00adrap\u00adla\u00ad\u00fdyn gat\u00adna\u00ad\u015fyk\u00adlar, yk\u00addy\u00adsa\u00addy we ener\u00adge\u00adti\u00adka sy\u00ad\u00fda\u00adsat\u00adla\u00adryn\u00adda hyz\u00admat\u00adda\u015f\u00adly\u00adgy \u00f6z i\u00e7i\u00adne al\u00ad\u00fdan k\u00f6p san\u00adly me\u00adse\u00adl\u00e4\u00adni\u0148 ara al\u00adnyp mas\u00adla\u00adhat\u00adla\u00ad\u015fyl\u00adma\u00adgy\u00adna ga\u00adra\u00ad\u015fyl\u00ad\u00fdar.<br \/>\n29-njy sent\u00ad\u00fdabr\u00adda Ger\u00adma\u00adni\u00ad\u00fda\u00adny\u0148 Pre\u00adzi\u00adden\u00adti Frank-Wal\u00adter Sta\u00fdn\u00adme\u00ad\u00fde\u00adri\u0148 Ber\u00adlin\u00adde Mer\u00adke\u00adzi Azi\u00ad\u00fda \u00fdurt\u00adla\u00adry\u00adny\u0148 Pre\u00adzi\u00addent\u00adle\u00adri bi\u00adlen du\u00ad\u015fu\u015f\u00adjak\u00addy\u00adgy ha\u00adbar be\u00adril\u00addi.<\/p>\n","protected":false},"excerpt":{"rendered":"<p>Ger\u00adma\u00adni\u00ad\u00fda\u00adny\u0148 Fe\u00adde\u00adral met\u00adbu\u00adgat we mag\u00adlu\u00admat gul\u00adlu\u00adgy\u00adny\u0148 ha\u00adba\u00adry\u00adna g\u00f6\u00adr\u00e4, 29-njy sent\u00ad\u00fdabr\u00adda Ger\u00adma\u00adni\u00ad\u00fda\u00adny\u0148 Kans\u00adle\u00adri Olaf \u015eolz Ber\u00adlin\u00adde Mer\u00adke\u00adzi Azi\u00ad\u00fda\u00adny\u0148 b\u00e4\u015f d\u00f6w\u00adle\u00adti\u00adni\u0148 \u2013 Ga\u00adza\u00adgys\u00adta\u00adny\u0148, Gyr\u00adgy\u00adzys\u00adta\u00adny\u0148, T\u00e4\u00adji\u00adgis\u00adta\u00adny\u0148, T\u00fcrk\u00adme\u00adnis\u00adta\u00adny\u0148 we \u00d6z\u00adbe\u00adgis\u00adta\u00adny\u0148 Pre\u00adzi\u00addent\u00adle\u00adri bi\u00adlen du\u00ad\u015fu\u00ad\u015far. Mer\u00adke\u00adzi Azi\u00ad\u00fda\u00adny\u0148 d\u00f6w\u00adlet Ba\u015f\u00adtu\u00adtan\u00adla\u00adry, Fe\u00adde\u00adral Kans\u00adle\u00adri\u0148 \u00e7a\u00adky\u00adly\u00adgy bo\u00ad\u00fdun\u00ad\u00e7a bu for\u00admat\u00adda il\u00adkin\u00adji ge\u00adzek \u00ddew\u00adro\u00adpa Bi\u00adle\u00adle\u00ad\u015fi\u00adgi\u00adne ag\u00adza \u00fdurt\u00adla\u00adry\u0148 bi\u00adri bi\u00adlen du\u00ad\u015fu\u00ad\u015far. \u2013 Bi\u00adle\u00adlik\u00add\u00e4\u00adki i\u015f na\u00adha\u00adryn\u00adda se\u00adbit we yk\u00addy\u00adsa\u00addy [&hellip;]<\/p>\n","protected":false},"author":2,"featured_media":87824,"comment_status":"open","ping_status":"closed","sticky":false,"template":"","format":"standard","meta":{"footnotes":""},"categories":[5,3],"tags":[],"acf":[],"_links":{"self":[{"href":"https:\/\/zamanturkmenistan.com.tm\/index.php?rest_route=\/wp\/v2\/posts\/87822"}],"collection":[{"href":"https:\/\/zamanturkmenistan.com.tm\/index.php?rest_route=\/wp\/v2\/posts"}],"about":[{"href":"https:\/\/zamanturkmenistan.com.tm\/index.php?rest_route=\/wp\/v2\/types\/post"}],"author":[{"embeddable":true,"href":"https:\/\/zamanturkmenistan.com.tm\/index.php?rest_route=\/wp\/v2\/users\/2"}],"replies":[{"embeddable":true,"href":"https:\/\/zamanturkmenistan.com.tm\/index.php?rest_route=%2Fwp%2Fv2%2Fcomments&post=87822"}],"version-history":[{"count":2,"href":"https:\/\/zamanturkmenistan.com.tm\/index.php?rest_route=\/wp\/v2\/posts\/87822\/revisions"}],"predecessor-version":[{"id":87835,"href":"https:\/\/zamanturkmenistan.com.tm\/index.php?rest_route=\/wp\/v2\/posts\/87822\/revisions\/87835"}],"wp:featuredmedia":[{"embeddable":true,"href":"https:\/\/zamanturkmenistan.com.tm\/index.php?rest_route=\/wp\/v2\/media\/87824"}],"wp:attachment":[{"href":"https:\/\/zamanturkmenistan.com.tm\/index.php?rest_route=%2Fwp%2Fv2%2Fmedia&parent=87822"}],"wp:term":[{"taxonomy":"category","embeddable":true,"href":"https:\/\/zamanturkmenistan.com.tm\/index.php?rest_route=%2Fwp%2Fv2%2Fcategories&post=87822"},{"taxonomy":"post_tag","embeddable":true,"href":"https:\/\/zamanturkmenistan.com.tm\/index.php?rest_route=%2Fwp%2Fv2%2Ftags&post=87822"}],"curies":[{"name":"wp","href":"https:\/\/api.w.org\/{rel}","templated":true}]}}