{"id":88067,"date":"2023-09-29T11:21:41","date_gmt":"2023-09-29T06:21:41","guid":{"rendered":"https:\/\/zamanturkmenistan.com.tm\/?p=88067"},"modified":"2023-09-29T11:33:38","modified_gmt":"2023-09-29T06:33:38","slug":"stokgolm-metrosynda-surujisiz-otlular-peyda-bolar","status":"publish","type":"post","link":"https:\/\/zamanturkmenistan.com.tm\/?p=88067","title":{"rendered":"Stokgolm metrosynda s\u00fcr\u00fcjisiz otlular pe\u00fdda bolar"},"content":{"rendered":"<p>Stok\u00adgolm met\u00adro\u00adsyn\u00adda \u201cFrid\u00adhemsp\u00adlan\u201d bi\u00adlen \u201cElwh\u00ad\u00fdo\u201d stan\u00adsi\u00ad\u00fda\u00adla\u00adry\u00adny\u0148 ara\u00adsyn\u00adda al\u00adty stan\u00adsi\u00ad\u00fda\u00adly t\u00e4\u00adze ugur gur\u00admak me\u00ad\u00fdil\u00adle\u015f\u00addi\u00adril\u00ad\u00fd\u00e4r. Mag\u00adlu\u00admat\u00adla\u00adra g\u00f6\u00adr\u00e4, onu\u0148 gur\u00adlu\u00ad\u015fy\u00adgy do\u00adkuz \u00fdyl do\u00adwam eder.<br \/>\nStok\u00adgolm se\u00adbit ge\u00ad\u0148e\u00ad\u015fi met\u00adro ug\u00adru\u00adny\u0148 \u015ewe\u00adsi\u00ad\u00fda\u00adda il\u00adkin\u00adji s\u00fc\u00adr\u00fc\u00adji\u00adsiz ot\u00adly bol\u00adjak\u00addy\u00adgy\u00adny ha\u00adbar ber\u00addi. Ge\u00ad\u0148e\u015f ag\u00adza\u00adla\u00adry s\u00fc\u00adr\u00fc\u00adji\u00adsiz ot\u00adlu\u00adla\u00adry\u0148 ener\u00adgi\u00ad\u00fda tyg\u00ad\u015fyt\u00adla\u00ad\u00fdan\u00addy\u00adgy\u00adna we ada\u00adty ot\u00adlu\u00adla\u00adra ga\u00adra\u00adny\u0148\u00adda, teh\u00adni\u00adki ta\u00fd\u00addan hyz\u00admat et\u00adme\u00adgi\u0148 ze\u00adrur\u00adly\u00adgy\u00adny\u0148 az bol\u00adjak\u00addy\u00adgy\u00adny bel\u00adle\u00ad\u00fd\u00e4r\u00adler. \u015ee\u00fd\u00adle-de s\u00fc\u00adr\u00fc\u00adji\u00adsiz ot\u00adlu\u00adla\u00adry ag\u00ad\u015fam do\u00adlan\u00addyr\u00adma\u00adgy\u0148 a\u0148\u00adsat bol\u00adjak\u00addy\u00adgy bel\u00adle\u00adnil\u00ad\u00fd\u00e4r.<br \/>\nMet\u00adro ula\u00adny\u00adjy\u00adla\u00adry s\u00fc\u00adr\u00fc\u00adji\u00adsiz ot\u00adlu\u00adla\u00adry\u0148 ide\u00ad\u00fda\u00adsy\u00adna \u015f\u00fcb\u00adhe\u00adli ga\u00adrap, adam ta\u00adra\u00adpyn\u00addan do\u00adlan\u00addy\u00adryl\u00ad\u00fdan ulag\u00adda sy\u00ad\u00fda\u00adhat et\u00adme\u00adgi\u0148 has yg\u00adty\u00adbar\u00adly\u00addy\u00adgy\u00adny bel\u00adle\u00addi\u00adler.<\/p>\n","protected":false},"excerpt":{"rendered":"<p>Stok\u00adgolm met\u00adro\u00adsyn\u00adda \u201cFrid\u00adhemsp\u00adlan\u201d bi\u00adlen \u201cElwh\u00ad\u00fdo\u201d stan\u00adsi\u00ad\u00fda\u00adla\u00adry\u00adny\u0148 ara\u00adsyn\u00adda al\u00adty stan\u00adsi\u00ad\u00fda\u00adly t\u00e4\u00adze ugur gur\u00admak me\u00ad\u00fdil\u00adle\u015f\u00addi\u00adril\u00ad\u00fd\u00e4r. Mag\u00adlu\u00admat\u00adla\u00adra g\u00f6\u00adr\u00e4, onu\u0148 gur\u00adlu\u00ad\u015fy\u00adgy do\u00adkuz \u00fdyl do\u00adwam eder. Stok\u00adgolm se\u00adbit ge\u00ad\u0148e\u00ad\u015fi met\u00adro ug\u00adru\u00adny\u0148 \u015ewe\u00adsi\u00ad\u00fda\u00adda il\u00adkin\u00adji s\u00fc\u00adr\u00fc\u00adji\u00adsiz ot\u00adly bol\u00adjak\u00addy\u00adgy\u00adny ha\u00adbar ber\u00addi. Ge\u00ad\u0148e\u015f ag\u00adza\u00adla\u00adry s\u00fc\u00adr\u00fc\u00adji\u00adsiz ot\u00adlu\u00adla\u00adry\u0148 ener\u00adgi\u00ad\u00fda tyg\u00ad\u015fyt\u00adla\u00ad\u00fdan\u00addy\u00adgy\u00adna we ada\u00adty ot\u00adlu\u00adla\u00adra ga\u00adra\u00adny\u0148\u00adda, teh\u00adni\u00adki ta\u00fd\u00addan hyz\u00admat et\u00adme\u00adgi\u0148 ze\u00adrur\u00adly\u00adgy\u00adny\u0148 az bol\u00adjak\u00addy\u00adgy\u00adny bel\u00adle\u00ad\u00fd\u00e4r\u00adler. \u015ee\u00fd\u00adle-de s\u00fc\u00adr\u00fc\u00adji\u00adsiz ot\u00adlu\u00adla\u00adry ag\u00ad\u015fam [&hellip;]<\/p>\n","protected":false},"author":2,"featured_media":88068,"comment_status":"open","ping_status":"closed","sticky":false,"template":"","format":"standard","meta":{"footnotes":""},"categories":[5],"tags":[],"acf":[],"_links":{"self":[{"href":"https:\/\/zamanturkmenistan.com.tm\/index.php?rest_route=\/wp\/v2\/posts\/88067"}],"collection":[{"href":"https:\/\/zamanturkmenistan.com.tm\/index.php?rest_route=\/wp\/v2\/posts"}],"about":[{"href":"https:\/\/zamanturkmenistan.com.tm\/index.php?rest_route=\/wp\/v2\/types\/post"}],"author":[{"embeddable":true,"href":"https:\/\/zamanturkmenistan.com.tm\/index.php?rest_route=\/wp\/v2\/users\/2"}],"replies":[{"embeddable":true,"href":"https:\/\/zamanturkmenistan.com.tm\/index.php?rest_route=%2Fwp%2Fv2%2Fcomments&post=88067"}],"version-history":[{"count":1,"href":"https:\/\/zamanturkmenistan.com.tm\/index.php?rest_route=\/wp\/v2\/posts\/88067\/revisions"}],"predecessor-version":[{"id":88069,"href":"https:\/\/zamanturkmenistan.com.tm\/index.php?rest_route=\/wp\/v2\/posts\/88067\/revisions\/88069"}],"wp:featuredmedia":[{"embeddable":true,"href":"https:\/\/zamanturkmenistan.com.tm\/index.php?rest_route=\/wp\/v2\/media\/88068"}],"wp:attachment":[{"href":"https:\/\/zamanturkmenistan.com.tm\/index.php?rest_route=%2Fwp%2Fv2%2Fmedia&parent=88067"}],"wp:term":[{"taxonomy":"category","embeddable":true,"href":"https:\/\/zamanturkmenistan.com.tm\/index.php?rest_route=%2Fwp%2Fv2%2Fcategories&post=88067"},{"taxonomy":"post_tag","embeddable":true,"href":"https:\/\/zamanturkmenistan.com.tm\/index.php?rest_route=%2Fwp%2Fv2%2Ftags&post=88067"}],"curies":[{"name":"wp","href":"https:\/\/api.w.org\/{rel}","templated":true}]}}