{"id":88081,"date":"2023-09-29T11:36:46","date_gmt":"2023-09-29T06:36:46","guid":{"rendered":"https:\/\/zamanturkmenistan.com.tm\/?p=88081"},"modified":"2023-09-29T11:36:46","modified_gmt":"2023-09-29T06:36:46","slug":"dunyanin-ucunji-uzyn-gowagy","status":"publish","type":"post","link":"https:\/\/zamanturkmenistan.com.tm\/?p=88081","title":{"rendered":"D\u00fcn\u00ad\u00fd\u00e4\u00adni\u0148 \u00fc\u00e7\u00fcn\u00adji uzyn go\u00adwa\u00adgy"},"content":{"rendered":"<p>Hy\u00adta\u00ad\u00fdy\u0148 g\u00fc\u00adnor\u00adta-g\u00fcn\u00adba\u00adta\u00adryn\u00adda\u00adky Gu\u00fd\u00e7\u00ad\u017eou we\u00adla\u00ad\u00fda\u00adtyn\u00adda\u00adky \u015eu\u00adan\u00adhe\u00addun go\u00adwak ul\u00adga\u00admy d\u00fcn\u00ad\u00fd\u00e4\u00adni\u0148 uzyn\u00adly\u00adgy bo\u00ad\u00fdun\u00ad\u00e7a \u00fc\u00e7\u00fcn\u00adji go\u00adwa\u00adgy di\u00fd\u00adlip yk\u00adrar edil\u00addi. Go\u00adwa\u00adgy\u0148 uzyn\u00adly\u00adgy 409,9 ki\u00adlo\u00admet\u00adre, i\u0148 \u00e7u\u0148 \u00fde\u00adri 912 met\u00adre \u00fdet\u00ad\u00fd\u00e4r. \u015ee\u00fd\u00adle hem bu go\u00adwak Azi\u00ad\u00fda\u00adda\u00adky i\u0148 uzyn go\u00adwak ha\u00adsap\u00adlan\u00ad\u00fdar. So\u0148\u00adky ge\u00ad\u00e7i\u00adri\u00adlen bar\u00adlag\u00adda go\u00adwa\u00adgy\u0148 i\u00e7in\u00adde 40 sa\u00adny pan\u00adda\u00adny\u0148 ga\u00adlyn\u00addy\u00adla\u00adry we be\u00fd\u00adle\u00adki pa\u00adle\u00adon\u00adto\u00adlo\u00adgik ga\u00adlyn\u00addy\u00adla\u00adry ta\u00adpyl\u00addy. Go\u00adwa\u00adgy \u00f6w\u00adren\u00admek \u00fc\u00e7in ge\u00ad\u00e7i\u00adri\u00adlen bar\u00adla\u00adga we\u00adla\u00ad\u00fda\u00adty\u0148 Dag se\u00adri\u015f\u00adde\u00adle\u00adri ins\u00adti\u00adtu\u00adtyn\u00addan, Go\u00adwak\u00adlar bi\u00adle\u00adle\u00ad\u015fi\u00adgin\u00adden hem-de Fran\u00adsi\u00ad\u00fda\u00addan, Ita\u00adli\u00ad\u00fda\u00addan we Bel\u00adgi\u00ad\u00fda\u00addan 30-dan gow\u00adrak h\u00fc\u00adn\u00e4r\u00adme\u00adni\u0148 gat\u00adna\u00ad\u015fan\u00addy\u00adgy a\u00fd\u00addyl\u00addy.<br \/>\nMun\u00addan ozal 2019-njy \u00fdyl\u00adda hal\u00adka\u00adra bi\u00adler\u00admen\u00adle\u00adri\u0148 ge\u00ad\u00e7i\u00adren bar\u00adla\u00adgyn\u00adda go\u00adwak ul\u00adga\u00admy\u00adny\u0148 uzyn\u00adly\u00adgy 257,4 ki\u00adlo\u00admetr, \u00e7u\u0148\u00adlu\u00adgy 665 metr di\u00fd\u00adlip ha\u00adsap\u00adla\u00adnyp\u00addy.<br \/>\nAlym\u00adlar bu \u00fder\u00adde ga\u00addy\u00admy d\u00f6\u00adw\u00fcr\u00adde \u00fda\u00ad\u015fap ge\u00ad\u00e7en jan\u00addar\u00adla\u00adry\u0148 ga\u00adlyn\u00addy\u00adsy\u00adny\u0148 ylym \u00fc\u00e7in \u00e4h\u00admi\u00ad\u00fdet\u00adli\u00addi\u00adgi\u00adni bel\u00adle\u00ad\u00fd\u00e4r\u00adler.<br \/>\nHal\u00adka\u00adra bi\u00adler\u00admen\u00adler\u00adden yba\u00adrat to\u00adpar\u00adlar 1988-nji \u00fdyl\u00addan b\u00e4\u00adri bu go\u00adwa\u00adkda je\u00admi 22 yl\u00admy-bar\u00adlag i\u015flerini ge\u00ad\u00e7i\u00adrip\u00addir.<\/p>\n<p style=\"text-align: right;\"><strong>Ene\u015f RO\u00adZY\u00ad\u00ddE\u00adWA, <\/strong><br \/>\n<strong>T\u00fcrk\u00admen d\u00f6w\u00adlet ma\u00adli\u00ad\u00fde ins\u00adti\u00adtu\u00adty\u00adny\u0148 mu\u00adgal\u00adly\u00admy.<\/strong><\/p>\n","protected":false},"excerpt":{"rendered":"<p>Hy\u00adta\u00ad\u00fdy\u0148 g\u00fc\u00adnor\u00adta-g\u00fcn\u00adba\u00adta\u00adryn\u00adda\u00adky Gu\u00fd\u00e7\u00ad\u017eou we\u00adla\u00ad\u00fda\u00adtyn\u00adda\u00adky \u015eu\u00adan\u00adhe\u00addun go\u00adwak ul\u00adga\u00admy d\u00fcn\u00ad\u00fd\u00e4\u00adni\u0148 uzyn\u00adly\u00adgy bo\u00ad\u00fdun\u00ad\u00e7a \u00fc\u00e7\u00fcn\u00adji go\u00adwa\u00adgy di\u00fd\u00adlip yk\u00adrar edil\u00addi. Go\u00adwa\u00adgy\u0148 uzyn\u00adly\u00adgy 409,9 ki\u00adlo\u00admet\u00adre, i\u0148 \u00e7u\u0148 \u00fde\u00adri 912 met\u00adre \u00fdet\u00ad\u00fd\u00e4r. \u015ee\u00fd\u00adle hem bu go\u00adwak Azi\u00ad\u00fda\u00adda\u00adky i\u0148 uzyn go\u00adwak ha\u00adsap\u00adlan\u00ad\u00fdar. So\u0148\u00adky ge\u00ad\u00e7i\u00adri\u00adlen bar\u00adlag\u00adda go\u00adwa\u00adgy\u0148 i\u00e7in\u00adde 40 sa\u00adny pan\u00adda\u00adny\u0148 ga\u00adlyn\u00addy\u00adla\u00adry we be\u00fd\u00adle\u00adki pa\u00adle\u00adon\u00adto\u00adlo\u00adgik ga\u00adlyn\u00addy\u00adla\u00adry ta\u00adpyl\u00addy. Go\u00adwa\u00adgy \u00f6w\u00adren\u00admek \u00fc\u00e7in ge\u00ad\u00e7i\u00adri\u00adlen bar\u00adla\u00adga we\u00adla\u00ad\u00fda\u00adty\u0148 Dag [&hellip;]<\/p>\n","protected":false},"author":2,"featured_media":88082,"comment_status":"open","ping_status":"closed","sticky":false,"template":"","format":"standard","meta":{"footnotes":""},"categories":[5],"tags":[],"acf":[],"_links":{"self":[{"href":"https:\/\/zamanturkmenistan.com.tm\/index.php?rest_route=\/wp\/v2\/posts\/88081"}],"collection":[{"href":"https:\/\/zamanturkmenistan.com.tm\/index.php?rest_route=\/wp\/v2\/posts"}],"about":[{"href":"https:\/\/zamanturkmenistan.com.tm\/index.php?rest_route=\/wp\/v2\/types\/post"}],"author":[{"embeddable":true,"href":"https:\/\/zamanturkmenistan.com.tm\/index.php?rest_route=\/wp\/v2\/users\/2"}],"replies":[{"embeddable":true,"href":"https:\/\/zamanturkmenistan.com.tm\/index.php?rest_route=%2Fwp%2Fv2%2Fcomments&post=88081"}],"version-history":[{"count":1,"href":"https:\/\/zamanturkmenistan.com.tm\/index.php?rest_route=\/wp\/v2\/posts\/88081\/revisions"}],"predecessor-version":[{"id":88083,"href":"https:\/\/zamanturkmenistan.com.tm\/index.php?rest_route=\/wp\/v2\/posts\/88081\/revisions\/88083"}],"wp:featuredmedia":[{"embeddable":true,"href":"https:\/\/zamanturkmenistan.com.tm\/index.php?rest_route=\/wp\/v2\/media\/88082"}],"wp:attachment":[{"href":"https:\/\/zamanturkmenistan.com.tm\/index.php?rest_route=%2Fwp%2Fv2%2Fmedia&parent=88081"}],"wp:term":[{"taxonomy":"category","embeddable":true,"href":"https:\/\/zamanturkmenistan.com.tm\/index.php?rest_route=%2Fwp%2Fv2%2Fcategories&post=88081"},{"taxonomy":"post_tag","embeddable":true,"href":"https:\/\/zamanturkmenistan.com.tm\/index.php?rest_route=%2Fwp%2Fv2%2Ftags&post=88081"}],"curies":[{"name":"wp","href":"https:\/\/api.w.org\/{rel}","templated":true}]}}