{"id":88189,"date":"2023-09-29T19:44:27","date_gmt":"2023-09-29T14:44:27","guid":{"rendered":"https:\/\/zamanturkmenistan.com.tm\/?p=88189"},"modified":"2023-09-29T19:44:27","modified_gmt":"2023-09-29T14:44:27","slug":"turkmen-ispan-hyzmatdaslygynyn-meseleleri-ara-alnyp-maslahatlasyldy","status":"publish","type":"post","link":"https:\/\/zamanturkmenistan.com.tm\/?p=88189","title":{"rendered":"T\u00fcrkmen-ispan hyzmatda\u015flygyny\u0148 meseleleri ara alnyp maslahatla\u015fyldy"},"content":{"rendered":"<p>28-nji sent\u00ad\u00fdabr\u00adda T\u00fcrk\u00adme\u00adnis\u00adta\u00adny\u0148 da\u00ad\u015fa\u00adry i\u015f\u00adler mi\u00adnist\u00adri\u00adni\u0148 orun\u00adba\u00adsa\u00adry M\u00e4h\u00adri B\u00e4\u00ad\u015fi\u00admo\u00adwa Is\u00adpa\u00adni\u00ad\u00fda Pa\u00adty\u00ad\u015fa\u00adly\u00adgy\u00adny\u0148 T\u00fcrk\u00adme\u00adnis\u00adtan\u00adda t\u00e4\u00adze bel\u00adle\u00adnen Il\u00ad\u00e7i\u00adsi (otur\u00ad\u00fdan \u00fde\u00adri Mosk\u00adwa \u015f.) Mar\u00adkos Go\u00admes Mar\u00adti\u00adne\u00adsi\u0148 ynan\u00e7 hat\u00adla\u00adry\u00adny\u0148 nus\u00adga\u00adla\u00adry\u00adny ka\u00adbul et\u00addi.<br \/>\nM.B\u00e4\u00ad\u015fi\u00admo\u00adwa Il\u00ad\u00e7i\u00adni jo\u00adgap\u00adk\u00e4r\u00adli we\u00adzi\u00adp\u00e4 bel\u00adle\u00adnil\u00adme\u00adgi bi\u00adlen gut\u00adla\u00addy we onu\u0148 dip\u00adlo\u00adma\u00adtik i\u015fi\u00adni ama\u00adla a\u015fyr\u00admak\u00adda t\u00fcrk\u00admen ta\u00adra\u00adpy\u00adny\u0148 \u00fdar\u00addam we gol\u00addaw ber\u00adm\u00e4\u00adge ta\u00fd\u00ad\u00fdar\u00addy\u00adgy\u00adny nyg\u00adta\u00addy.<br \/>\nDip\u00adlo\u00admat\u00adlar d\u00f6w\u00adle\u00adta\u00adra hyz\u00admat\u00adda\u015f\u00adly\u00adgy\u0148 h\u00e4\u00adzir\u00adki g\u00fcn ter\u00adti\u00adbi\u00adni ara alyp mas\u00adla\u00adhat\u00adla\u015f\u00addy\u00adlar, \u015fe\u00fd\u00adle hem T\u00fcrk\u00adme\u00adnis\u00adtan bi\u00adlen Is\u00adpa\u00adni\u00ad\u00fda\u00adny\u0148 mun\u00addan be\u00fd\u00adl\u00e4k-de iki\u00adta\u00adrap\u00adla\u00ad\u00fdyn hem-de hal\u00adka\u00adra d\u00fc\u00adz\u00fcm\u00adle\u00adri\u0148 \u00e7\u00e4k\u00adle\u00adrin\u00adde \u00f6za\u00adra gat\u00adna\u00ad\u015fyk\u00adla\u00adry\u00adny\u0148 m\u00fcm\u00adkin\u00ad\u00e7i\u00adlik\u00adle\u00adri bo\u00ad\u00fdun\u00ad\u00e7a pi\u00adkir aly\u015f\u00addy\u00adlar.<br \/>\nTa\u00adrap\u00adlar oba ho\u00adja\u00adlyk, ulag-lo\u00adgis\u00adti\u00adka, \u015fe\u00fd\u00adle hem me\u00adde\u00adni-yn\u00adsan\u00adper\u00adwer, bi\u00adlim mak\u00adsat\u00adna\u00adma\u00adla\u00adry hem-de is\u00adpan di\u00adli\u00adni \u00f6w\u00adren\u00admek \u00fda\u00adly ile\u00adri tu\u00adtul\u00ad\u00fdan ugur\u00adlar bo\u00ad\u00fdun\u00ad\u00e7a hyz\u00admat\u00adda\u015f\u00adly\u00adgy i\u015f\u00adje\u0148\u00adle\u015f\u00addir\u00adme\u00adgi\u0148 ze\u00adrur\u00addy\u00adgy\u00adny bel\u00adle\u00addi\u00adler.<\/p>\n","protected":false},"excerpt":{"rendered":"<p>28-nji sent\u00ad\u00fdabr\u00adda T\u00fcrk\u00adme\u00adnis\u00adta\u00adny\u0148 da\u00ad\u015fa\u00adry i\u015f\u00adler mi\u00adnist\u00adri\u00adni\u0148 orun\u00adba\u00adsa\u00adry M\u00e4h\u00adri B\u00e4\u00ad\u015fi\u00admo\u00adwa Is\u00adpa\u00adni\u00ad\u00fda Pa\u00adty\u00ad\u015fa\u00adly\u00adgy\u00adny\u0148 T\u00fcrk\u00adme\u00adnis\u00adtan\u00adda t\u00e4\u00adze bel\u00adle\u00adnen Il\u00ad\u00e7i\u00adsi (otur\u00ad\u00fdan \u00fde\u00adri Mosk\u00adwa \u015f.) Mar\u00adkos Go\u00admes Mar\u00adti\u00adne\u00adsi\u0148 ynan\u00e7 hat\u00adla\u00adry\u00adny\u0148 nus\u00adga\u00adla\u00adry\u00adny ka\u00adbul et\u00addi. M.B\u00e4\u00ad\u015fi\u00admo\u00adwa Il\u00ad\u00e7i\u00adni jo\u00adgap\u00adk\u00e4r\u00adli we\u00adzi\u00adp\u00e4 bel\u00adle\u00adnil\u00adme\u00adgi bi\u00adlen gut\u00adla\u00addy we onu\u0148 dip\u00adlo\u00adma\u00adtik i\u015fi\u00adni ama\u00adla a\u015fyr\u00admak\u00adda t\u00fcrk\u00admen ta\u00adra\u00adpy\u00adny\u0148 \u00fdar\u00addam we gol\u00addaw ber\u00adm\u00e4\u00adge ta\u00fd\u00ad\u00fdar\u00addy\u00adgy\u00adny nyg\u00adta\u00addy. Dip\u00adlo\u00admat\u00adlar d\u00f6w\u00adle\u00adta\u00adra hyz\u00admat\u00adda\u015f\u00adly\u00adgy\u0148 h\u00e4\u00adzir\u00adki g\u00fcn ter\u00adti\u00adbi\u00adni ara [&hellip;]<\/p>\n","protected":false},"author":2,"featured_media":88190,"comment_status":"open","ping_status":"closed","sticky":false,"template":"","format":"standard","meta":{"footnotes":""},"categories":[3],"tags":[],"acf":[],"_links":{"self":[{"href":"https:\/\/zamanturkmenistan.com.tm\/index.php?rest_route=\/wp\/v2\/posts\/88189"}],"collection":[{"href":"https:\/\/zamanturkmenistan.com.tm\/index.php?rest_route=\/wp\/v2\/posts"}],"about":[{"href":"https:\/\/zamanturkmenistan.com.tm\/index.php?rest_route=\/wp\/v2\/types\/post"}],"author":[{"embeddable":true,"href":"https:\/\/zamanturkmenistan.com.tm\/index.php?rest_route=\/wp\/v2\/users\/2"}],"replies":[{"embeddable":true,"href":"https:\/\/zamanturkmenistan.com.tm\/index.php?rest_route=%2Fwp%2Fv2%2Fcomments&post=88189"}],"version-history":[{"count":1,"href":"https:\/\/zamanturkmenistan.com.tm\/index.php?rest_route=\/wp\/v2\/posts\/88189\/revisions"}],"predecessor-version":[{"id":88191,"href":"https:\/\/zamanturkmenistan.com.tm\/index.php?rest_route=\/wp\/v2\/posts\/88189\/revisions\/88191"}],"wp:featuredmedia":[{"embeddable":true,"href":"https:\/\/zamanturkmenistan.com.tm\/index.php?rest_route=\/wp\/v2\/media\/88190"}],"wp:attachment":[{"href":"https:\/\/zamanturkmenistan.com.tm\/index.php?rest_route=%2Fwp%2Fv2%2Fmedia&parent=88189"}],"wp:term":[{"taxonomy":"category","embeddable":true,"href":"https:\/\/zamanturkmenistan.com.tm\/index.php?rest_route=%2Fwp%2Fv2%2Fcategories&post=88189"},{"taxonomy":"post_tag","embeddable":true,"href":"https:\/\/zamanturkmenistan.com.tm\/index.php?rest_route=%2Fwp%2Fv2%2Ftags&post=88189"}],"curies":[{"name":"wp","href":"https:\/\/api.w.org\/{rel}","templated":true}]}}