{"id":88213,"date":"2023-09-30T09:38:52","date_gmt":"2023-09-30T04:38:52","guid":{"rendered":"https:\/\/zamanturkmenistan.com.tm\/?p=88213"},"modified":"2023-09-30T09:38:52","modified_gmt":"2023-09-30T04:38:52","slug":"dusenbe-saherinde-halkara-gurjak-teatrlary-festiwaly-geciriler","status":"publish","type":"post","link":"https:\/\/zamanturkmenistan.com.tm\/?p=88213","title":{"rendered":"Du\u015fenbe \u015f\u00e4herinde Halkara gurjak teatrlary festiwaly ge\u00e7iriler"},"content":{"rendered":"<p>24-29-njy okt\u00ad\u00fdabr\u00adda T\u00e4\u00adji\u00adgis\u00adtan Res\u00adpub\u00adli\u00adka\u00adsyn\u00adda \u00ab\u00c7o\u00adda\u00adri Ha\u00ad\u00fdol\u00bb at\u00adly gur\u00adjak teatr\u00adla\u00adry\u00adny\u0148 VII fes\u00adti\u00adwa\u00adly ge\u00ad\u00e7i\u00adri\u00adler. \u00abHo\u00adwar\u00bb ha\u00adbar agent\u00adli\u00adgi\u00adni\u0148 \u00fdaz\u00adma\u00adgy\u00adna g\u00f6\u00adr\u00e4, bu fes\u00adti\u00adwa\u00adla T\u00fcrk\u00adme\u00adnis\u00adtan il\u00adkin\u00adji ge\u00adzek gat\u00adna\u00ad\u015far.<br \/>\nFes\u00adti\u00adwal gur\u00adjak teatr pu\u00adda\u00adgyn\u00adda\u00adky hyz\u00admat\u00adda\u015f\u00adly\u00adgy pug\u00adta\u00adlan\u00addyr\u00admak, mil\u00adli gur\u00adjak te\u00adat\u00adry\u00adny \u00f6s\u00add\u00fcr\u00admek, es\u00adte\u00adti\u00adki bi\u00adli\u00admi k\u00e4\u00admil\u00adle\u015f\u00addir\u00admek, \u015fe\u00fd\u00adle hem \u00fda\u015f nes\u00adli\u0148 d\u00fcn\u00ad\u00fd\u00e4\u00adga\u00adra\u00fd\u00ad\u015fy\u00adny gi\u00ad\u0148elt\u00admek mak\u00adsa\u00addy bi\u00adlen ge\u00ad\u00e7i\u00adril\u00ad\u00fd\u00e4r.<br \/>\nBu fes\u00adti\u00adwal\u00adda Rus\u00adsi\u00ad\u00fda\u00addan, Ga\u00adza\u00adgys\u00adtan\u00addan, \u00d6z\u00adbe\u00adgis\u00adtan\u00addan we E\u00fd\u00adran\u00addan ge\u00adlen pro\u00adfes\u00adsio\u00adnal gur\u00adjak teatr\u00adla\u00adry \u00e7y\u00adky\u015f eder. \u015ee\u00fd\u00adle hem bu mak\u00adsat\u00adna\u00adma, T\u00fcrk\u00admen d\u00f6w\u00adlet me\u00adde\u00adni\u00ad\u00fdet ins\u00adti\u00adtu\u00adty\u00adny\u0148 gur\u00adjak b\u00f6\u00adl\u00fc\u00admi\u00adni\u0148 ta\u00adlyp\u00adla\u00adry hem \u00e7y\u00adky\u015f eder\u00adler.<\/p>\n","protected":false},"excerpt":{"rendered":"<p>24-29-njy okt\u00ad\u00fdabr\u00adda T\u00e4\u00adji\u00adgis\u00adtan Res\u00adpub\u00adli\u00adka\u00adsyn\u00adda \u00ab\u00c7o\u00adda\u00adri Ha\u00ad\u00fdol\u00bb at\u00adly gur\u00adjak teatr\u00adla\u00adry\u00adny\u0148 VII fes\u00adti\u00adwa\u00adly ge\u00ad\u00e7i\u00adri\u00adler. \u00abHo\u00adwar\u00bb ha\u00adbar agent\u00adli\u00adgi\u00adni\u0148 \u00fdaz\u00adma\u00adgy\u00adna g\u00f6\u00adr\u00e4, bu fes\u00adti\u00adwa\u00adla T\u00fcrk\u00adme\u00adnis\u00adtan il\u00adkin\u00adji ge\u00adzek gat\u00adna\u00ad\u015far. Fes\u00adti\u00adwal gur\u00adjak teatr pu\u00adda\u00adgyn\u00adda\u00adky hyz\u00admat\u00adda\u015f\u00adly\u00adgy pug\u00adta\u00adlan\u00addyr\u00admak, mil\u00adli gur\u00adjak te\u00adat\u00adry\u00adny \u00f6s\u00add\u00fcr\u00admek, es\u00adte\u00adti\u00adki bi\u00adli\u00admi k\u00e4\u00admil\u00adle\u015f\u00addir\u00admek, \u015fe\u00fd\u00adle hem \u00fda\u015f nes\u00adli\u0148 d\u00fcn\u00ad\u00fd\u00e4\u00adga\u00adra\u00fd\u00ad\u015fy\u00adny gi\u00ad\u0148elt\u00admek mak\u00adsa\u00addy bi\u00adlen ge\u00ad\u00e7i\u00adril\u00ad\u00fd\u00e4r. Bu fes\u00adti\u00adwal\u00adda Rus\u00adsi\u00ad\u00fda\u00addan, Ga\u00adza\u00adgys\u00adtan\u00addan, \u00d6z\u00adbe\u00adgis\u00adtan\u00addan we E\u00fd\u00adran\u00addan ge\u00adlen pro\u00adfes\u00adsio\u00adnal gur\u00adjak [&hellip;]<\/p>\n","protected":false},"author":2,"featured_media":88214,"comment_status":"open","ping_status":"closed","sticky":false,"template":"","format":"standard","meta":{"footnotes":""},"categories":[3],"tags":[],"acf":[],"_links":{"self":[{"href":"https:\/\/zamanturkmenistan.com.tm\/index.php?rest_route=\/wp\/v2\/posts\/88213"}],"collection":[{"href":"https:\/\/zamanturkmenistan.com.tm\/index.php?rest_route=\/wp\/v2\/posts"}],"about":[{"href":"https:\/\/zamanturkmenistan.com.tm\/index.php?rest_route=\/wp\/v2\/types\/post"}],"author":[{"embeddable":true,"href":"https:\/\/zamanturkmenistan.com.tm\/index.php?rest_route=\/wp\/v2\/users\/2"}],"replies":[{"embeddable":true,"href":"https:\/\/zamanturkmenistan.com.tm\/index.php?rest_route=%2Fwp%2Fv2%2Fcomments&post=88213"}],"version-history":[{"count":1,"href":"https:\/\/zamanturkmenistan.com.tm\/index.php?rest_route=\/wp\/v2\/posts\/88213\/revisions"}],"predecessor-version":[{"id":88215,"href":"https:\/\/zamanturkmenistan.com.tm\/index.php?rest_route=\/wp\/v2\/posts\/88213\/revisions\/88215"}],"wp:featuredmedia":[{"embeddable":true,"href":"https:\/\/zamanturkmenistan.com.tm\/index.php?rest_route=\/wp\/v2\/media\/88214"}],"wp:attachment":[{"href":"https:\/\/zamanturkmenistan.com.tm\/index.php?rest_route=%2Fwp%2Fv2%2Fmedia&parent=88213"}],"wp:term":[{"taxonomy":"category","embeddable":true,"href":"https:\/\/zamanturkmenistan.com.tm\/index.php?rest_route=%2Fwp%2Fv2%2Fcategories&post=88213"},{"taxonomy":"post_tag","embeddable":true,"href":"https:\/\/zamanturkmenistan.com.tm\/index.php?rest_route=%2Fwp%2Fv2%2Ftags&post=88213"}],"curies":[{"name":"wp","href":"https:\/\/api.w.org\/{rel}","templated":true}]}}