{"id":88224,"date":"2023-09-30T10:26:16","date_gmt":"2023-09-30T05:26:16","guid":{"rendered":"https:\/\/zamanturkmenistan.com.tm\/?p=88224"},"modified":"2023-09-30T10:41:28","modified_gmt":"2023-09-30T05:41:28","slug":"hepdanin-ahyrynda-paytagtymyzda-geciriljek-medeni-careler","status":"publish","type":"post","link":"https:\/\/zamanturkmenistan.com.tm\/?p=88224","title":{"rendered":"Hepd\u00e4ni\u0148 ahyrynda pa\u00fdtagtymyzda ge\u00e7iriljek medeni \u00e7\u00e4reler"},"content":{"rendered":"<p>30-njy sent\u00ad\u00fdabr\u00adda sa\u00adgat 19:00-da T\u00fcrk\u00adme\u00adnis\u00adta\u00adny\u0148 Mag\u00adtym\u00adgu\u00adly adyn\u00adda\u00adky mil\u00adli saz\u00adly dra\u00adma te\u00adat\u00adry\u00adny\u0148 sah\u00adna\u00adsyn\u00adda nus\u00adga\u00adwy fran\u00adsuz dra\u00adma\u00adtur\u00adgy \u017dan-Ba\u00adtis\u00adta Mol\u00ad\u00fde\u00adri\u0148 \u00abPlut\u00adni Ska\u00adpen\u00bb (Hal\u00adta\u00adda hu\u00adsyt) at\u00adly gy\u00adzyk\u00adly ko\u00adme\u00addi\u00ad\u00fda\u00adsy\u00adny\u0148 il\u00adkin\u00adji g\u00f6r\u00adke\u00adzi\u00adli\u00ad\u015fi bo\u00adlar.<br \/>\nMer\u00addan Han\u00addur\u00addy\u00ad\u00fde\u00adwi\u0148 re\u00adziss\u00ad\u00fdor\u00adlyk eden spek\u00adtak\u00adlyn\u00adda me\u00adkir hyz\u00admat\u00adk\u00e4r Ska\u00adpi\u00adni\u0148 hi\u00adle\u00adle\u00adri ba\u00adra\u00adda g\u00fcr\u00adr\u00fc\u0148 be\u00adril\u00ad\u00fd\u00e4r, \u015fe\u00fd\u00adle hem s\u00f6\u00fd\u00adgi, dur\u00admu\u015f gur\u00admak te\u00adma\u00adla\u00adry\u00adna de\u00adgip ge\u00ad\u00e7il\u00ad\u00fd\u00e4r.<\/p>\n<p>30-njy sent\u00ad\u00fdabr\u00adda sa\u00adgat 19:00-da T\u00fcrk\u00adme\u00adnis\u00adta\u00adny\u0148 D\u00f6w\u00adlet me\u00adde\u00adni\u00ad\u00fdet mer\u00adke\u00adzi\u00adni\u0148 Mu\u00adkam\u00adlar k\u00f6\u015f\u00adg\u00fcn\u00adde Re\u00adsul Gy\u00adly\u00adjo\u00adwy\u0148 \u00fdol\u00adba\u015f\u00ad\u00e7y\u00adly\u00adgyn\u00adda\u00adky T\u00fcrk\u00adme\u00adnis\u00adta\u00adny\u0148 D\u00f6w\u00adlet sim\u00adfo\u00adni\u00adki or\u00adkest\u00adri nus\u00adga\u00adwy saz mu\u015f\u00addak\u00adla\u00adry\u00adna \u00ab\u00c7a\u00fd\u00adkows\u00adki\u00adny\u0148 4-nji sim\u00adfo\u00adni\u00ad\u00fda\u00adsy\u00bb we \u00abD\u00fcn\u00ad\u00fd\u00e4 sim\u00adfo\u00adni\u00adki sa\u00adzy\u00adny\u0148 aja\u00ad\u00fdyp eser\u00adle\u00adri\u00bb at\u00adly kon\u00adser\u00adte \u00e7a\u00adgyr\u00ad\u00fdar.<\/p>\n<p>1-nji okt\u00ad\u00fdabr\u00adda sa\u00adgat 19:00-da \u201cWa\u00adtan\u201d ki\u00adno\u00adkon\u00adsert mer\u00adke\u00adzin\u00adde \u00abEn\u00adjoy &amp; friends\u00bb at\u00adly kon\u00adsert bo\u00adlar. Kon\u00adsert a\u00fd\u00addym-saz hit\u00adle\u00adri\u00adni we me\u015f\u00adhur rok \u00fde\u00adri\u00adne \u00fde\u00adti\u00adri\u00adji\u00adle\u00adri\u00adni\u0148 a\u00fd\u00addym\u00adla\u00adry\u00adny \u00f6z i\u00e7i\u00adne al\u00ad\u00fdar.<\/p>\n<p><strong>T\u00fcrk\u00adme\u00adnis\u00adta\u00adny\u0148 Be\u00ad\u00fdik Sa\u00adpar\u00admy\u00adrat T\u00fcrk\u00admen\u00adba\u00ad\u015fy adyn\u00adda\u00adky Ba\u015f aka\u00adde\u00admi\u00adki dra\u00adma te\u00adat\u00adryn\u00adda:<\/strong><br \/>\n30.09.2023: \u00abG\u00fcl\u00adki ag\u00ad\u015fa\u00admy\u00bb 19:00;<br \/>\n01.10.2023: \u00abG\u00fcl\u00adki ag\u00ad\u015fa\u00admy\u00bb 19:00.<\/p>\n<p><strong>T\u00fcrk\u00adme\u00adnis\u00adta\u00adny\u0148 Mag\u00adtym\u00adgu\u00adly adyn\u00adda\u00adky mil\u00adli saz\u00adly dra\u00adma te\u00adat\u00adryn\u00adda:<\/strong><br \/>\n30.09.2023: \u00abHal\u00adta\u00adda hu\u00adsyt\u00bb 19:00;<br \/>\n01.10.2023: \u00abHal\u00adta\u00adda hu\u00adsyt\u00bb 19:00.<\/p>\n<p><strong>A.S.Pu\u015f\u00adkin adyn\u00adda\u00adky D\u00f6w\u00adlet rus dra\u00adma te\u00adat\u00adryn\u00adda:<\/strong><br \/>\n29.09.2023: \u00ab\u0410\u0440\u0448\u044b\u043d \u043c\u0430\u043b \u0430\u043b\u0430\u043d\u00bb 19:00;<br \/>\n30.09.2023: \u00ab\u041f\u0440\u0438\u043a\u043b\u044e\u0447\u0435\u043d\u0438\u044f \u0425\u0443\u0434\u0430\u0439\u0431\u0435\u0440\u0434\u044b\u00bb 12:00;<br \/>\n30.09.2023: \u00ab\u0418\u0441\u043f\u043e\u043b\u043d\u0438\u0442\u0435\u043b\u044c \u0436\u0435\u043b\u0430\u043d\u0438\u0439\u00bb 19:00;<br \/>\n01.10.2023: \u00ab\u0417\u043e\u043b\u043e\u0442\u043e\u0439 \u0446\u044b\u043f\u043b\u0451\u043d\u043e\u043a\u00bb 12:00;<br \/>\n01.10.2023: \u00ab\u0418\u0437\u043e\u0431\u0440\u0435\u0442\u0430\u0442\u0435\u043b\u044c\u043d\u0430\u044f \u0432\u043b\u044e\u0431\u043b\u0451\u043d\u043d\u0430\u044f\u00bb19:00.<\/p>\n<p><strong>T\u00fcrk\u00adme\u00adnis\u00adta\u00adny\u0148 Mol\u00adla\u00adne\u00adpes adyn\u00adda\u00adky ta\u00adlyp\u00adlar te\u00adat\u00adry:<\/strong><br \/>\n30.09.2023: \u00abJan\u00adly he\u00fd\u00adkel\u00adler\u00bb 19:00;<br \/>\n01.10.2023: \u00abG\u00fcl\u00adki ag\u00ad\u015fa\u00admy\u00bb 19:00.<\/p>\n","protected":false},"excerpt":{"rendered":"<p>30-njy sent\u00ad\u00fdabr\u00adda sa\u00adgat 19:00-da T\u00fcrk\u00adme\u00adnis\u00adta\u00adny\u0148 Mag\u00adtym\u00adgu\u00adly adyn\u00adda\u00adky mil\u00adli saz\u00adly dra\u00adma te\u00adat\u00adry\u00adny\u0148 sah\u00adna\u00adsyn\u00adda nus\u00adga\u00adwy fran\u00adsuz dra\u00adma\u00adtur\u00adgy \u017dan-Ba\u00adtis\u00adta Mol\u00ad\u00fde\u00adri\u0148 \u00abPlut\u00adni Ska\u00adpen\u00bb (Hal\u00adta\u00adda hu\u00adsyt) at\u00adly gy\u00adzyk\u00adly ko\u00adme\u00addi\u00ad\u00fda\u00adsy\u00adny\u0148 il\u00adkin\u00adji g\u00f6r\u00adke\u00adzi\u00adli\u00ad\u015fi bo\u00adlar. Mer\u00addan Han\u00addur\u00addy\u00ad\u00fde\u00adwi\u0148 re\u00adziss\u00ad\u00fdor\u00adlyk eden spek\u00adtak\u00adlyn\u00adda me\u00adkir hyz\u00admat\u00adk\u00e4r Ska\u00adpi\u00adni\u0148 hi\u00adle\u00adle\u00adri ba\u00adra\u00adda g\u00fcr\u00adr\u00fc\u0148 be\u00adril\u00ad\u00fd\u00e4r, \u015fe\u00fd\u00adle hem s\u00f6\u00fd\u00adgi, dur\u00admu\u015f gur\u00admak te\u00adma\u00adla\u00adry\u00adna de\u00adgip ge\u00ad\u00e7il\u00ad\u00fd\u00e4r. 30-njy sent\u00ad\u00fdabr\u00adda sa\u00adgat 19:00-da T\u00fcrk\u00adme\u00adnis\u00adta\u00adny\u0148 D\u00f6w\u00adlet me\u00adde\u00adni\u00ad\u00fdet mer\u00adke\u00adzi\u00adni\u0148 [&hellip;]<\/p>\n","protected":false},"author":2,"featured_media":88225,"comment_status":"open","ping_status":"closed","sticky":false,"template":"","format":"standard","meta":{"footnotes":""},"categories":[8273,12],"tags":[],"acf":[],"_links":{"self":[{"href":"https:\/\/zamanturkmenistan.com.tm\/index.php?rest_route=\/wp\/v2\/posts\/88224"}],"collection":[{"href":"https:\/\/zamanturkmenistan.com.tm\/index.php?rest_route=\/wp\/v2\/posts"}],"about":[{"href":"https:\/\/zamanturkmenistan.com.tm\/index.php?rest_route=\/wp\/v2\/types\/post"}],"author":[{"embeddable":true,"href":"https:\/\/zamanturkmenistan.com.tm\/index.php?rest_route=\/wp\/v2\/users\/2"}],"replies":[{"embeddable":true,"href":"https:\/\/zamanturkmenistan.com.tm\/index.php?rest_route=%2Fwp%2Fv2%2Fcomments&post=88224"}],"version-history":[{"count":2,"href":"https:\/\/zamanturkmenistan.com.tm\/index.php?rest_route=\/wp\/v2\/posts\/88224\/revisions"}],"predecessor-version":[{"id":88239,"href":"https:\/\/zamanturkmenistan.com.tm\/index.php?rest_route=\/wp\/v2\/posts\/88224\/revisions\/88239"}],"wp:featuredmedia":[{"embeddable":true,"href":"https:\/\/zamanturkmenistan.com.tm\/index.php?rest_route=\/wp\/v2\/media\/88225"}],"wp:attachment":[{"href":"https:\/\/zamanturkmenistan.com.tm\/index.php?rest_route=%2Fwp%2Fv2%2Fmedia&parent=88224"}],"wp:term":[{"taxonomy":"category","embeddable":true,"href":"https:\/\/zamanturkmenistan.com.tm\/index.php?rest_route=%2Fwp%2Fv2%2Fcategories&post=88224"},{"taxonomy":"post_tag","embeddable":true,"href":"https:\/\/zamanturkmenistan.com.tm\/index.php?rest_route=%2Fwp%2Fv2%2Ftags&post=88224"}],"curies":[{"name":"wp","href":"https:\/\/api.w.org\/{rel}","templated":true}]}}