{"id":88259,"date":"2023-09-30T12:00:57","date_gmt":"2023-09-30T07:00:57","guid":{"rendered":"https:\/\/zamanturkmenistan.com.tm\/?p=88259"},"modified":"2023-09-30T12:00:57","modified_gmt":"2023-09-30T07:00:57","slug":"turkiya-moldowa-tebigy-gaz-eksport-eder","status":"publish","type":"post","link":"https:\/\/zamanturkmenistan.com.tm\/?p=88259","title":{"rendered":"T\u00fcrki\u00fd\u00e4 Moldowa tebigy gaz eksport eder"},"content":{"rendered":"<p>T\u00fcr\u00adki\u00ad\u00fde 1-nji okt\u00ad\u00fdabr\u00addan ba\u015f\u00adlap, Mol\u00addo\u00adwa g\u00fcn\u00adde 2 mil\u00adli\u00adon kub metr te\u00adbi\u00adgy gaz eks\u00adport eder. \u00ddur\u00addu\u0148 BO\u00adTA\u015e kom\u00adpa\u00adni\u00ad\u00fda\u00adsy\u00adny\u0148 \u00fda\u00fd\u00adra\u00addan be\u00ad\u00fda\u00adna\u00adtyn\u00adda Mol\u00addo\u00adwa\u00adny\u0148 \u201cEast Gas Ener\u00adgy Tra\u00adding\u201d kom\u00adpa\u00adni\u00ad\u00fda\u00adsy bi\u00adlen ga\u00adzy\u0148 eks\u00adpor\u00adty yla\u00adla\u00ad\u015fy\u00adgy\u00adna gol \u00e7e\u00adki\u00adlen\u00addi\u00adgi m\u00e4\u00adlim edil\u00addi. BO\u00adTA\u015e-y\u0148 do\u00adlan\u00addy\u00adry\u00adjy\u00adla\u00adry ge\u00ad\u0148e\u00ad\u015fi\u00adni\u0148 ba\u015f\u00adly\u00adgy Bur\u00adhan \u00d6z\u00adjan tur\u00adba\u00adge\u00ad\u00e7i\u00adri\u00adji\u00adle\u00adri ar\u00adka\u00adly h\u00e4\u00adzi\u00adre \u00e7en\u00adli Gre\u00adsi\u00ad\u00fda, Bol\u00adga\u00adri\u00ad\u00fda, Weng\u00adri\u00ad\u00fda we Ru\u00admy\u00adni\u00ad\u00fda gaz eks\u00adpor\u00adty bo\u00ad\u00fdun\u00ad\u00e7a yla\u00adla\u00ad\u015fyk\u00adla\u00adry\u0148 ga\u00adza\u00adny\u00adlan\u00addy\u00adgy\u00adny bel\u00adle\u00addi.<br \/>\nBO\u00adTA\u015e Ru\u00admy\u00adni\u00ad\u00fda bi\u00adlen ge\u00ad\u00e7en hep\u00adde, \u00fc\u00e7 \u00fdyl\u00adlyk de\u00adgi\u015f\u00adli \u015fert\u00adna\u00adma gol \u00e7e\u00adkip\u00addi. Weng\u00adri\u00ad\u00fda bi\u00adlen aw\u00adgust a\u00fdyn\u00adda, Bol\u00adga\u00adri\u00ad\u00fda bi\u00adlen \u00fdan\u00adwar\u00adda \u015fert\u00adna\u00adma bag\u00adla\u00ad\u015fy\u00adlyp\u00addy.<\/p>\n","protected":false},"excerpt":{"rendered":"<p>T\u00fcr\u00adki\u00ad\u00fde 1-nji okt\u00ad\u00fdabr\u00addan ba\u015f\u00adlap, Mol\u00addo\u00adwa g\u00fcn\u00adde 2 mil\u00adli\u00adon kub metr te\u00adbi\u00adgy gaz eks\u00adport eder. \u00ddur\u00addu\u0148 BO\u00adTA\u015e kom\u00adpa\u00adni\u00ad\u00fda\u00adsy\u00adny\u0148 \u00fda\u00fd\u00adra\u00addan be\u00ad\u00fda\u00adna\u00adtyn\u00adda Mol\u00addo\u00adwa\u00adny\u0148 \u201cEast Gas Ener\u00adgy Tra\u00adding\u201d kom\u00adpa\u00adni\u00ad\u00fda\u00adsy bi\u00adlen ga\u00adzy\u0148 eks\u00adpor\u00adty yla\u00adla\u00ad\u015fy\u00adgy\u00adna gol \u00e7e\u00adki\u00adlen\u00addi\u00adgi m\u00e4\u00adlim edil\u00addi. BO\u00adTA\u015e-y\u0148 do\u00adlan\u00addy\u00adry\u00adjy\u00adla\u00adry ge\u00ad\u0148e\u00ad\u015fi\u00adni\u0148 ba\u015f\u00adly\u00adgy Bur\u00adhan \u00d6z\u00adjan tur\u00adba\u00adge\u00ad\u00e7i\u00adri\u00adji\u00adle\u00adri ar\u00adka\u00adly h\u00e4\u00adzi\u00adre \u00e7en\u00adli Gre\u00adsi\u00ad\u00fda, Bol\u00adga\u00adri\u00ad\u00fda, Weng\u00adri\u00ad\u00fda we Ru\u00admy\u00adni\u00ad\u00fda gaz eks\u00adpor\u00adty bo\u00ad\u00fdun\u00ad\u00e7a yla\u00adla\u00ad\u015fyk\u00adla\u00adry\u0148 ga\u00adza\u00adny\u00adlan\u00addy\u00adgy\u00adny bel\u00adle\u00addi. BO\u00adTA\u015e [&hellip;]<\/p>\n","protected":false},"author":2,"featured_media":85156,"comment_status":"open","ping_status":"closed","sticky":false,"template":"","format":"standard","meta":{"footnotes":""},"categories":[5],"tags":[],"acf":[],"_links":{"self":[{"href":"https:\/\/zamanturkmenistan.com.tm\/index.php?rest_route=\/wp\/v2\/posts\/88259"}],"collection":[{"href":"https:\/\/zamanturkmenistan.com.tm\/index.php?rest_route=\/wp\/v2\/posts"}],"about":[{"href":"https:\/\/zamanturkmenistan.com.tm\/index.php?rest_route=\/wp\/v2\/types\/post"}],"author":[{"embeddable":true,"href":"https:\/\/zamanturkmenistan.com.tm\/index.php?rest_route=\/wp\/v2\/users\/2"}],"replies":[{"embeddable":true,"href":"https:\/\/zamanturkmenistan.com.tm\/index.php?rest_route=%2Fwp%2Fv2%2Fcomments&post=88259"}],"version-history":[{"count":1,"href":"https:\/\/zamanturkmenistan.com.tm\/index.php?rest_route=\/wp\/v2\/posts\/88259\/revisions"}],"predecessor-version":[{"id":88261,"href":"https:\/\/zamanturkmenistan.com.tm\/index.php?rest_route=\/wp\/v2\/posts\/88259\/revisions\/88261"}],"wp:featuredmedia":[{"embeddable":true,"href":"https:\/\/zamanturkmenistan.com.tm\/index.php?rest_route=\/wp\/v2\/media\/85156"}],"wp:attachment":[{"href":"https:\/\/zamanturkmenistan.com.tm\/index.php?rest_route=%2Fwp%2Fv2%2Fmedia&parent=88259"}],"wp:term":[{"taxonomy":"category","embeddable":true,"href":"https:\/\/zamanturkmenistan.com.tm\/index.php?rest_route=%2Fwp%2Fv2%2Fcategories&post=88259"},{"taxonomy":"post_tag","embeddable":true,"href":"https:\/\/zamanturkmenistan.com.tm\/index.php?rest_route=%2Fwp%2Fv2%2Ftags&post=88259"}],"curies":[{"name":"wp","href":"https:\/\/api.w.org\/{rel}","templated":true}]}}