{"id":88478,"date":"2023-10-03T16:05:37","date_gmt":"2023-10-03T11:05:37","guid":{"rendered":"https:\/\/zamanturkmenistan.com.tm\/?p=88478"},"modified":"2023-10-04T09:48:21","modified_gmt":"2023-10-04T04:48:21","slug":"nobelin-fizik-bayragyna-uc-adam-mynasyp-goruldi","status":"publish","type":"post","link":"https:\/\/zamanturkmenistan.com.tm\/?p=88478","title":{"rendered":"Nobeli\u0148 Fizika ba\u00fdragyna \u00fc\u00e7 alym mynasyp g\u00f6r\u00fcldi"},"content":{"rendered":"<p>No\u00adbel hep\u00adde\u00adli\u00adgi do\u00adwam ed\u00ad\u00fd\u00e4r. No\u00adbe\u00adli\u0148 Fi\u00adzi\u00adka ba\u00fd\u00adra\u00adgy fran\u00adsuz-ame\u00adri\u00adkan eks\u00adpe\u00adri\u00admen\u00adtal fi\u00adzi\u00adgi P\u00fder Agos\u00adti\u00adni, as\u00adly weng\u00adri\u00ad\u00fda\u00adly Ger\u00adma\u00adni\u00ad\u00fda\u00adda \u00fda\u00ad\u015fa\u00ad\u00fdan Fe\u00adrens Kraus we fran\u00adsuz fi\u00adzi\u00adgi Ann L&#8217;\u00ddu\u00adil\u00ad\u00fde \u201cma\u00adte\u00adri\u00ad\u00fda\u00adda\u00adky elekt\u00adron\u00adla\u00adry\u0148 di\u00adna\u00admi\u00adka\u00adsy\u00adny \u00f6w\u00adren\u00admek \u00fc\u00e7in \u00fdag\u00adty\u00adly\u00adgy\u0148 im\u00adpuls\u00adla\u00adry\u00adny d\u00f6\u00adred\u00ad\u00fd\u00e4n sy\u00adnag usul\u00adla\u00adry \u00fc\u00e7in\u201d my\u00adna\u00adsyp g\u00f6\u00adr\u00fcl\u00addi.<br \/>\nBa\u00fd\u00adra\u00adgy\u0148 web sa\u00adhy\u00adpa\u00adsyn\u00adda \u00fder\u00adle\u015f\u00addi\u00adri\u00adlen met\u00adbu\u00adgat \u00fc\u00e7in be\u00ad\u00fda\u00adnat\u00adda 2023-nji \u00fdy\u00adly\u0148 ba\u00fd\u00adrak e\u00fde\u00adle\u00adri\u00adni\u0148 atom\u00adla\u00adry\u0148 we mo\u00adle\u00adku\u00adla\u00adla\u00adry\u0148 i\u00e7in\u00add\u00e4\u00adki elekt\u00adron d\u00fcn\u00ad\u00fd\u00e4\u00adsi\u00adni \u00f6w\u00adren\u00admek \u00fc\u00e7in adam\u00adza\u00adda t\u00e4\u00adze gu\u00adral\u00adla\u00adry be\u00adren sy\u00adnag\u00adla\u00adry \u00fc\u00e7in yk\u00adrar edi\u00adlen\u00addi\u00adgi a\u00fd\u00addyl\u00ad\u00fdar. P\u00fder Agos\u00adti\u00adni\u00adni\u0148, Fe\u00adrens Krau\u00adsy\u0148 we Ann L&#8217;\u00ddu\u00adil\u00ad\u00fde\u00adni\u0148 elekt\u00adron\u00adla\u00adry\u0148 he\u00adre\u00adket ed\u00ad\u00fd\u00e4n \u00fda-da ener\u00adgi\u00ad\u00fda\u00adny \u00fc\u00fdt\u00adged\u00ad\u00fd\u00e4n \u00e7alt pro\u00adses\u00adle\u00adri \u00f6l\u00ad\u00e7e\u00admek \u00fc\u00e7in ula\u00adnyp bol\u00adjak \u00f6r\u00e4n gys\u00adga \u00fdag\u00adty\u00adlyk im\u00adpuls\u00adla\u00adry\u00adny d\u00f6\u00adret\u00adme\u00adgi\u0148 usu\u00adly\u00adny g\u00f6r\u00adke\u00adzen\u00addik\u00adle\u00adri bel\u00adlen\u00addi. Alym\u00adlar ta\u00adra\u00adpyn\u00addan ge\u00ad\u00e7i\u00adri\u00adlen sy\u00adnag\u00adlar \u00fde\u00ad\u0148il im\u00adpuls\u00adla\u00adry gys\u00adga wagt\u00adda \u00f6l\u00ad\u00e7e\u00adm\u00e4\u00adge m\u00fcm\u00adkin\u00ad\u00e7i\u00adlik ber\u00addi.<br \/>\nD\u00fc\u00fdn No\u00adbe\u00adli\u0148 <a href=\"https:\/\/zamanturkmenistan.com.tm\/?p=88395\">Luk\u00adman\u00ad\u00e7y\u00adlyk ba\u00fd\u00adra\u00adgy<\/a> gow\u00ad\u015fu\u00adry\u00adlyp\u00addy.<\/p>\n","protected":false},"excerpt":{"rendered":"<p>No\u00adbel hep\u00adde\u00adli\u00adgi do\u00adwam ed\u00ad\u00fd\u00e4r. No\u00adbe\u00adli\u0148 Fi\u00adzi\u00adka ba\u00fd\u00adra\u00adgy fran\u00adsuz-ame\u00adri\u00adkan eks\u00adpe\u00adri\u00admen\u00adtal fi\u00adzi\u00adgi P\u00fder Agos\u00adti\u00adni, as\u00adly weng\u00adri\u00ad\u00fda\u00adly Ger\u00adma\u00adni\u00ad\u00fda\u00adda \u00fda\u00ad\u015fa\u00ad\u00fdan Fe\u00adrens Kraus we fran\u00adsuz fi\u00adzi\u00adgi Ann L&#8217;\u00ddu\u00adil\u00ad\u00fde \u201cma\u00adte\u00adri\u00ad\u00fda\u00adda\u00adky elekt\u00adron\u00adla\u00adry\u0148 di\u00adna\u00admi\u00adka\u00adsy\u00adny \u00f6w\u00adren\u00admek \u00fc\u00e7in \u00fdag\u00adty\u00adly\u00adgy\u0148 im\u00adpuls\u00adla\u00adry\u00adny d\u00f6\u00adred\u00ad\u00fd\u00e4n sy\u00adnag usul\u00adla\u00adry \u00fc\u00e7in\u201d my\u00adna\u00adsyp g\u00f6\u00adr\u00fcl\u00addi. Ba\u00fd\u00adra\u00adgy\u0148 web sa\u00adhy\u00adpa\u00adsyn\u00adda \u00fder\u00adle\u015f\u00addi\u00adri\u00adlen met\u00adbu\u00adgat \u00fc\u00e7in be\u00ad\u00fda\u00adnat\u00adda 2023-nji \u00fdy\u00adly\u0148 ba\u00fd\u00adrak e\u00fde\u00adle\u00adri\u00adni\u0148 atom\u00adla\u00adry\u0148 we mo\u00adle\u00adku\u00adla\u00adla\u00adry\u0148 i\u00e7in\u00add\u00e4\u00adki elekt\u00adron d\u00fcn\u00ad\u00fd\u00e4\u00adsi\u00adni \u00f6w\u00adren\u00admek \u00fc\u00e7in [&hellip;]<\/p>\n","protected":false},"author":2,"featured_media":88479,"comment_status":"open","ping_status":"closed","sticky":false,"template":"","format":"standard","meta":{"footnotes":""},"categories":[5],"tags":[],"acf":[],"_links":{"self":[{"href":"https:\/\/zamanturkmenistan.com.tm\/index.php?rest_route=\/wp\/v2\/posts\/88478"}],"collection":[{"href":"https:\/\/zamanturkmenistan.com.tm\/index.php?rest_route=\/wp\/v2\/posts"}],"about":[{"href":"https:\/\/zamanturkmenistan.com.tm\/index.php?rest_route=\/wp\/v2\/types\/post"}],"author":[{"embeddable":true,"href":"https:\/\/zamanturkmenistan.com.tm\/index.php?rest_route=\/wp\/v2\/users\/2"}],"replies":[{"embeddable":true,"href":"https:\/\/zamanturkmenistan.com.tm\/index.php?rest_route=%2Fwp%2Fv2%2Fcomments&post=88478"}],"version-history":[{"count":6,"href":"https:\/\/zamanturkmenistan.com.tm\/index.php?rest_route=\/wp\/v2\/posts\/88478\/revisions"}],"predecessor-version":[{"id":88537,"href":"https:\/\/zamanturkmenistan.com.tm\/index.php?rest_route=\/wp\/v2\/posts\/88478\/revisions\/88537"}],"wp:featuredmedia":[{"embeddable":true,"href":"https:\/\/zamanturkmenistan.com.tm\/index.php?rest_route=\/wp\/v2\/media\/88479"}],"wp:attachment":[{"href":"https:\/\/zamanturkmenistan.com.tm\/index.php?rest_route=%2Fwp%2Fv2%2Fmedia&parent=88478"}],"wp:term":[{"taxonomy":"category","embeddable":true,"href":"https:\/\/zamanturkmenistan.com.tm\/index.php?rest_route=%2Fwp%2Fv2%2Fcategories&post=88478"},{"taxonomy":"post_tag","embeddable":true,"href":"https:\/\/zamanturkmenistan.com.tm\/index.php?rest_route=%2Fwp%2Fv2%2Ftags&post=88478"}],"curies":[{"name":"wp","href":"https:\/\/api.w.org\/{rel}","templated":true}]}}