{"id":88533,"date":"2023-10-04T09:47:52","date_gmt":"2023-10-04T04:47:52","guid":{"rendered":"https:\/\/zamanturkmenistan.com.tm\/?p=88533"},"modified":"2023-10-04T09:55:02","modified_gmt":"2023-10-04T04:55:02","slug":"turkmenistanda-tatarystanyn-medeniyet-gunleri-geciriler","status":"publish","type":"post","link":"https:\/\/zamanturkmenistan.com.tm\/?p=88533","title":{"rendered":"T\u00fcrkmenistanda Tatarystany\u0148 medeni\u00fdet g\u00fcnleri ge\u00e7iriler"},"content":{"rendered":"<p>\u015eu \u00fdy\u00adly\u0148 17-19-njy okt\u00ad\u00fdabr\u00adynda T\u00fcrk\u00adme\u00adnis\u00adtan\u00adda Ta\u00adta\u00adrys\u00adta\u00adny\u0148 me\u00adde\u00adni\u00ad\u00fdet g\u00fcn\u00adle\u00adri ge\u00ad\u00e7i\u00adri\u00adler. Bu ge\u00adzek\u00adki me\u00adde\u00adni fo\u00adrum A\u015f\u00adga\u00adbat we Ma\u00adry \u015f\u00e4\u00adhe\u00adrlerin\u00adde \u00fda\u00fd\u00adba\u0148\u00adlan\u00addy\u00adry\u00adlar.<br \/>\nFo\u00adru\u00admy\u0148 \u00e7\u00e4k\u00adle\u00adrin\u00adde Ta\u00adta\u00adrys\u00adta\u00adny\u0148 sun\u00adgat us\u00adsat\u00adla\u00adry\u00adny\u0148 gat\u00adna\u015f\u00adma\u00adgyn\u00adda d\u00fcr\u00adli ba\u00fd\u00adram\u00ad\u00e7y\u00adlyk \u00e7\u00e4\u00adre\u00adle\u00adri, me\u00adde\u00adni we kon\u00adsert mak\u00adsat\u00adna\u00adma\u00adla\u00adry g\u00f6z \u00f6\u0148\u00fcn\u00adde tu\u00adtul\u00ad\u00fdar.<br \/>\n\u015ee\u00fd\u00adle hem ta\u00adta\u00adrys\u00adtan\u00adly me\u00adde\u00adni\u00ad\u00fdet i\u015f\u00adg\u00e4r\u00adle\u00adri uly kon\u00adsert mak\u00adsat\u00adna\u00adma\u00adsy bi\u00adlen \u00e7y\u00adky\u015f eder\u00adler. Mundan ba\u015fga-da, mak\u00adsat\u00adna\u00adma\u00ad ser\u00adgi\u00adler we \u00fdar\u00admar\u00adka\u00adlar, d\u00f6\u00adre\u00addi\u00adji\u00adlik du\u00ad\u015fu\u00ad\u015fyk\u00adla\u00adry, ta\u00adtar hal\u00adky\u00adny\u0148 mil\u00adli ta\u00adgam\u00adla\u00adry\u00adny\u0148 ser\u00adgi\u00adsi\u00ad girizildi.<br \/>\nBu ba\u00adra\u00adda T\u00fcrk\u00adme\u00adnis\u00adta\u00adny\u0148 Ka\u00adzan \u015f\u00e4\u00adhe\u00adrin\u00add\u00e4\u00adki Ba\u015f kon\u00adsul\u00adly\u00adgy ha\u00adbar ber\u00ad\u00fd\u00e4r.<\/p>\n","protected":false},"excerpt":{"rendered":"<p>\u015eu \u00fdy\u00adly\u0148 17-19-njy okt\u00ad\u00fdabr\u00adynda T\u00fcrk\u00adme\u00adnis\u00adtan\u00adda Ta\u00adta\u00adrys\u00adta\u00adny\u0148 me\u00adde\u00adni\u00ad\u00fdet g\u00fcn\u00adle\u00adri ge\u00ad\u00e7i\u00adri\u00adler. Bu ge\u00adzek\u00adki me\u00adde\u00adni fo\u00adrum A\u015f\u00adga\u00adbat we Ma\u00adry \u015f\u00e4\u00adhe\u00adrlerin\u00adde \u00fda\u00fd\u00adba\u0148\u00adlan\u00addy\u00adry\u00adlar. Fo\u00adru\u00admy\u0148 \u00e7\u00e4k\u00adle\u00adrin\u00adde Ta\u00adta\u00adrys\u00adta\u00adny\u0148 sun\u00adgat us\u00adsat\u00adla\u00adry\u00adny\u0148 gat\u00adna\u015f\u00adma\u00adgyn\u00adda d\u00fcr\u00adli ba\u00fd\u00adram\u00ad\u00e7y\u00adlyk \u00e7\u00e4\u00adre\u00adle\u00adri, me\u00adde\u00adni we kon\u00adsert mak\u00adsat\u00adna\u00adma\u00adla\u00adry g\u00f6z \u00f6\u0148\u00fcn\u00adde tu\u00adtul\u00ad\u00fdar. \u015ee\u00fd\u00adle hem ta\u00adta\u00adrys\u00adtan\u00adly me\u00adde\u00adni\u00ad\u00fdet i\u015f\u00adg\u00e4r\u00adle\u00adri uly kon\u00adsert mak\u00adsat\u00adna\u00adma\u00adsy bi\u00adlen \u00e7y\u00adky\u015f eder\u00adler. Mundan ba\u015fga-da, mak\u00adsat\u00adna\u00adma\u00ad ser\u00adgi\u00adler we \u00fdar\u00admar\u00adka\u00adlar, d\u00f6\u00adre\u00addi\u00adji\u00adlik du\u00ad\u015fu\u00ad\u015fyk\u00adla\u00adry, ta\u00adtar hal\u00adky\u00adny\u0148 [&hellip;]<\/p>\n","protected":false},"author":2,"featured_media":88534,"comment_status":"open","ping_status":"closed","sticky":false,"template":"","format":"standard","meta":{"footnotes":""},"categories":[3],"tags":[],"acf":[],"_links":{"self":[{"href":"https:\/\/zamanturkmenistan.com.tm\/index.php?rest_route=\/wp\/v2\/posts\/88533"}],"collection":[{"href":"https:\/\/zamanturkmenistan.com.tm\/index.php?rest_route=\/wp\/v2\/posts"}],"about":[{"href":"https:\/\/zamanturkmenistan.com.tm\/index.php?rest_route=\/wp\/v2\/types\/post"}],"author":[{"embeddable":true,"href":"https:\/\/zamanturkmenistan.com.tm\/index.php?rest_route=\/wp\/v2\/users\/2"}],"replies":[{"embeddable":true,"href":"https:\/\/zamanturkmenistan.com.tm\/index.php?rest_route=%2Fwp%2Fv2%2Fcomments&post=88533"}],"version-history":[{"count":3,"href":"https:\/\/zamanturkmenistan.com.tm\/index.php?rest_route=\/wp\/v2\/posts\/88533\/revisions"}],"predecessor-version":[{"id":88539,"href":"https:\/\/zamanturkmenistan.com.tm\/index.php?rest_route=\/wp\/v2\/posts\/88533\/revisions\/88539"}],"wp:featuredmedia":[{"embeddable":true,"href":"https:\/\/zamanturkmenistan.com.tm\/index.php?rest_route=\/wp\/v2\/media\/88534"}],"wp:attachment":[{"href":"https:\/\/zamanturkmenistan.com.tm\/index.php?rest_route=%2Fwp%2Fv2%2Fmedia&parent=88533"}],"wp:term":[{"taxonomy":"category","embeddable":true,"href":"https:\/\/zamanturkmenistan.com.tm\/index.php?rest_route=%2Fwp%2Fv2%2Fcategories&post=88533"},{"taxonomy":"post_tag","embeddable":true,"href":"https:\/\/zamanturkmenistan.com.tm\/index.php?rest_route=%2Fwp%2Fv2%2Ftags&post=88533"}],"curies":[{"name":"wp","href":"https:\/\/api.w.org\/{rel}","templated":true}]}}