{"id":88562,"date":"2023-10-04T11:42:25","date_gmt":"2023-10-04T06:42:25","guid":{"rendered":"https:\/\/zamanturkmenistan.com.tm\/?p=88562"},"modified":"2023-10-04T10:46:34","modified_gmt":"2023-10-04T05:46:34","slug":"turkmen-wekiliyeti-prix-italia-2023-festiwalyna-gatnasdy","status":"publish","type":"post","link":"https:\/\/zamanturkmenistan.com.tm\/?p=88562","title":{"rendered":"T\u00fcrkmen wekili\u00fdeti \u00abPrix Italia-2023\u00bb festiwalyna gatna\u015fdy"},"content":{"rendered":"<p>Ita\u00adli\u00ad\u00fda\u00adny\u0148 Ba\u00adri \u015f\u00e4\u00adhe\u00adrin\u00adde RAI te\u00adle\u00ad\u00fda\u00fd\u00adly\u00admy\u00adny\u0148 75 \u00fdyl\u00adly\u00adgy my\u00adna\u00adsy\u00adbet\u00adli \u00abPrix Ita\u00adlia-2023\u00bb fes\u00adti\u00adwa\u00adly ge\u00ad\u00e7i\u00adril\u00addi. O\u0148a t\u00fcrk\u00admen we\u00adki\u00adli\u00ad\u00fde\u00adti hem gat\u00adna\u015f\u00addy. Fes\u00adti\u00adwa\u00adly\u0148 \u00e7\u00e4k\u00adle\u00adrin\u00adde RAI te\u00adle\u00ad\u00fda\u00fd\u00adly\u00admy\u00adny\u0148 pre\u00adzi\u00adden\u00adti, te\u00adle\u00ad\u00fda\u00fd\u00adly\u00admy\u0148 s\u00f6w\u00adda we aly\u015f-\u00e7a\u00adly\u015f b\u00f6\u00adl\u00fc\u00admi\u00adni\u0148 m\u00fc\u00addi\u00adri Ita\u00adli\u00ad\u00fda\u00adny\u0148 da\u015f\u00adky gur\u00ad\u015fa\u00adwy go\u00adra\u00admak mi\u00adnist\u00adri hem-de Ba\u00adri \u015f\u00e4\u00adhe\u00adri\u00adni\u0148 h\u00e4\u00adki\u00admi bi\u00adlen du\u00ad\u015fu\u00ad\u015fyk\u00adlar ge\u00ad\u00e7i\u00adril\u00addi.<br \/>\nGe\u00ad\u00e7i\u00adri\u00adlen du\u00ad\u015fu\u00ad\u015fyk\u00adla\u00adry\u0148 \u00e4h\u00adli\u00adsi hem gel\u00adjek\u00adki hyz\u00admat\u00adda\u015f\u00adly\u00adgy\u0148 m\u00fcm\u00adkin\u00ad\u00e7i\u00adlik\u00adle\u00adri ba\u00adra\u00adda bo\u00adlup, RAI te\u00adle\u00ad\u00fda\u00fd\u00adly\u00admy bi\u00adlen \u00e4ht\u00adna\u00adma bag\u00adla\u015f\u00admak ba\u00adra\u00adda pi\u00adkir al\u00ad\u015fyl\u00addy.<\/p>\n","protected":false},"excerpt":{"rendered":"<p>Ita\u00adli\u00ad\u00fda\u00adny\u0148 Ba\u00adri \u015f\u00e4\u00adhe\u00adrin\u00adde RAI te\u00adle\u00ad\u00fda\u00fd\u00adly\u00admy\u00adny\u0148 75 \u00fdyl\u00adly\u00adgy my\u00adna\u00adsy\u00adbet\u00adli \u00abPrix Ita\u00adlia-2023\u00bb fes\u00adti\u00adwa\u00adly ge\u00ad\u00e7i\u00adril\u00addi. O\u0148a t\u00fcrk\u00admen we\u00adki\u00adli\u00ad\u00fde\u00adti hem gat\u00adna\u015f\u00addy. Fes\u00adti\u00adwa\u00adly\u0148 \u00e7\u00e4k\u00adle\u00adrin\u00adde RAI te\u00adle\u00ad\u00fda\u00fd\u00adly\u00admy\u00adny\u0148 pre\u00adzi\u00adden\u00adti, te\u00adle\u00ad\u00fda\u00fd\u00adly\u00admy\u0148 s\u00f6w\u00adda we aly\u015f-\u00e7a\u00adly\u015f b\u00f6\u00adl\u00fc\u00admi\u00adni\u0148 m\u00fc\u00addi\u00adri Ita\u00adli\u00ad\u00fda\u00adny\u0148 da\u015f\u00adky gur\u00ad\u015fa\u00adwy go\u00adra\u00admak mi\u00adnist\u00adri hem-de Ba\u00adri \u015f\u00e4\u00adhe\u00adri\u00adni\u0148 h\u00e4\u00adki\u00admi bi\u00adlen du\u00ad\u015fu\u00ad\u015fyk\u00adlar ge\u00ad\u00e7i\u00adril\u00addi. Ge\u00ad\u00e7i\u00adri\u00adlen du\u00ad\u015fu\u00ad\u015fyk\u00adla\u00adry\u0148 \u00e4h\u00adli\u00adsi hem gel\u00adjek\u00adki hyz\u00admat\u00adda\u015f\u00adly\u00adgy\u0148 m\u00fcm\u00adkin\u00ad\u00e7i\u00adlik\u00adle\u00adri ba\u00adra\u00adda bo\u00adlup, RAI te\u00adle\u00ad\u00fda\u00fd\u00adly\u00admy bi\u00adlen \u00e4ht\u00adna\u00adma bag\u00adla\u015f\u00admak ba\u00adra\u00adda [&hellip;]<\/p>\n","protected":false},"author":2,"featured_media":88565,"comment_status":"open","ping_status":"closed","sticky":false,"template":"","format":"standard","meta":{"footnotes":""},"categories":[3],"tags":[],"acf":[],"_links":{"self":[{"href":"https:\/\/zamanturkmenistan.com.tm\/index.php?rest_route=\/wp\/v2\/posts\/88562"}],"collection":[{"href":"https:\/\/zamanturkmenistan.com.tm\/index.php?rest_route=\/wp\/v2\/posts"}],"about":[{"href":"https:\/\/zamanturkmenistan.com.tm\/index.php?rest_route=\/wp\/v2\/types\/post"}],"author":[{"embeddable":true,"href":"https:\/\/zamanturkmenistan.com.tm\/index.php?rest_route=\/wp\/v2\/users\/2"}],"replies":[{"embeddable":true,"href":"https:\/\/zamanturkmenistan.com.tm\/index.php?rest_route=%2Fwp%2Fv2%2Fcomments&post=88562"}],"version-history":[{"count":1,"href":"https:\/\/zamanturkmenistan.com.tm\/index.php?rest_route=\/wp\/v2\/posts\/88562\/revisions"}],"predecessor-version":[{"id":88564,"href":"https:\/\/zamanturkmenistan.com.tm\/index.php?rest_route=\/wp\/v2\/posts\/88562\/revisions\/88564"}],"wp:featuredmedia":[{"embeddable":true,"href":"https:\/\/zamanturkmenistan.com.tm\/index.php?rest_route=\/wp\/v2\/media\/88565"}],"wp:attachment":[{"href":"https:\/\/zamanturkmenistan.com.tm\/index.php?rest_route=%2Fwp%2Fv2%2Fmedia&parent=88562"}],"wp:term":[{"taxonomy":"category","embeddable":true,"href":"https:\/\/zamanturkmenistan.com.tm\/index.php?rest_route=%2Fwp%2Fv2%2Fcategories&post=88562"},{"taxonomy":"post_tag","embeddable":true,"href":"https:\/\/zamanturkmenistan.com.tm\/index.php?rest_route=%2Fwp%2Fv2%2Ftags&post=88562"}],"curies":[{"name":"wp","href":"https:\/\/api.w.org\/{rel}","templated":true}]}}