{"id":89031,"date":"2023-10-10T15:33:23","date_gmt":"2023-10-10T10:33:23","guid":{"rendered":"https:\/\/zamanturkmenistan.com.tm\/?p=89031"},"modified":"2023-10-10T16:06:09","modified_gmt":"2023-10-10T11:06:09","slug":"halkara-serginin-we-ylmy-maslahatyn-dabaraly-acylysy","status":"publish","type":"post","link":"https:\/\/zamanturkmenistan.com.tm\/?p=89031","title":{"rendered":"\u00ddurdumyzda halkara sergi we ylmy maslahaty ge\u00e7iril\u00fd\u00e4r"},"content":{"rendered":"<p>\u015eu g\u00fcn S\u00f6w\u00adda-se\u00adna\u00adgat eda\u00adra\u00adsy\u00adny\u0148 ser\u00adgi\u00adler mer\u00adke\u00adzin\u00adde \u00fdur\u00addu\u00admyz\u00adda gi\u0148\u00adden bel\u00adle\u00adnil\u00ad\u00fd\u00e4n Sag\u00adly\u00adgy go\u00adra\u00ad\u00fdy\u015f we der\u00adman se\u00adna\u00adga\u00adty i\u015f\u00adg\u00e4r\u00adle\u00adri\u00adni\u0148 g\u00fc\u00adn\u00fc\u00adne ga\u00adbat\u00adla\u00adnyp ge\u00ad\u00e7i\u00adril\u00ad\u00fd\u00e4n \u00abSag\u00adly\u00adgy go\u00adra\u00ad\u00fdy\u015f, bi\u00adlim we sport Ber\u00adka\u00adrar d\u00f6w\u00adle\u00adti\u0148 t\u00e4\u00adze e\u00fd\u00ad\u00fda\u00admy\u00adny\u0148 Gal\u00adky\u00adny\u00ad\u015fy d\u00f6w\u00adr\u00fcn\u00adde\u00bb at\u00adly hal\u00adka\u00adra ser\u00adgi\u00adni\u0148 we onu\u0148 \u00e7\u00e4k\u00adle\u00adrin\u00add\u00e4\u00adki yl\u00admy mas\u00adla\u00adha\u00adty\u0148 da\u00adba\u00adra\u00adly a\u00e7y\u00adly\u00ad\u015fy bol\u00addy.<br \/>\nHer \u00fdyl ge\u00ad\u00e7i\u00adril\u00ad\u00fd\u00e4n bu \u00e7\u00e4\u00adre luk\u00adman\u00ad\u00e7y\u00adlyk yl\u00admy\u00adny\u0148 so\u0148\u00adky ga\u00adza\u00adnan\u00adla\u00adry\u00adny sag\u00adly\u00adgy go\u00adra\u00ad\u00fdy\u015f ul\u00adga\u00admy\u00adna or\u00adna\u015f\u00addyr\u00adma\u00adga we da\u00ad\u015fa\u00adry \u00fdurt\u00adly hyz\u00admat\u00adda\u015f\u00adlar bi\u00adlen gat\u00adna\u00ad\u015fyk\u00adla\u00adry mun\u00addan be\u00fd\u00adl\u00e4k-de pug\u00adta\u00adlan\u00addyr\u00adma\u00adga \u00fdar\u00addam ber\u00ad\u00fd\u00e4n i\u0148 iri hem-de ab\u00adra\u00fd\u00adly fo\u00adrum\u00adla\u00adry\u0148 bi\u00adri\u00adne \u00f6w\u00adr\u00fcl\u00addi.<br \/>\nSag\u00adly\u00adgy go\u00adra\u00ad\u00fdy\u015f we der\u00adman se\u00adna\u00adga\u00adty mi\u00adnistr\u00adli\u00adgi ta\u00adra\u00adpyn\u00addan S\u00f6w\u00adda-se\u00adna\u00adgat eda\u00adra\u00adsy bi\u00adlen bi\u00adle\u00adlik\u00adde gu\u00adra\u00adlan bu \u00fd\u00f6\u00adri\u00adte\u00adle\u015f\u00addi\u00adri\u00adlen ser\u00adgi\u00adni\u0148 a\u00e7y\u00adly\u015f da\u00adba\u00adra\u00adsy\u00adna H\u00f6\u00adk\u00fc\u00adme\u00adti\u0148 ag\u00adza\u00adla\u00adry, T\u00fcrk\u00adme\u00adnis\u00adtan\u00adda\u00adky dip\u00adlo\u00adma\u00adtik we\u00adkil\u00adha\u00adna\u00adla\u00adry\u0148 we hal\u00adka\u00adra gu\u00adra\u00adma\u00adla\u00adry\u0148 \u00fdol\u00adba\u015f\u00ad\u00e7y\u00adla\u00adry, mi\u00adnistr\u00adlik\u00adle\u00adri\u0148, pu\u00addak\u00adla\u00ad\u00fdyn do\u00adlan\u00addy\u00adry\u015f eda\u00adra\u00adla\u00adry\u00adny\u0148, luk\u00adman\u00ad\u00e7y\u00adlyk yl\u00admy-kli\u00adni\u00adki mer\u00adkez\u00adle\u00adri\u00adni\u0148, Ylym\u00adlar aka\u00adde\u00admi\u00ad\u00fda\u00adsy\u00adny\u0148, jem\u00adgy\u00ad\u00fdet\u00ad\u00e7i\u00adlik gu\u00adra\u00adma\u00adla\u00adry\u00adny\u0148, bi\u00adlim eda\u00adra\u00adla\u00adry\u00adny\u0148, k\u00f6p\u00ad\u00e7\u00fc\u00adlik\u00adle\u00ad\u00fdin ha\u00adbar be\u00adri\u015f se\u00adri\u015f\u00adde\u00adle\u00adri\u00adni\u0148 \u00fdol\u00adba\u015f\u00ad\u00e7y\u00adla\u00adry\u00addyr we\u00adkil\u00adle\u00adri, \u00fdur\u00addu\u00admy\u00adzy\u0148 sag\u00adly\u00adgy go\u00adra\u00ad\u00fdy\u015f ul\u00adga\u00admy\u00adny\u0148 k\u00f6p san\u00adly i\u015f\u00adg\u00e4r\u00adle\u00adri gat\u00adna\u015f\u00addy\u00adlar.<\/p>\n<p><img decoding=\"async\" loading=\"lazy\" class=\"alignleft wp-image-89037 size-medium\" src=\"https:\/\/zamanturkmenistan.com.tm\/wp-content\/uploads\/2023\/10\/sergi-bilim-saglyk-derman-5X2A7366-300x198.jpg\" alt=\"\" width=\"300\" height=\"198\" srcset=\"https:\/\/zamanturkmenistan.com.tm\/wp-content\/uploads\/2023\/10\/sergi-bilim-saglyk-derman-5X2A7366-300x198.jpg 300w, https:\/\/zamanturkmenistan.com.tm\/wp-content\/uploads\/2023\/10\/sergi-bilim-saglyk-derman-5X2A7366-1024x675.jpg 1024w, https:\/\/zamanturkmenistan.com.tm\/wp-content\/uploads\/2023\/10\/sergi-bilim-saglyk-derman-5X2A7366-768x506.jpg 768w, https:\/\/zamanturkmenistan.com.tm\/wp-content\/uploads\/2023\/10\/sergi-bilim-saglyk-derman-5X2A7366-696x459.jpg 696w, https:\/\/zamanturkmenistan.com.tm\/wp-content\/uploads\/2023\/10\/sergi-bilim-saglyk-derman-5X2A7366-741x486.jpg 741w, https:\/\/zamanturkmenistan.com.tm\/wp-content\/uploads\/2023\/10\/sergi-bilim-saglyk-derman-5X2A7366-1068x704.jpg 1068w, https:\/\/zamanturkmenistan.com.tm\/wp-content\/uploads\/2023\/10\/sergi-bilim-saglyk-derman-5X2A7366-637x420.jpg 637w, https:\/\/zamanturkmenistan.com.tm\/wp-content\/uploads\/2023\/10\/sergi-bilim-saglyk-derman-5X2A7366.jpg 1200w\" sizes=\"(max-width: 300px) 100vw, 300px\" \/><br \/>\nGi\u0148 ser\u00adgi za\u00adlyn\u00adda \u00fdur\u00addu\u00admyz\u00adda\u00adky sag\u00adly\u00adgy go\u00adra\u00ad\u00fdy\u015f we der\u00adman se\u00adna\u00adga\u00adty\u00adna, bi\u00adlim we sport ul\u00adga\u00admy\u00adna de\u00adgi\u015f\u00adli eda\u00adra\u00adla\u00adry\u0148 pa\u00adwil\u00ad\u00fdon\u00adla\u00adry\u00adny g\u00f6r\u00admek bol\u00ad\u00fdar. \u00ddur\u00addu\u00admy\u00adzy\u0148 \u00fdo\u00adka\u00adry okuw mek\u00addep\u00adle\u00adri\u00adni\u0148 bio\u00adlo\u00adgi\u00ad\u00fda, hi\u00admi\u00ad\u00fda, teh\u00adno\u00adlo\u00adgi\u00ad\u00fda \u00fda\u00adly ugur\u00adlar\u00adda\u00adky tas\u00adla\u00adma\u00adla\u00adry bu \u00fde\u00adre ge\u00adlen\u00adle\u00adri\u0148 \u00fcn\u00ads\u00fc\u00adni \u00f6z\u00fc\u00adne \u00e7ek\u00ad\u00fd\u00e4r. \u015ee\u00fd\u00adle hem da\u00ad\u015fa\u00adry \u00fdurt\u00adla\u00adry\u0148 \u00fdo\u00adka\u00adry okuw mek\u00addep\u00adle\u00adri\u00adni\u0148 bir\u00adn\u00e4\u00ad\u00e7e\u00adsi\u00adni\u0148 di\u00adwar\u00adly\u00adgy bar.<br \/>\nSer\u00adgi\u00adni\u0148 do\u00adwa\u00admyn\u00adda hor\u00admat\u00adly Pre\u00adzi\u00adden\u00adti\u00admi\u00adzi\u0148 adyn\u00addan \u00fdur\u00addu\u00admy\u00adzy\u0148 sag\u00adly\u00adgy go\u00adra\u00ad\u00fdy\u015f eda\u00adra\u00adla\u00adry\u00adna \u00fde\u00ad\u0148il aw\u00adtou\u00adlag\u00adlar gow\u00ad\u015fu\u00adryl\u00addy.<\/p>\n<p><img decoding=\"async\" loading=\"lazy\" class=\"aligncenter wp-image-89038 size-large\" src=\"https:\/\/zamanturkmenistan.com.tm\/wp-content\/uploads\/2023\/10\/saglyk-sergi-awtoulag-5X2A7638-1024x695.jpg\" alt=\"\" width=\"696\" height=\"472\" srcset=\"https:\/\/zamanturkmenistan.com.tm\/wp-content\/uploads\/2023\/10\/saglyk-sergi-awtoulag-5X2A7638-1024x695.jpg 1024w, https:\/\/zamanturkmenistan.com.tm\/wp-content\/uploads\/2023\/10\/saglyk-sergi-awtoulag-5X2A7638-300x204.jpg 300w, https:\/\/zamanturkmenistan.com.tm\/wp-content\/uploads\/2023\/10\/saglyk-sergi-awtoulag-5X2A7638-768x521.jpg 768w, https:\/\/zamanturkmenistan.com.tm\/wp-content\/uploads\/2023\/10\/saglyk-sergi-awtoulag-5X2A7638-696x472.jpg 696w, https:\/\/zamanturkmenistan.com.tm\/wp-content\/uploads\/2023\/10\/saglyk-sergi-awtoulag-5X2A7638-1068x724.jpg 1068w, https:\/\/zamanturkmenistan.com.tm\/wp-content\/uploads\/2023\/10\/saglyk-sergi-awtoulag-5X2A7638-619x420.jpg 619w, https:\/\/zamanturkmenistan.com.tm\/wp-content\/uploads\/2023\/10\/saglyk-sergi-awtoulag-5X2A7638.jpg 1200w\" sizes=\"(max-width: 696px) 100vw, 696px\" \/><\/p>\n","protected":false},"excerpt":{"rendered":"<p>\u015eu g\u00fcn S\u00f6w\u00adda-se\u00adna\u00adgat eda\u00adra\u00adsy\u00adny\u0148 ser\u00adgi\u00adler mer\u00adke\u00adzin\u00adde \u00fdur\u00addu\u00admyz\u00adda gi\u0148\u00adden bel\u00adle\u00adnil\u00ad\u00fd\u00e4n Sag\u00adly\u00adgy go\u00adra\u00ad\u00fdy\u015f we der\u00adman se\u00adna\u00adga\u00adty i\u015f\u00adg\u00e4r\u00adle\u00adri\u00adni\u0148 g\u00fc\u00adn\u00fc\u00adne ga\u00adbat\u00adla\u00adnyp ge\u00ad\u00e7i\u00adril\u00ad\u00fd\u00e4n \u00abSag\u00adly\u00adgy go\u00adra\u00ad\u00fdy\u015f, bi\u00adlim we sport Ber\u00adka\u00adrar d\u00f6w\u00adle\u00adti\u0148 t\u00e4\u00adze e\u00fd\u00ad\u00fda\u00admy\u00adny\u0148 Gal\u00adky\u00adny\u00ad\u015fy d\u00f6w\u00adr\u00fcn\u00adde\u00bb at\u00adly hal\u00adka\u00adra ser\u00adgi\u00adni\u0148 we onu\u0148 \u00e7\u00e4k\u00adle\u00adrin\u00add\u00e4\u00adki yl\u00admy mas\u00adla\u00adha\u00adty\u0148 da\u00adba\u00adra\u00adly a\u00e7y\u00adly\u00ad\u015fy bol\u00addy. Her \u00fdyl ge\u00ad\u00e7i\u00adril\u00ad\u00fd\u00e4n bu \u00e7\u00e4\u00adre luk\u00adman\u00ad\u00e7y\u00adlyk yl\u00admy\u00adny\u0148 so\u0148\u00adky ga\u00adza\u00adnan\u00adla\u00adry\u00adny sag\u00adly\u00adgy go\u00adra\u00ad\u00fdy\u015f ul\u00adga\u00admy\u00adna or\u00adna\u015f\u00addyr\u00adma\u00adga we da\u00ad\u015fa\u00adry [&hellip;]<\/p>\n","protected":false},"author":2,"featured_media":89032,"comment_status":"open","ping_status":"closed","sticky":false,"template":"","format":"standard","meta":{"footnotes":""},"categories":[3],"tags":[],"acf":[],"_links":{"self":[{"href":"https:\/\/zamanturkmenistan.com.tm\/index.php?rest_route=\/wp\/v2\/posts\/89031"}],"collection":[{"href":"https:\/\/zamanturkmenistan.com.tm\/index.php?rest_route=\/wp\/v2\/posts"}],"about":[{"href":"https:\/\/zamanturkmenistan.com.tm\/index.php?rest_route=\/wp\/v2\/types\/post"}],"author":[{"embeddable":true,"href":"https:\/\/zamanturkmenistan.com.tm\/index.php?rest_route=\/wp\/v2\/users\/2"}],"replies":[{"embeddable":true,"href":"https:\/\/zamanturkmenistan.com.tm\/index.php?rest_route=%2Fwp%2Fv2%2Fcomments&post=89031"}],"version-history":[{"count":3,"href":"https:\/\/zamanturkmenistan.com.tm\/index.php?rest_route=\/wp\/v2\/posts\/89031\/revisions"}],"predecessor-version":[{"id":89039,"href":"https:\/\/zamanturkmenistan.com.tm\/index.php?rest_route=\/wp\/v2\/posts\/89031\/revisions\/89039"}],"wp:featuredmedia":[{"embeddable":true,"href":"https:\/\/zamanturkmenistan.com.tm\/index.php?rest_route=\/wp\/v2\/media\/89032"}],"wp:attachment":[{"href":"https:\/\/zamanturkmenistan.com.tm\/index.php?rest_route=%2Fwp%2Fv2%2Fmedia&parent=89031"}],"wp:term":[{"taxonomy":"category","embeddable":true,"href":"https:\/\/zamanturkmenistan.com.tm\/index.php?rest_route=%2Fwp%2Fv2%2Fcategories&post=89031"},{"taxonomy":"post_tag","embeddable":true,"href":"https:\/\/zamanturkmenistan.com.tm\/index.php?rest_route=%2Fwp%2Fv2%2Ftags&post=89031"}],"curies":[{"name":"wp","href":"https:\/\/api.w.org\/{rel}","templated":true}]}}