{"id":89168,"date":"2023-10-11T15:45:32","date_gmt":"2023-10-11T10:45:32","guid":{"rendered":"https:\/\/zamanturkmenistan.com.tm\/?p=89168"},"modified":"2023-10-11T15:55:58","modified_gmt":"2023-10-11T10:55:58","slug":"104-yasly-rekordsmen-arada-cykdy","status":"publish","type":"post","link":"https:\/\/zamanturkmenistan.com.tm\/?p=89168","title":{"rendered":"104 \u00fda\u015fly rekordsmen aradan \u00e7ykdy"},"content":{"rendered":"<p>Go\u00adla\u00fd\u00adda 104 \u00fda\u015f\u00adly Do\u00adro\u00adti Hoff\u00adner d\u00f6rt m\u00fc\u0148 metr be\u00adlent\u00adlik\u00adden \u201csky\u00addive\u201d (as\u00adman\u00adda \u00e7\u00fcm\u00admek) g\u00f6r\u00adn\u00fc\u00ad\u015fin\u00adde b\u00f6\u00adk\u00fcp, bu usul ar\u00adka\u00adly as\u00adman\u00addan b\u00f6\u00adken uly \u00fda\u015f\u00adly adam h\u00f6k\u00adm\u00fcn\u00adde <a href=\"https:\/\/zamanturkmenistan.com.tm\/?p=88580\">re\u00adkord go\u00ad\u00fdup\u00addy<\/a>. \u00c7i\u00adka\u00adgo \u015f\u00e4\u00adhe\u00adrin\u00adde \u00fda\u00ad\u015fa\u00ad\u00fdan Do\u00adro\u00adti Hoff-ner \u015fol re\u00adkor\u00addy ama\u00adla a\u015fy\u00adran\u00addan so\u0148\u00adra bu tol\u00adgun\u00addy\u00adry\u00adjy i\u015fi hem\u00adm\u00e4 mas\u00adla\u00adhat be\u00adrip\u00addi. Onu\u0148 ady\u00adny\u0148 Gin\u00adne\u00adsi\u0148 re\u00adkord\u00adlar ki\u00adta\u00adby\u00adna \u00fdaz\u00addy\u00adryl\u00adma\u00adgy \u00fc\u00e7in \u00fd\u00fcz tu\u00adtul\u00adjak\u00addy\u00adgy m\u00e4\u00adlim edi\u00adlip\u00addi. On g\u00fcn ge\u00ad\u00e7en\u00adden so\u0148\u00adra bol\u00adsa Hoff\u00adne\u00adri\u0148 ara\u00addan \u00e7y\u00adkan\u00addy\u00adgy m\u00e4\u00adlim edil\u00addi. Bu ba\u00adra\u00adda \u201cSky\u00addive Chicago\u201d pa\u00adra\u015f\u00ad\u00fdut bi\u00adle\u00adle\u00ad\u015fi\u00adgi m\u00e4\u00adlim et\u00addi.<br \/>\nMun\u00addan ozal\u00adky re\u00adkord 103 \u00fda\u015f\u00adly Lin\u00adnea In\u00adge\u00adg\u00e4rd Lars\u00adso\u00adna de\u00adgi\u015f\u00adli\u00addi.<\/p>\n","protected":false},"excerpt":{"rendered":"<p>Go\u00adla\u00fd\u00adda 104 \u00fda\u015f\u00adly Do\u00adro\u00adti Hoff\u00adner d\u00f6rt m\u00fc\u0148 metr be\u00adlent\u00adlik\u00adden \u201csky\u00addive\u201d (as\u00adman\u00adda \u00e7\u00fcm\u00admek) g\u00f6r\u00adn\u00fc\u00ad\u015fin\u00adde b\u00f6\u00adk\u00fcp, bu usul ar\u00adka\u00adly as\u00adman\u00addan b\u00f6\u00adken uly \u00fda\u015f\u00adly adam h\u00f6k\u00adm\u00fcn\u00adde re\u00adkord go\u00ad\u00fdup\u00addy. \u00c7i\u00adka\u00adgo \u015f\u00e4\u00adhe\u00adrin\u00adde \u00fda\u00ad\u015fa\u00ad\u00fdan Do\u00adro\u00adti Hoff-ner \u015fol re\u00adkor\u00addy ama\u00adla a\u015fy\u00adran\u00addan so\u0148\u00adra bu tol\u00adgun\u00addy\u00adry\u00adjy i\u015fi hem\u00adm\u00e4 mas\u00adla\u00adhat be\u00adrip\u00addi. Onu\u0148 ady\u00adny\u0148 Gin\u00adne\u00adsi\u0148 re\u00adkord\u00adlar ki\u00adta\u00adby\u00adna \u00fdaz\u00addy\u00adryl\u00adma\u00adgy \u00fc\u00e7in \u00fd\u00fcz tu\u00adtul\u00adjak\u00addy\u00adgy m\u00e4\u00adlim edi\u00adlip\u00addi. On g\u00fcn ge\u00ad\u00e7en\u00adden [&hellip;]<\/p>\n","protected":false},"author":2,"featured_media":88584,"comment_status":"open","ping_status":"closed","sticky":false,"template":"","format":"standard","meta":{"footnotes":""},"categories":[5],"tags":[],"acf":[],"_links":{"self":[{"href":"https:\/\/zamanturkmenistan.com.tm\/index.php?rest_route=\/wp\/v2\/posts\/89168"}],"collection":[{"href":"https:\/\/zamanturkmenistan.com.tm\/index.php?rest_route=\/wp\/v2\/posts"}],"about":[{"href":"https:\/\/zamanturkmenistan.com.tm\/index.php?rest_route=\/wp\/v2\/types\/post"}],"author":[{"embeddable":true,"href":"https:\/\/zamanturkmenistan.com.tm\/index.php?rest_route=\/wp\/v2\/users\/2"}],"replies":[{"embeddable":true,"href":"https:\/\/zamanturkmenistan.com.tm\/index.php?rest_route=%2Fwp%2Fv2%2Fcomments&post=89168"}],"version-history":[{"count":2,"href":"https:\/\/zamanturkmenistan.com.tm\/index.php?rest_route=\/wp\/v2\/posts\/89168\/revisions"}],"predecessor-version":[{"id":89171,"href":"https:\/\/zamanturkmenistan.com.tm\/index.php?rest_route=\/wp\/v2\/posts\/89168\/revisions\/89171"}],"wp:featuredmedia":[{"embeddable":true,"href":"https:\/\/zamanturkmenistan.com.tm\/index.php?rest_route=\/wp\/v2\/media\/88584"}],"wp:attachment":[{"href":"https:\/\/zamanturkmenistan.com.tm\/index.php?rest_route=%2Fwp%2Fv2%2Fmedia&parent=89168"}],"wp:term":[{"taxonomy":"category","embeddable":true,"href":"https:\/\/zamanturkmenistan.com.tm\/index.php?rest_route=%2Fwp%2Fv2%2Fcategories&post=89168"},{"taxonomy":"post_tag","embeddable":true,"href":"https:\/\/zamanturkmenistan.com.tm\/index.php?rest_route=%2Fwp%2Fv2%2Ftags&post=89168"}],"curies":[{"name":"wp","href":"https:\/\/api.w.org\/{rel}","templated":true}]}}