{"id":89182,"date":"2023-10-11T17:35:42","date_gmt":"2023-10-11T12:35:42","guid":{"rendered":"https:\/\/zamanturkmenistan.com.tm\/?p=89182"},"modified":"2023-10-11T17:35:42","modified_gmt":"2023-10-11T12:35:42","slug":"turkmenistanda-banglades-halk-respublikasynyn-ilcisi-akkreditirlendi","status":"publish","type":"post","link":"https:\/\/zamanturkmenistan.com.tm\/?p=89182","title":{"rendered":"T\u00fcrkmenistanda Banglade\u015f Halk Respublikasyny\u0148 il\u00e7isi akkreditirlendi"},"content":{"rendered":"<p>10-njy okt\u00fdabrda T\u00fcrkmenistany\u0148 Mejlisini\u0148 Ba\u015flygy D.Gulmanowa Banglade\u015f Halk Respublikasyny\u0148 T\u00fcrkmenistandaky Adatdan da\u015fary we Doly ygty\u00fdarly il\u00e7isi M.Amanul Hakdan ynan\u00e7 hatyny kabul etdi.<br \/>\nMilli parlamenti\u0148 \u00fdolba\u015f\u00e7ysy d\u00f6wlet Ba\u015ftutanyny\u0148 adyndan Il\u00e7ini jogapk\u00e4rli wezip\u00e4 bellenilmegi bilen gutlady.<br \/>\nBanglade\u015fi\u0148 Il\u00e7isi T\u00fcrkmenistany\u0148 Prezidenti Serdar Berdimuhamedowa \u00f6z \u00fdurduny\u0148 \u00fdokary derejeli \u00fdolba\u015f\u00e7ylaryny\u0148 m\u00e4hirli salamyny \u00fdetirdi we tutu\u015f t\u00fcrkmen halkyna i\u0148 gowy arzuwlaryny be\u00fdan etdi.<br \/>\nS\u00f6hbetde\u015fligi\u0148 bar\u015fynda il\u00e7i T\u00fcrkmenistany\u0148 i\u00e7eri sy\u00fdasatyny\u0148 esasy ugurlary we da\u015fary ugry bilen tany\u015fdyryldy. Prezident Serdar Berdimuhamedowy\u0148 ba\u015ftutanlygynda T\u00fcrkmenistanda amala a\u015fyryl\u00fdan durmu\u015f-ykdysady \u00f6zgertmeler we toplumla\u00fdyn maksatnamalar hakynda a\u00fdratyn durlup ge\u00e7ildi.<br \/>\n\u015ee\u00fdle-de diplomat Mejlisi\u0148 d\u00fcz\u00fcmi we onu\u0148 alyp bar\u00fdan i\u015fleri, \u015fol sanda parlamentara gatna\u015fyklary \u00fdola go\u00fdmak bo\u00fdun\u00e7a gazanan tejribesi bilen tany\u015fdyryldy. \u015eunu\u0148 bilen baglylykda, iki \u00fdurdu\u0148 hem kanun \u00e7ykaryjy edaralaryny\u0148 arasynda \u00f6zara hyzmatda\u015flygy h\u00f6weslendirm\u00e4ge gyzyklanma bildir\u00fd\u00e4ndikleri tassyklanyldy.<br \/>\nIkitarapla\u00fdyn hyzmatda\u015flygy\u0148 geljegi uly ugurlary bo\u00fdun\u00e7a pikir aly\u015fmalary\u0148 dowamynda s\u00f6wda-ykdysady ulgamda gatna\u015fyklary i\u015fje\u0148le\u015fdirmegi\u0148 o\u0148yn m\u00fcmkin\u00e7iliklerini\u0148 bardygy bellenildi. \u015eunu\u0148 bilen birlikde, medeni-ynsanperwer ugru\u0148 d\u00f6wletara dialogy\u0148 a\u00fdrylmaz b\u00f6legi bolup dur\u00fdandygy nygtaldy.<\/p>\n","protected":false},"excerpt":{"rendered":"<p>10-njy okt\u00fdabrda T\u00fcrkmenistany\u0148 Mejlisini\u0148 Ba\u015flygy D.Gulmanowa Banglade\u015f Halk Respublikasyny\u0148 T\u00fcrkmenistandaky Adatdan da\u015fary we Doly ygty\u00fdarly il\u00e7isi M.Amanul Hakdan ynan\u00e7 hatyny kabul etdi. Milli parlamenti\u0148 \u00fdolba\u015f\u00e7ysy d\u00f6wlet Ba\u015ftutanyny\u0148 adyndan Il\u00e7ini jogapk\u00e4rli wezip\u00e4 bellenilmegi bilen gutlady. Banglade\u015fi\u0148 Il\u00e7isi T\u00fcrkmenistany\u0148 Prezidenti Serdar Berdimuhamedowa \u00f6z \u00fdurduny\u0148 \u00fdokary derejeli \u00fdolba\u015f\u00e7ylaryny\u0148 m\u00e4hirli salamyny \u00fdetirdi we tutu\u015f t\u00fcrkmen halkyna i\u0148 gowy arzuwlaryny [&hellip;]<\/p>\n","protected":false},"author":2,"featured_media":89183,"comment_status":"open","ping_status":"closed","sticky":false,"template":"","format":"standard","meta":{"footnotes":""},"categories":[3],"tags":[],"acf":[],"_links":{"self":[{"href":"https:\/\/zamanturkmenistan.com.tm\/index.php?rest_route=\/wp\/v2\/posts\/89182"}],"collection":[{"href":"https:\/\/zamanturkmenistan.com.tm\/index.php?rest_route=\/wp\/v2\/posts"}],"about":[{"href":"https:\/\/zamanturkmenistan.com.tm\/index.php?rest_route=\/wp\/v2\/types\/post"}],"author":[{"embeddable":true,"href":"https:\/\/zamanturkmenistan.com.tm\/index.php?rest_route=\/wp\/v2\/users\/2"}],"replies":[{"embeddable":true,"href":"https:\/\/zamanturkmenistan.com.tm\/index.php?rest_route=%2Fwp%2Fv2%2Fcomments&post=89182"}],"version-history":[{"count":1,"href":"https:\/\/zamanturkmenistan.com.tm\/index.php?rest_route=\/wp\/v2\/posts\/89182\/revisions"}],"predecessor-version":[{"id":89184,"href":"https:\/\/zamanturkmenistan.com.tm\/index.php?rest_route=\/wp\/v2\/posts\/89182\/revisions\/89184"}],"wp:featuredmedia":[{"embeddable":true,"href":"https:\/\/zamanturkmenistan.com.tm\/index.php?rest_route=\/wp\/v2\/media\/89183"}],"wp:attachment":[{"href":"https:\/\/zamanturkmenistan.com.tm\/index.php?rest_route=%2Fwp%2Fv2%2Fmedia&parent=89182"}],"wp:term":[{"taxonomy":"category","embeddable":true,"href":"https:\/\/zamanturkmenistan.com.tm\/index.php?rest_route=%2Fwp%2Fv2%2Fcategories&post=89182"},{"taxonomy":"post_tag","embeddable":true,"href":"https:\/\/zamanturkmenistan.com.tm\/index.php?rest_route=%2Fwp%2Fv2%2Ftags&post=89182"}],"curies":[{"name":"wp","href":"https:\/\/api.w.org\/{rel}","templated":true}]}}