{"id":89221,"date":"2023-10-12T13:54:09","date_gmt":"2023-10-12T08:54:09","guid":{"rendered":"https:\/\/zamanturkmenistan.com.tm\/?p=89221"},"modified":"2023-10-12T13:54:09","modified_gmt":"2023-10-12T08:54:09","slug":"bilelikdaki-turkmen-awstriya-galkynys-simfoniki-orkestrinin-konserti-geciriler","status":"publish","type":"post","link":"https:\/\/zamanturkmenistan.com.tm\/?p=89221","title":{"rendered":"Bilelikd\u00e4ki T\u00fcrkmen-Awstri\u00fda \u00abGalkyny\u015f\u00bb simfoniki orkestrini\u0148 konserti ge\u00e7iriler"},"content":{"rendered":"<p>12-nji okt\u00ad\u00fdabr\u00adda T\u00fcrk\u00adme\u00adnis\u00adta\u00adny\u0148 D\u00f6w\u00adlet me\u00adde\u00adni\u00ad\u00fdet mer\u00adke\u00adzi\u00adni\u0148 Mu\u00adkam\u00adlar k\u00f6\u015f\u00adg\u00fcn\u00adde bi\u00adle\u00adlik\u00add\u00e4\u00adki t\u00fcrk\u00admen-awst\u00adri\u00ad\u00fda \u00abGal\u00adky\u00adny\u015f\u00bb sim\u00adfo\u00adnik or\u00adkest\u00adri\u00adni\u0148 kon\u00adser\u00adti ge\u00ad\u00e7i\u00adri\u00adler.<br \/>\nKon\u00adser\u00adti\u0148 do\u00adwa\u00admyn\u00adda bi\u00adle\u00adlik\u00add\u00e4\u00adki to\u00adpa\u00adry\u0148 awst\u00adri\u00ad\u00fda d\u00fc\u00adz\u00fc\u00admi\u00adni\u0148 we\u00adkil\u00adle\u00adri\u00adni\u0148 saz\u00adla\u00adry wi\u00addeo\u00ad\u00fdaz\u00adgy\u00adlar ar\u00adka\u00adly di\u0148\u00adle\u00fd\u00adji\u00adle\u00adre \u00fde\u00adti\u00adril\u00adme\u00adgi\u00adne ga\u00adra\u00ad\u015fyl\u00ad\u00fdar. Sah\u00adna\u00adda ta\u00adny\u00admal di\u00adri\u017e\u00ad\u00fdor Re\u00adsul Gy\u00adly\u00adjo\u00adwy\u0148 \u00fdol\u00adba\u015f\u00ad\u00e7y\u00adly\u00adgyn\u00adda\u00adky T\u00fcrk\u00adme\u00adnis\u00adta\u00adny\u0148 D\u00f6w\u00adlet sim\u00adfo\u00adni\u00adki or\u00adkest\u00adri nus\u00adga\u00adwy saz\u00adla\u00adry\u00addyr da\u00ad\u015fa\u00adry \u00fdurt\u00adly kom\u00adpo\u00adzi\u00adtor\u00adla\u00adry\u0148 me\u015f\u00adhur eser\u00adle\u00adri\u00adni \u00fde\u00adri\u00adne \u00fde\u00adti\u00adrip, gat\u00adna\u00ad\u015fy\u00adjy\u00adla\u00adra ru\u00adhy lez\u00adzet pa\u00fd\u00adlar.<br \/>\n2009-njy \u00fdy\u00adly\u0148 ma\u00fd a\u00fdyn\u00adda Gurbanguly Berdimuhamedowy\u0148 ba\u015f\u00adlan\u00adgy\u00adjy esa\u00adsyn\u00adda d\u00f6\u00adre\u00addi\u00adlen \u00abGal\u00adky\u00adny\u015f\u00bb t\u00fcrk\u00admen-awst\u00adri\u00ad\u00fda sim\u00adfo\u00adni\u00adki or\u00adkest\u00adri\u00adni\u0148 sun\u00adga\u00adty\u0148 ser\u00adhet\u00adle\u00adri a\u015fyp, dost\u00adluk\u00adly gat\u00adna\u00ad\u015fyk\u00adla\u00adry has-da pug\u00adta\u00adlan\u00addyr\u00adma\u00adga ukyp\u00adly\u00addy\u00adgy\u00adny, bi\u00adle\u00adlik\u00add\u00e4\u00adki d\u00f6\u00adre\u00addi\u00adji\u00adlik\u00adli g\u00f6z\u00adleg\u00adle\u00adre yl\u00adham ber\u00ad\u00fd\u00e4n\u00addi\u00adgi\u00adni in\u00addi 14 \u00fdyl\u00addan b\u00e4\u00adri g\u00f6z \u00fde\u00adti\u00adrip gel\u00ad\u00fd\u00e4\u00adris. \u00c7\u00fcn\u00adki, t\u00fcrk\u00admen-awst\u00adri\u00ad\u00fda sim\u00adfo\u00adni\u00adki or\u00adkest\u00adri\u00adni\u0148 mun\u00addan ozal hem \u00fdur\u00addu\u00admyz\u00adda en\u00ad\u00e7e\u00adme kon\u00adsert\u00adle\u00adri ge\u00ad\u00e7i\u00adri\u00adlip\u00addi.<br \/>\nT\u00fcrk\u00adme\u00adnis\u00adta\u00adny\u0148 Me\u00adde\u00adni\u00ad\u00fdet mi\u00adnistr\u00adli\u00adgi\u00adni\u0148 gu\u00adra\u00adma\u00adgyn\u00adda ge\u00ad\u00e7i\u00adril\u00adjek kon\u00adsert 19:00-da ba\u015f\u00adla\u00adnar.<\/p>\n","protected":false},"excerpt":{"rendered":"<p>12-nji okt\u00ad\u00fdabr\u00adda T\u00fcrk\u00adme\u00adnis\u00adta\u00adny\u0148 D\u00f6w\u00adlet me\u00adde\u00adni\u00ad\u00fdet mer\u00adke\u00adzi\u00adni\u0148 Mu\u00adkam\u00adlar k\u00f6\u015f\u00adg\u00fcn\u00adde bi\u00adle\u00adlik\u00add\u00e4\u00adki t\u00fcrk\u00admen-awst\u00adri\u00ad\u00fda \u00abGal\u00adky\u00adny\u015f\u00bb sim\u00adfo\u00adnik or\u00adkest\u00adri\u00adni\u0148 kon\u00adser\u00adti ge\u00ad\u00e7i\u00adri\u00adler. Kon\u00adser\u00adti\u0148 do\u00adwa\u00admyn\u00adda bi\u00adle\u00adlik\u00add\u00e4\u00adki to\u00adpa\u00adry\u0148 awst\u00adri\u00ad\u00fda d\u00fc\u00adz\u00fc\u00admi\u00adni\u0148 we\u00adkil\u00adle\u00adri\u00adni\u0148 saz\u00adla\u00adry wi\u00addeo\u00ad\u00fdaz\u00adgy\u00adlar ar\u00adka\u00adly di\u0148\u00adle\u00fd\u00adji\u00adle\u00adre \u00fde\u00adti\u00adril\u00adme\u00adgi\u00adne ga\u00adra\u00ad\u015fyl\u00ad\u00fdar. Sah\u00adna\u00adda ta\u00adny\u00admal di\u00adri\u017e\u00ad\u00fdor Re\u00adsul Gy\u00adly\u00adjo\u00adwy\u0148 \u00fdol\u00adba\u015f\u00ad\u00e7y\u00adly\u00adgyn\u00adda\u00adky T\u00fcrk\u00adme\u00adnis\u00adta\u00adny\u0148 D\u00f6w\u00adlet sim\u00adfo\u00adni\u00adki or\u00adkest\u00adri nus\u00adga\u00adwy saz\u00adla\u00adry\u00addyr da\u00ad\u015fa\u00adry \u00fdurt\u00adly kom\u00adpo\u00adzi\u00adtor\u00adla\u00adry\u0148 me\u015f\u00adhur eser\u00adle\u00adri\u00adni \u00fde\u00adri\u00adne \u00fde\u00adti\u00adrip, gat\u00adna\u00ad\u015fy\u00adjy\u00adla\u00adra ru\u00adhy lez\u00adzet pa\u00fd\u00adlar. 2009-njy \u00fdy\u00adly\u0148 ma\u00fd a\u00fdyn\u00adda [&hellip;]<\/p>\n","protected":false},"author":2,"featured_media":89222,"comment_status":"open","ping_status":"closed","sticky":false,"template":"","format":"standard","meta":{"footnotes":""},"categories":[8273],"tags":[],"acf":[],"_links":{"self":[{"href":"https:\/\/zamanturkmenistan.com.tm\/index.php?rest_route=\/wp\/v2\/posts\/89221"}],"collection":[{"href":"https:\/\/zamanturkmenistan.com.tm\/index.php?rest_route=\/wp\/v2\/posts"}],"about":[{"href":"https:\/\/zamanturkmenistan.com.tm\/index.php?rest_route=\/wp\/v2\/types\/post"}],"author":[{"embeddable":true,"href":"https:\/\/zamanturkmenistan.com.tm\/index.php?rest_route=\/wp\/v2\/users\/2"}],"replies":[{"embeddable":true,"href":"https:\/\/zamanturkmenistan.com.tm\/index.php?rest_route=%2Fwp%2Fv2%2Fcomments&post=89221"}],"version-history":[{"count":1,"href":"https:\/\/zamanturkmenistan.com.tm\/index.php?rest_route=\/wp\/v2\/posts\/89221\/revisions"}],"predecessor-version":[{"id":89223,"href":"https:\/\/zamanturkmenistan.com.tm\/index.php?rest_route=\/wp\/v2\/posts\/89221\/revisions\/89223"}],"wp:featuredmedia":[{"embeddable":true,"href":"https:\/\/zamanturkmenistan.com.tm\/index.php?rest_route=\/wp\/v2\/media\/89222"}],"wp:attachment":[{"href":"https:\/\/zamanturkmenistan.com.tm\/index.php?rest_route=%2Fwp%2Fv2%2Fmedia&parent=89221"}],"wp:term":[{"taxonomy":"category","embeddable":true,"href":"https:\/\/zamanturkmenistan.com.tm\/index.php?rest_route=%2Fwp%2Fv2%2Fcategories&post=89221"},{"taxonomy":"post_tag","embeddable":true,"href":"https:\/\/zamanturkmenistan.com.tm\/index.php?rest_route=%2Fwp%2Fv2%2Ftags&post=89221"}],"curies":[{"name":"wp","href":"https:\/\/api.w.org\/{rel}","templated":true}]}}