{"id":89829,"date":"2023-10-18T11:23:37","date_gmt":"2023-10-18T06:23:37","guid":{"rendered":"https:\/\/zamanturkmenistan.com.tm\/?p=89829"},"modified":"2023-10-18T11:24:54","modified_gmt":"2023-10-18T06:24:54","slug":"asgabat-koneurgenc-asgabat-zyyarat-otly-gatnawy-guralar","status":"publish","type":"post","link":"https:\/\/zamanturkmenistan.com.tm\/?p=89829","title":{"rendered":"A\u015fgabat-K\u00f6ne\u00fcrgen\u00e7-A\u015fgabat zy\u00fdarat otly gatnawy guralar"},"content":{"rendered":"<p>A\u015fgabat \u2013 K\u00f6ne\u00fcrgen\u00e7 \u2013 A\u015fgabat aralygynda otly gatnawyny\u0148 amala a\u015fyryljakdygy habar berildi. Otly gatnawy \u00fdolag\u00e7ylary\u0148 demirgazyk sebitd\u00e4ki taryhy \u00fdadyg\u00e4rliklere gezelen\u00e7 etmekleri \u00fc\u00e7in, has takygy, zy\u00fdarat-gezelenji\u0148 esasy ugry \u00ddUNESKO tarapyndan goral\u00fdan \u00abK\u00f6ne\u00fcrgen\u00e7\u00bb d\u00f6wlet taryhy-medeni goraghanasyny\u0148 \u00e7\u00e4klerind\u00e4ki \u00fdadyg\u00e4rlikler toplumy bolar. \u015ee\u00fdle hem sy\u00fdahat\u00e7ylar demirgazyk sebiti\u0148 tebigy a\u00fdratynlyklary we be\u00fdleki taryhy \u00fdadyg\u00e4rlikleri bilen tany\u015fyp bilerler. Mundan ba\u015fga-da, sy\u00fdahat\u00e7ylar \u00fc\u00e7in Be\u00fdik \u00dd\u00fcpek \u00fdoluny\u0148 belli bir b\u00f6l\u00fcmini ge\u00e7mek \u00fc\u00e7in m\u00fcmkin\u00e7ilikler d\u00f6r\u00e4r.<br \/>\n\u201cT\u00fcrkmendemir\u00fdollary\u201d agentligini\u0148 resmi sa\u00fdtynda \u00fderle\u015fdirilen bildiri\u015fde sy\u00fdahat otlusyny\u0148 A\u015fgabat \u015f\u00e4herini\u0148 demir \u00fdol menzilinden 27-nji okt\u00fdabrda ugrajakdygy bellenil\u00fd\u00e4r. Biletler A\u015fgabat \u015f\u00e4herini\u0148 demir \u00fdol menzilini\u0148 kassalarynda satyl\u00fdar.<\/p>\n","protected":false},"excerpt":{"rendered":"<p>A\u015fgabat \u2013 K\u00f6ne\u00fcrgen\u00e7 \u2013 A\u015fgabat aralygynda otly gatnawyny\u0148 amala a\u015fyryljakdygy habar berildi. Otly gatnawy \u00fdolag\u00e7ylary\u0148 demirgazyk sebitd\u00e4ki taryhy \u00fdadyg\u00e4rliklere gezelen\u00e7 etmekleri \u00fc\u00e7in, has takygy, zy\u00fdarat-gezelenji\u0148 esasy ugry \u00ddUNESKO tarapyndan goral\u00fdan \u00abK\u00f6ne\u00fcrgen\u00e7\u00bb d\u00f6wlet taryhy-medeni goraghanasyny\u0148 \u00e7\u00e4klerind\u00e4ki \u00fdadyg\u00e4rlikler toplumy bolar. \u015ee\u00fdle hem sy\u00fdahat\u00e7ylar demirgazyk sebiti\u0148 tebigy a\u00fdratynlyklary we be\u00fdleki taryhy \u00fdadyg\u00e4rlikleri bilen tany\u015fyp bilerler. Mundan ba\u015fga-da, sy\u00fdahat\u00e7ylar [&hellip;]<\/p>\n","protected":false},"author":2,"featured_media":63488,"comment_status":"open","ping_status":"closed","sticky":false,"template":"","format":"standard","meta":{"footnotes":""},"categories":[8273,3],"tags":[],"acf":[],"_links":{"self":[{"href":"https:\/\/zamanturkmenistan.com.tm\/index.php?rest_route=\/wp\/v2\/posts\/89829"}],"collection":[{"href":"https:\/\/zamanturkmenistan.com.tm\/index.php?rest_route=\/wp\/v2\/posts"}],"about":[{"href":"https:\/\/zamanturkmenistan.com.tm\/index.php?rest_route=\/wp\/v2\/types\/post"}],"author":[{"embeddable":true,"href":"https:\/\/zamanturkmenistan.com.tm\/index.php?rest_route=\/wp\/v2\/users\/2"}],"replies":[{"embeddable":true,"href":"https:\/\/zamanturkmenistan.com.tm\/index.php?rest_route=%2Fwp%2Fv2%2Fcomments&post=89829"}],"version-history":[{"count":1,"href":"https:\/\/zamanturkmenistan.com.tm\/index.php?rest_route=\/wp\/v2\/posts\/89829\/revisions"}],"predecessor-version":[{"id":89830,"href":"https:\/\/zamanturkmenistan.com.tm\/index.php?rest_route=\/wp\/v2\/posts\/89829\/revisions\/89830"}],"wp:featuredmedia":[{"embeddable":true,"href":"https:\/\/zamanturkmenistan.com.tm\/index.php?rest_route=\/wp\/v2\/media\/63488"}],"wp:attachment":[{"href":"https:\/\/zamanturkmenistan.com.tm\/index.php?rest_route=%2Fwp%2Fv2%2Fmedia&parent=89829"}],"wp:term":[{"taxonomy":"category","embeddable":true,"href":"https:\/\/zamanturkmenistan.com.tm\/index.php?rest_route=%2Fwp%2Fv2%2Fcategories&post=89829"},{"taxonomy":"post_tag","embeddable":true,"href":"https:\/\/zamanturkmenistan.com.tm\/index.php?rest_route=%2Fwp%2Fv2%2Ftags&post=89829"}],"curies":[{"name":"wp","href":"https:\/\/api.w.org\/{rel}","templated":true}]}}