{"id":89870,"date":"2023-10-19T10:15:07","date_gmt":"2023-10-19T05:15:07","guid":{"rendered":"https:\/\/zamanturkmenistan.com.tm\/?p=89870"},"modified":"2023-10-19T10:45:36","modified_gmt":"2023-10-19T05:45:36","slug":"germaniyanyn-ilkinji-uniwersiteti-acyldy","status":"publish","type":"post","link":"https:\/\/zamanturkmenistan.com.tm\/?p=89870","title":{"rendered":"Germani\u00fdany\u0148 ilkinji uniwersiteti a\u00e7yldy"},"content":{"rendered":"<p>1386-njy \u00fdyly\u0148 19-njy okt\u00fdabrynda Germani\u00fdany\u0148 He\u00fddelberg uniwersitetinde ilkinji sapak berildi. \u015ee\u00fdlelikde \u00fdurdu\u0148 ilkinji uniwersiteti \u00f6z i\u015fine ba\u015flady. Abybir \u015f\u00e4herde \u00fderle\u015f\u00fd\u00e4n \u00fdokary okuw mekdebi h\u00e4zirki wagtda Rupreht we Karly\u0148 adyny (nemes\u00e7e: Ruprecht-Karls-Universit\u00e4t Heidelberg, latyn\u00e7a: Universitas Ruperto Carola Heidelbergensis) g\u00f6ter\u00fd\u00e4r. Uniwersitet Keramatly Rim imperi\u00fdasynda Wenadaky we Pragadaky \u00fdokary okuw mekdeplerinden so\u0148ra gurlan \u00fc\u00e7\u00fcnji uniwersitetdir.<\/p>\n","protected":false},"excerpt":{"rendered":"<p>1386-njy \u00fdyly\u0148 19-njy okt\u00fdabrynda Germani\u00fdany\u0148 He\u00fddelberg uniwersitetinde ilkinji sapak berildi. \u015ee\u00fdlelikde \u00fdurdu\u0148 ilkinji uniwersiteti \u00f6z i\u015fine ba\u015flady. Abybir \u015f\u00e4herde \u00fderle\u015f\u00fd\u00e4n \u00fdokary okuw mekdebi h\u00e4zirki wagtda Rupreht we Karly\u0148 adyny (nemes\u00e7e: Ruprecht-Karls-Universit\u00e4t Heidelberg, latyn\u00e7a: Universitas Ruperto Carola Heidelbergensis) g\u00f6ter\u00fd\u00e4r. Uniwersitet Keramatly Rim imperi\u00fdasynda Wenadaky we Pragadaky \u00fdokary okuw mekdeplerinden so\u0148ra gurlan \u00fc\u00e7\u00fcnji uniwersitetdir.<\/p>\n","protected":false},"author":2,"featured_media":89871,"comment_status":"open","ping_status":"closed","sticky":false,"template":"","format":"standard","meta":{"footnotes":""},"categories":[402],"tags":[],"acf":[],"_links":{"self":[{"href":"https:\/\/zamanturkmenistan.com.tm\/index.php?rest_route=\/wp\/v2\/posts\/89870"}],"collection":[{"href":"https:\/\/zamanturkmenistan.com.tm\/index.php?rest_route=\/wp\/v2\/posts"}],"about":[{"href":"https:\/\/zamanturkmenistan.com.tm\/index.php?rest_route=\/wp\/v2\/types\/post"}],"author":[{"embeddable":true,"href":"https:\/\/zamanturkmenistan.com.tm\/index.php?rest_route=\/wp\/v2\/users\/2"}],"replies":[{"embeddable":true,"href":"https:\/\/zamanturkmenistan.com.tm\/index.php?rest_route=%2Fwp%2Fv2%2Fcomments&post=89870"}],"version-history":[{"count":2,"href":"https:\/\/zamanturkmenistan.com.tm\/index.php?rest_route=\/wp\/v2\/posts\/89870\/revisions"}],"predecessor-version":[{"id":89880,"href":"https:\/\/zamanturkmenistan.com.tm\/index.php?rest_route=\/wp\/v2\/posts\/89870\/revisions\/89880"}],"wp:featuredmedia":[{"embeddable":true,"href":"https:\/\/zamanturkmenistan.com.tm\/index.php?rest_route=\/wp\/v2\/media\/89871"}],"wp:attachment":[{"href":"https:\/\/zamanturkmenistan.com.tm\/index.php?rest_route=%2Fwp%2Fv2%2Fmedia&parent=89870"}],"wp:term":[{"taxonomy":"category","embeddable":true,"href":"https:\/\/zamanturkmenistan.com.tm\/index.php?rest_route=%2Fwp%2Fv2%2Fcategories&post=89870"},{"taxonomy":"post_tag","embeddable":true,"href":"https:\/\/zamanturkmenistan.com.tm\/index.php?rest_route=%2Fwp%2Fv2%2Ftags&post=89870"}],"curies":[{"name":"wp","href":"https:\/\/api.w.org\/{rel}","templated":true}]}}