{"id":89873,"date":"2023-10-19T10:40:59","date_gmt":"2023-10-19T05:40:59","guid":{"rendered":"https:\/\/zamanturkmenistan.com.tm\/?p=89873"},"modified":"2023-10-19T10:40:59","modified_gmt":"2023-10-19T05:40:59","slug":"bmg-nin-betbagtcylyklaryn-towekgelciligini-azaltmak-boyunca-mudirliginin-wekili-bilen-dususyk-gecirildi","status":"publish","type":"post","link":"https:\/\/zamanturkmenistan.com.tm\/?p=89873","title":{"rendered":"BMG-ni\u0148 betbagt\u00e7ylyklary\u0148 t\u00f6wekgel\u00e7iligini azaltmak bo\u00fdun\u00e7a m\u00fcdirligini\u0148 wekili bilen du\u015fu\u015fyk ge\u00e7irildi"},"content":{"rendered":"<p>17-nji okt\u00ad\u00fdabr\u00adda T\u00fcrk\u00adme\u00adnis\u00adta\u00adny\u0148 Da\u00ad\u015fa\u00adry i\u015f\u00adler mi\u00adnist\u00adri\u00adni\u0148 orun\u00adba\u00adsa\u00adry M.B\u00e4\u00ad\u015fi\u00admo\u00adwa\u00adny\u0148 BMG-ni\u0148 Bet\u00adbagt\u00ad\u00e7y\u00adlyk\u00adla\u00adry\u0148 t\u00f6\u00adwek\u00adgel\u00ad\u00e7i\u00adli\u00adgi\u00adni azalt\u00admak bo\u00ad\u00fdun\u00ad\u00e7a se\u00adbit\u00adle\u00ad\u00fdin m\u00fc\u00addi\u00adri\u00adni\u0148 orun\u00adba\u00adsa\u00adry Se\u00adbas\u00adti\u00adan Pen\u00adzi\u00adni bi\u00adlen du\u00ad\u015fu\u00ad\u015fy\u00adgy ge\u00ad\u00e7i\u00adril\u00addi.<br \/>\nDu\u00ad\u015fu\u00ad\u015fyk\u00adda bet\u00adbagt\u00ad\u00e7y\u00adlyk\u00adla\u00adry\u0148 t\u00f6\u00adwek\u00adgel\u00ad\u00e7i\u00adli\u00adgi\u00adni azalt\u00admak\u00adda ta\u00adrap\u00adla\u00adry\u0148 ara\u00adsyn\u00adda\u00adky \u00f6za\u00adra gat\u00adna\u00ad\u015fyk\u00adla\u00adry\u0148 h\u00e4\u00adzir\u00adki me\u00adse\u00adle\u00adle\u00adri ara al\u00adnyp mas\u00adla\u00adhat\u00adla\u00ad\u015fyl\u00addy we bu ugur\u00adda kuw\u00adwa\u00adty art\u00addyr\u00admak \u00fc\u00e7in bi\u00adle\u00adlik\u00add\u00e4\u00adki \u00e7\u00e4\u00adre\u00adle\u00adri\u0148 dur\u00admu\u00ad\u015fa ge\u00ad\u00e7i\u00adril\u00adme\u00adgi T\u00fcrk\u00adme\u00adnis\u00adtan bi\u00adlen BMG-ni\u0148 ara\u00adsyn\u00adda dur\u00adnuk\u00adly \u00f6s\u00fc\u015f \u00e7yg\u00adryn\u00adda 2021-2025-nji \u00fdyl\u00adlar \u00fc\u00e7in hyz\u00admat\u00adda\u015f\u00adly\u00adgy\u0148 \u00c7ar\u00ad\u00e7u\u00adwa\u00adly Mak\u00adsat\u00adna\u00adma\u00adsy\u00adny\u0148 bir b\u00f6\u00adle\u00adgi\u00addi\u00adgi nyg\u00adtal\u00addy.<br \/>\nM.B\u00e4\u00ad\u015fi\u00admo\u00adwa T\u00fcrk\u00adme\u00adnis\u00adta\u00adny\u0148 ila\u00adty bet\u00adbagt\u00ad\u00e7y\u00adlyk howp\u00adla\u00adryn\u00addan we ola\u00adry\u0148 ne\u00adti\u00adje\u00adle\u00adrin\u00adden go\u00adran\u00admak \u00fc\u00e7in t\u00e4\u00adsir\u00adli \u00e7\u00e4\u00adre\u00adle\u00adri g\u00f6r\u00ad\u00fd\u00e4n\u00addi\u00adgi\u00adni bel\u00adle\u00addi. Bu nuk\u00adda\u00fd\u00adna\u00adzar\u00addan, hal\u00adka\u00adra gu\u00adra\u00adma\u00adla\u00adry\u00adny\u0148 hem i\u015f\u00adje\u0148 gat\u00adna\u015f\u00ad\u00fdan, bet\u00adbagt\u00ad\u00e7y\u00adlyk\u00adla\u00adry\u0148 t\u00f6\u00adwek\u00adgel\u00ad\u00e7i\u00adli\u00adgi\u00adni azalt\u00admak bo\u00ad\u00fdun\u00ad\u00e7a pu\u00adda\u00adga\u00adra i\u015f to\u00adpa\u00adry\u00adny\u0148 alyp bar\u00ad\u00fdan i\u015f\u00adle\u00adri bel\u00adle\u00adnil\u00addi.<br \/>\nTa\u00adrap\u00adlar te\u00adbi\u00adgy bet\u00adbagt\u00ad\u00e7y\u00adlyk\u00adla\u00adra ta\u00fd\u00ad\u00fdar\u00adlyk we gar\u00ad\u015fy g\u00f6\u00adre\u015f\u00admek, \u015fe\u00fd\u00adle hem se\u00adbit we hal\u00adka\u00adra de\u00adre\u00adje\u00adsin\u00adde \u00e7\u00e4\u00adre\u00adle\u00adri ge\u00ad\u00e7ir\u00admek bo\u00ad\u00fdun\u00ad\u00e7a bi\u00adle\u00adlik\u00add\u00e4\u00adki i\u015f\u00adle\u00adri has-da g\u00fc\u00fd\u00e7\u00adlen\u00addir\u00adm\u00e4\u00adge gy\u00adzyk\u00adlan\u00adma bil\u00addir\u00ad\u00fd\u00e4n\u00addi\u00adgi\u00adni m\u00e4\u00adlim et\u00addi\u00adler.<\/p>\n","protected":false},"excerpt":{"rendered":"<p>17-nji okt\u00ad\u00fdabr\u00adda T\u00fcrk\u00adme\u00adnis\u00adta\u00adny\u0148 Da\u00ad\u015fa\u00adry i\u015f\u00adler mi\u00adnist\u00adri\u00adni\u0148 orun\u00adba\u00adsa\u00adry M.B\u00e4\u00ad\u015fi\u00admo\u00adwa\u00adny\u0148 BMG-ni\u0148 Bet\u00adbagt\u00ad\u00e7y\u00adlyk\u00adla\u00adry\u0148 t\u00f6\u00adwek\u00adgel\u00ad\u00e7i\u00adli\u00adgi\u00adni azalt\u00admak bo\u00ad\u00fdun\u00ad\u00e7a se\u00adbit\u00adle\u00ad\u00fdin m\u00fc\u00addi\u00adri\u00adni\u0148 orun\u00adba\u00adsa\u00adry Se\u00adbas\u00adti\u00adan Pen\u00adzi\u00adni bi\u00adlen du\u00ad\u015fu\u00ad\u015fy\u00adgy ge\u00ad\u00e7i\u00adril\u00addi. Du\u00ad\u015fu\u00ad\u015fyk\u00adda bet\u00adbagt\u00ad\u00e7y\u00adlyk\u00adla\u00adry\u0148 t\u00f6\u00adwek\u00adgel\u00ad\u00e7i\u00adli\u00adgi\u00adni azalt\u00admak\u00adda ta\u00adrap\u00adla\u00adry\u0148 ara\u00adsyn\u00adda\u00adky \u00f6za\u00adra gat\u00adna\u00ad\u015fyk\u00adla\u00adry\u0148 h\u00e4\u00adzir\u00adki me\u00adse\u00adle\u00adle\u00adri ara al\u00adnyp mas\u00adla\u00adhat\u00adla\u00ad\u015fyl\u00addy we bu ugur\u00adda kuw\u00adwa\u00adty art\u00addyr\u00admak \u00fc\u00e7in bi\u00adle\u00adlik\u00add\u00e4\u00adki \u00e7\u00e4\u00adre\u00adle\u00adri\u0148 dur\u00admu\u00ad\u015fa ge\u00ad\u00e7i\u00adril\u00adme\u00adgi T\u00fcrk\u00adme\u00adnis\u00adtan bi\u00adlen BMG-ni\u0148 ara\u00adsyn\u00adda dur\u00adnuk\u00adly \u00f6s\u00fc\u015f \u00e7yg\u00adryn\u00adda 2021-2025-nji \u00fdyl\u00adlar \u00fc\u00e7in hyz\u00admat\u00adda\u015f\u00adly\u00adgy\u0148 [&hellip;]<\/p>\n","protected":false},"author":2,"featured_media":89874,"comment_status":"open","ping_status":"closed","sticky":false,"template":"","format":"standard","meta":{"footnotes":""},"categories":[3],"tags":[],"acf":[],"_links":{"self":[{"href":"https:\/\/zamanturkmenistan.com.tm\/index.php?rest_route=\/wp\/v2\/posts\/89873"}],"collection":[{"href":"https:\/\/zamanturkmenistan.com.tm\/index.php?rest_route=\/wp\/v2\/posts"}],"about":[{"href":"https:\/\/zamanturkmenistan.com.tm\/index.php?rest_route=\/wp\/v2\/types\/post"}],"author":[{"embeddable":true,"href":"https:\/\/zamanturkmenistan.com.tm\/index.php?rest_route=\/wp\/v2\/users\/2"}],"replies":[{"embeddable":true,"href":"https:\/\/zamanturkmenistan.com.tm\/index.php?rest_route=%2Fwp%2Fv2%2Fcomments&post=89873"}],"version-history":[{"count":1,"href":"https:\/\/zamanturkmenistan.com.tm\/index.php?rest_route=\/wp\/v2\/posts\/89873\/revisions"}],"predecessor-version":[{"id":89875,"href":"https:\/\/zamanturkmenistan.com.tm\/index.php?rest_route=\/wp\/v2\/posts\/89873\/revisions\/89875"}],"wp:featuredmedia":[{"embeddable":true,"href":"https:\/\/zamanturkmenistan.com.tm\/index.php?rest_route=\/wp\/v2\/media\/89874"}],"wp:attachment":[{"href":"https:\/\/zamanturkmenistan.com.tm\/index.php?rest_route=%2Fwp%2Fv2%2Fmedia&parent=89873"}],"wp:term":[{"taxonomy":"category","embeddable":true,"href":"https:\/\/zamanturkmenistan.com.tm\/index.php?rest_route=%2Fwp%2Fv2%2Fcategories&post=89873"},{"taxonomy":"post_tag","embeddable":true,"href":"https:\/\/zamanturkmenistan.com.tm\/index.php?rest_route=%2Fwp%2Fv2%2Ftags&post=89873"}],"curies":[{"name":"wp","href":"https:\/\/api.w.org\/{rel}","templated":true}]}}