{"id":89882,"date":"2023-10-19T13:18:07","date_gmt":"2023-10-19T08:18:07","guid":{"rendered":"https:\/\/zamanturkmenistan.com.tm\/?p=89882"},"modified":"2023-10-19T13:18:07","modified_gmt":"2023-10-19T08:18:07","slug":"cagalaryn-doredijilik-baslesigine-gatnasyn-toyotanyn-bayraklaryny-almaga-howlugyn","status":"publish","type":"post","link":"https:\/\/zamanturkmenistan.com.tm\/?p=89882","title":{"rendered":"\u00c7agalary\u0148 d\u00f6redijilik b\u00e4sle\u015figine gatna\u015fy\u0148, \u00abToyotany\u0148\u00bb ba\u00fdraklaryny almaga howlugy\u0148!"},"content":{"rendered":"<p>\u00abGa\u00adra\u00adgum Ulag\u00bb ho\u00adja\u00adlyk jem\u00adgy\u00ad\u00fde\u00adti \u2013 \u00abToyo\u00adta\u00bb \u00fda\u00adpon kom\u00adpa\u00adni\u00ad\u00fda\u00adsy\u00adny\u0148 T\u00fcrk\u00adme\u00adnis\u00adtan\u00adda\u00adky res\u00admi di\u00adle\u00adri 15 \u00fda\u00ad\u015fa \u00e7en\u00adli \u00e7a\u00adga\u00adla\u00adry 2023-nji \u00fdy\u00adly\u0148 15-nji i\u00fdu\u00adnyn\u00adda ba\u00addal\u00adga alan \u00abAr\u00adzu\u00adwym\u00adda\u00adky aw\u00adtou\u00adlag\u00bb at\u00adly su\u00adrat \u00e7ek\u00admek b\u00e4s\u00adle\u00ad\u015fi\u00adgi\u00adne gat\u00adna\u015f\u00adma\u00adga \u00e7a\u00adgyr\u00ad\u00fdar.<br \/>\nB\u00e4s\u00adle\u00ad\u015fi\u00adgi\u0148 \u015fert\u00adle\u00adri\u00adne g\u00f6\u00adr\u00e4, gat\u00adna\u00ad\u015fy\u00adjy \u00e7a\u00adga ar\u00adzu\u00adwyn\u00adda g\u00f6z \u00f6\u0148\u00fc\u00adne ge\u00adtir\u00ad\u00fd\u00e4n ula\u00adgy\u00adny, \u00fdag\u00adny onu\u0148 adam \u00fc\u00e7in amat\u00adly funk\u00adsi\u00ad\u00fda\u00adsy bo\u00adlan gel\u00adje\u00adgi\u0148 ula\u00adgy\u00adny n\u00e4\u00adhi\u00adli g\u00f6r\u00ad\u00fd\u00e4n\u00addi\u00adgi\u00adni \u015fe\u00adkil\u00adlen\u00addir\u00adme\u00adli. Su\u00adrat do\u00adlu\u00adly\u00adgy\u00adna, hat\u00adda fo\u00adnu\u00adna \u00e7en\u00adli re\u0148k\u00adle\u00adnen bol\u00adma\u00adly\u00addyr. Ka\u00adgy\u00adzy\u0148 m\u00fcm\u00adkin bol\u00adsa A3 \u00fda-da A4 \u00f6l\u00ad\u00e7eg\u00adde bol\u00adma\u00adly. Su\u00adrat \u00e7ek\u00admek \u00fc\u00e7in ga\u00adlam, d\u00fcr\u00adli g\u00f6r\u00adn\u00fc\u015f\u00adli re\u0148k, mar\u00adker, flo\u00admas\u00adter hem-de mel\u00adja\u00adgaz\u00adlar ula\u00adny\u00adlyp bil\u00adner.<br \/>\nD\u00f6\u00adre\u00addi\u00adji\u00adlik g\u00f6z\u00adden ge\u00ad\u00e7i\u00adri\u00adli\u00ad\u015fi iki tap\u00adgyr\u00adda ge\u00ad\u00e7i\u00adril\u00ad\u00fd\u00e4r. I\u015f\u00adler 15-nji no\u00ad\u00fdab\u00adra \u00e7en\u00adli ka\u00adbul edil\u00ad\u00fd\u00e4r.<\/p>\n","protected":false},"excerpt":{"rendered":"<p>\u00abGa\u00adra\u00adgum Ulag\u00bb ho\u00adja\u00adlyk jem\u00adgy\u00ad\u00fde\u00adti \u2013 \u00abToyo\u00adta\u00bb \u00fda\u00adpon kom\u00adpa\u00adni\u00ad\u00fda\u00adsy\u00adny\u0148 T\u00fcrk\u00adme\u00adnis\u00adtan\u00adda\u00adky res\u00admi di\u00adle\u00adri 15 \u00fda\u00ad\u015fa \u00e7en\u00adli \u00e7a\u00adga\u00adla\u00adry 2023-nji \u00fdy\u00adly\u0148 15-nji i\u00fdu\u00adnyn\u00adda ba\u00addal\u00adga alan \u00abAr\u00adzu\u00adwym\u00adda\u00adky aw\u00adtou\u00adlag\u00bb at\u00adly su\u00adrat \u00e7ek\u00admek b\u00e4s\u00adle\u00ad\u015fi\u00adgi\u00adne gat\u00adna\u015f\u00adma\u00adga \u00e7a\u00adgyr\u00ad\u00fdar. B\u00e4s\u00adle\u00ad\u015fi\u00adgi\u0148 \u015fert\u00adle\u00adri\u00adne g\u00f6\u00adr\u00e4, gat\u00adna\u00ad\u015fy\u00adjy \u00e7a\u00adga ar\u00adzu\u00adwyn\u00adda g\u00f6z \u00f6\u0148\u00fc\u00adne ge\u00adtir\u00ad\u00fd\u00e4n ula\u00adgy\u00adny, \u00fdag\u00adny onu\u0148 adam \u00fc\u00e7in amat\u00adly funk\u00adsi\u00ad\u00fda\u00adsy bo\u00adlan gel\u00adje\u00adgi\u0148 ula\u00adgy\u00adny n\u00e4\u00adhi\u00adli g\u00f6r\u00ad\u00fd\u00e4n\u00addi\u00adgi\u00adni \u015fe\u00adkil\u00adlen\u00addir\u00adme\u00adli. Su\u00adrat do\u00adlu\u00adly\u00adgy\u00adna, hat\u00adda fo\u00adnu\u00adna [&hellip;]<\/p>\n","protected":false},"author":2,"featured_media":89885,"comment_status":"open","ping_status":"closed","sticky":false,"template":"","format":"standard","meta":{"footnotes":""},"categories":[8273],"tags":[],"acf":[],"_links":{"self":[{"href":"https:\/\/zamanturkmenistan.com.tm\/index.php?rest_route=\/wp\/v2\/posts\/89882"}],"collection":[{"href":"https:\/\/zamanturkmenistan.com.tm\/index.php?rest_route=\/wp\/v2\/posts"}],"about":[{"href":"https:\/\/zamanturkmenistan.com.tm\/index.php?rest_route=\/wp\/v2\/types\/post"}],"author":[{"embeddable":true,"href":"https:\/\/zamanturkmenistan.com.tm\/index.php?rest_route=\/wp\/v2\/users\/2"}],"replies":[{"embeddable":true,"href":"https:\/\/zamanturkmenistan.com.tm\/index.php?rest_route=%2Fwp%2Fv2%2Fcomments&post=89882"}],"version-history":[{"count":1,"href":"https:\/\/zamanturkmenistan.com.tm\/index.php?rest_route=\/wp\/v2\/posts\/89882\/revisions"}],"predecessor-version":[{"id":89886,"href":"https:\/\/zamanturkmenistan.com.tm\/index.php?rest_route=\/wp\/v2\/posts\/89882\/revisions\/89886"}],"wp:featuredmedia":[{"embeddable":true,"href":"https:\/\/zamanturkmenistan.com.tm\/index.php?rest_route=\/wp\/v2\/media\/89885"}],"wp:attachment":[{"href":"https:\/\/zamanturkmenistan.com.tm\/index.php?rest_route=%2Fwp%2Fv2%2Fmedia&parent=89882"}],"wp:term":[{"taxonomy":"category","embeddable":true,"href":"https:\/\/zamanturkmenistan.com.tm\/index.php?rest_route=%2Fwp%2Fv2%2Fcategories&post=89882"},{"taxonomy":"post_tag","embeddable":true,"href":"https:\/\/zamanturkmenistan.com.tm\/index.php?rest_route=%2Fwp%2Fv2%2Ftags&post=89882"}],"curies":[{"name":"wp","href":"https:\/\/api.w.org\/{rel}","templated":true}]}}