{"id":89979,"date":"2023-10-20T12:38:49","date_gmt":"2023-10-20T07:38:49","guid":{"rendered":"https:\/\/zamanturkmenistan.com.tm\/?p=89979"},"modified":"2023-10-20T16:57:16","modified_gmt":"2023-10-20T11:57:16","slug":"dunyanin-in-ajy-burcy-doredildi","status":"publish","type":"post","link":"https:\/\/zamanturkmenistan.com.tm\/?p=89979","title":{"rendered":"D\u00fcn\u00fd\u00e4ni\u0148 i\u0148 ajy bur\u00e7y d\u00f6redildi"},"content":{"rendered":"<p>AB\u015e-da \u00fder\u00adli se\u00adlek\u00adsi\u00ad\u00fda bo\u00ad\u00fdun\u00ad\u00e7a h\u00fc\u00adn\u00e4r\u00admen \u00e7i\u00adli bur\u00ad\u00e7u\u00adny\u0148 t\u00e4\u00adze g\u00f6r\u00adn\u00fc\u00ad\u015fi\u00adni \u00f6s\u00add\u00fc\u00adrip \u00fde\u00adti\u015f\u00addir\u00addi. \u201cPep\u00adper X\u201d di\u00fd\u00adlip at\u00adlan\u00addy\u00adry\u00adlan t\u00e4\u00adze \u00f6s\u00fcm\u00adlik d\u00fcn\u00ad\u00fd\u00e4\u00adni\u0148 i\u0148 ajy bur\u00ad\u00e7y h\u00f6k\u00adm\u00fcn\u00adde Gin\u00adne\u00adsi\u0148 re\u00adkord\u00adlar ki\u00adta\u00adby\u00adna gi\u00adri\u00adzil\u00addi.<br \/>\nBu bur\u00ad\u00e7y me\u015f\u00adhur\u00adla\u00adry\u0148 \u00fdi\u00adti na\u00adhar\u00adla\u00adry da\u00addyp g\u00f6r\u00ad\u00fd\u00e4n te\u00adle\u00ad\u015fo\u00adwun\u00adda h\u00f6\u00add\u00fcr\u00adle\u00addi\u00adler. To\u00adhum\u00ad\u00e7y Ed Kar\u00adri t\u00e4\u00adze bur\u00ad\u00e7y d\u00f6\u00adret\u00admek \u00fc\u00e7in k\u00f6p \u00fdyl\u00adla\u00adry\u0148 do\u00adwa\u00admyn\u00adda bir\u00adn\u00e4\u00ad\u00e7e bur\u00ad\u00e7y pe\u00fd\u00adwend eden\u00addi\u00adgi\u00adni a\u00fdt\u00addy.<br \/>\nGin\u00adne\u00adsi\u0148 re\u00adkord\u00adlar ki\u00adta\u00adby\u00adny\u0148 mag\u00adlu\u00admat\u00adla\u00adry\u00adna g\u00f6\u00adr\u00e4, \u201cPep\u00adper X\u201d sy\u00adnag\u00adlar\u00adda bal\u00adla\u00adry\u0148 k\u00f6\u00adp\u00fc\u00adsi\u00adni ga\u00adzan\u00addy. Kar\u00adri, di\u00ad\u0148e b\u00e4\u015f ada\u00admy\u0148 \u201cPep\u00adper X\u201d-i da\u00addyp g\u00f6r\u00adme\u00adgi\u0148 h\u00f6t\u00adde\u00adsin\u00adden ge\u00adlen\u00addi\u00adgin a\u00fdt\u00addy. Onu\u0148 s\u00f6z\u00adle\u00adri\u00adne g\u00f6\u00adr\u00e4, her kim da\u00addyp g\u00f6\u00adren\u00adden bir\u00adn\u00e4\u00ad\u00e7e sa\u00adgat ge\u00ad\u00e7en\u00adso\u0148, bur\u00e7\u00addan d\u00fc\u00ad\u015f\u00fcn\u00addi\u00adrip bol\u00adma\u00ad\u00fdan t\u00e4\u00adsi\u00adri du\u00ad\u00fdan\u00addyk\u00adla\u00adry\u00adny a\u00fdt\u00addy\u00adlar.<\/p>\n","protected":false},"excerpt":{"rendered":"<p>AB\u015e-da \u00fder\u00adli se\u00adlek\u00adsi\u00ad\u00fda bo\u00ad\u00fdun\u00ad\u00e7a h\u00fc\u00adn\u00e4r\u00admen \u00e7i\u00adli bur\u00ad\u00e7u\u00adny\u0148 t\u00e4\u00adze g\u00f6r\u00adn\u00fc\u00ad\u015fi\u00adni \u00f6s\u00add\u00fc\u00adrip \u00fde\u00adti\u015f\u00addir\u00addi. \u201cPep\u00adper X\u201d di\u00fd\u00adlip at\u00adlan\u00addy\u00adry\u00adlan t\u00e4\u00adze \u00f6s\u00fcm\u00adlik d\u00fcn\u00ad\u00fd\u00e4\u00adni\u0148 i\u0148 ajy bur\u00ad\u00e7y h\u00f6k\u00adm\u00fcn\u00adde Gin\u00adne\u00adsi\u0148 re\u00adkord\u00adlar ki\u00adta\u00adby\u00adna gi\u00adri\u00adzil\u00addi. Bu bur\u00ad\u00e7y me\u015f\u00adhur\u00adla\u00adry\u0148 \u00fdi\u00adti na\u00adhar\u00adla\u00adry da\u00addyp g\u00f6r\u00ad\u00fd\u00e4n te\u00adle\u00ad\u015fo\u00adwun\u00adda h\u00f6\u00add\u00fcr\u00adle\u00addi\u00adler. To\u00adhum\u00ad\u00e7y Ed Kar\u00adri t\u00e4\u00adze bur\u00ad\u00e7y d\u00f6\u00adret\u00admek \u00fc\u00e7in k\u00f6p \u00fdyl\u00adla\u00adry\u0148 do\u00adwa\u00admyn\u00adda bir\u00adn\u00e4\u00ad\u00e7e bur\u00ad\u00e7y pe\u00fd\u00adwend eden\u00addi\u00adgi\u00adni a\u00fdt\u00addy. Gin\u00adne\u00adsi\u0148 re\u00adkord\u00adlar ki\u00adta\u00adby\u00adny\u0148 mag\u00adlu\u00admat\u00adla\u00adry\u00adna g\u00f6\u00adr\u00e4, [&hellip;]<\/p>\n","protected":false},"author":2,"featured_media":89980,"comment_status":"open","ping_status":"closed","sticky":false,"template":"","format":"standard","meta":{"footnotes":""},"categories":[5],"tags":[],"acf":[],"_links":{"self":[{"href":"https:\/\/zamanturkmenistan.com.tm\/index.php?rest_route=\/wp\/v2\/posts\/89979"}],"collection":[{"href":"https:\/\/zamanturkmenistan.com.tm\/index.php?rest_route=\/wp\/v2\/posts"}],"about":[{"href":"https:\/\/zamanturkmenistan.com.tm\/index.php?rest_route=\/wp\/v2\/types\/post"}],"author":[{"embeddable":true,"href":"https:\/\/zamanturkmenistan.com.tm\/index.php?rest_route=\/wp\/v2\/users\/2"}],"replies":[{"embeddable":true,"href":"https:\/\/zamanturkmenistan.com.tm\/index.php?rest_route=%2Fwp%2Fv2%2Fcomments&post=89979"}],"version-history":[{"count":1,"href":"https:\/\/zamanturkmenistan.com.tm\/index.php?rest_route=\/wp\/v2\/posts\/89979\/revisions"}],"predecessor-version":[{"id":89981,"href":"https:\/\/zamanturkmenistan.com.tm\/index.php?rest_route=\/wp\/v2\/posts\/89979\/revisions\/89981"}],"wp:featuredmedia":[{"embeddable":true,"href":"https:\/\/zamanturkmenistan.com.tm\/index.php?rest_route=\/wp\/v2\/media\/89980"}],"wp:attachment":[{"href":"https:\/\/zamanturkmenistan.com.tm\/index.php?rest_route=%2Fwp%2Fv2%2Fmedia&parent=89979"}],"wp:term":[{"taxonomy":"category","embeddable":true,"href":"https:\/\/zamanturkmenistan.com.tm\/index.php?rest_route=%2Fwp%2Fv2%2Fcategories&post=89979"},{"taxonomy":"post_tag","embeddable":true,"href":"https:\/\/zamanturkmenistan.com.tm\/index.php?rest_route=%2Fwp%2Fv2%2Ftags&post=89979"}],"curies":[{"name":"wp","href":"https:\/\/api.w.org\/{rel}","templated":true}]}}