{"id":90074,"date":"2023-10-21T10:39:09","date_gmt":"2023-10-21T05:39:09","guid":{"rendered":"https:\/\/zamanturkmenistan.com.tm\/?p=90074"},"modified":"2023-10-21T10:39:09","modified_gmt":"2023-10-21T05:39:09","slug":"turkmenistanda-ondurilen-milli-haryt-nysany-dorediler","status":"publish","type":"post","link":"https:\/\/zamanturkmenistan.com.tm\/?p=90074","title":{"rendered":"\u201cT\u00fcrkmenistanda \u00f6nd\u00fcrilen\u201d milli haryt ny\u015fany d\u00f6rediler"},"content":{"rendered":"<p>20-nji okt\u00ad\u00fdabr\u00adda san\u00adly ul\u00adgam ar\u00adka\u00adly ge\u00ad\u00e7i\u00adri\u00adlen Mi\u00adnistr\u00adler Ka\u00adbi\u00adne\u00adti\u00adni\u0148 mej\u00adli\u00adsin\u00adde Mi\u00adnistr\u00adler Ka\u00adbi\u00adne\u00adti\u00adni\u0148 Ba\u015f\u00adly\u00adgy\u00adny\u0148 orun\u00adba\u00adsa\u00adry B.At\u00adda\u00ad\u00fdew \u201cT\u00fcrk\u00adme\u00adnis\u00adtan\u00adda \u00f6n\u00add\u00fc\u00adri\u00adlen\u201d mil\u00adli ha\u00adryt ny\u00ad\u015fa\u00adny\u00adny d\u00f6\u00adret\u00admek bo\u00ad\u00fdun\u00ad\u00e7a g\u00f6\u00adr\u00fcl\u00ad\u00fd\u00e4n \u00e7\u00e4\u00adre\u00adler ba\u00adra\u00adda ha\u00adsa\u00adbat ber\u00addi.<br \/>\nBer\u00adka\u00adrar d\u00f6w\u00adle\u00adti\u0148 t\u00e4\u00adze e\u00fd\u00ad\u00fda\u00admy\u00adny\u0148 Gal\u00adky\u00adny\u00ad\u015fy d\u00f6w\u00adr\u00fcn\u00adde \u00fdur\u00addu\u00admy\u00adzy\u0148 yk\u00addy\u00adsa\u00addy kuw\u00adwa\u00adty\u00adny pug\u00adta\u00adlan\u00addyr\u00admak, eks\u00adport m\u00fcm\u00adkin\u00ad\u00e7i\u00adlik\u00adle\u00adri\u00adni \u00fdo\u00adkar\u00adlan\u00addyr\u00admak bo\u00ad\u00fdun\u00ad\u00e7a gi\u0148 m\u00f6\u00e7\u00adber\u00adli i\u015f\u00adler ama\u00adla a\u015fy\u00adryl\u00ad\u00fdar. Bu i\u015f\u00adle\u00adri\u0148 ne\u00adti\u00adje\u00adsin\u00adde \u00f6n\u00add\u00fc\u00adril\u00ad\u00fd\u00e4n \u00fdo\u00adka\u00adry hil\u00adli, b\u00e4s\u00adde\u015f\u00adli\u00adge ukyp\u00adly \u00f6n\u00fcm\u00adler i\u00e7er\u00adki ba\u00adza\u00adry\u0148 \u00fcp\u00adj\u00fcn\u00ad\u00e7i\u00adli\u00adgi\u00adni art\u00addyr\u00admak bi\u00adlen bir\u00adlik\u00adde, da\u00ad\u015fa\u00adry \u00fdurt ba\u00adzar\u00adla\u00adryn\u00adda-da bar\u00adha uly orun al\u00ad\u00fdar. \u201cT\u00fcrk\u00adme\u00adnis\u00adta\u00adny\u0148 2021\u20142030-njy \u00fdyl\u00adlar \u00fc\u00e7in da\u00ad\u015fa\u00adry s\u00f6w\u00adda Stra\u00adte\u00adgi\u00ad\u00fda\u00adsy\u00adna\u201d la\u00ad\u00fdyk\u00adlyk\u00adda, mil\u00adli s\u00f6w\u00adda ny\u00ad\u015fan\u00adly t\u00e4\u00adze ha\u00adryt\u00adla\u00adry \u00f6n\u00add\u00fcr\u00admek hem-de ola\u00adry d\u00fcn\u00ad\u00fd\u00e4 ba\u00adzar\u00adla\u00adryn\u00adda gi\u0148\u00adden ta\u00adnat\u00admak bo\u00ad\u00fdun\u00ad\u00e7a we\u00adzi\u00adpe\u00adler g\u00f6z \u00f6\u0148\u00fcn\u00adde tu\u00adtul\u00addy.<br \/>\nWi\u00adse-prem\u00ad\u00fder \u201cT\u00fcrk\u00adme\u00adnis\u00adta\u00adny\u0148 ser\u00adgi\u00adle\u00adri, \u00fdar\u00admar\u00adka\u00adla\u00adry we mas\u00adla\u00adhat\u00adla\u00adry gu\u00adra\u00admak i\u015fi\u00adni 2020\u20142025-nji \u00fdyl\u00adlar\u00adda \u00f6s\u00add\u00fcr\u00adme\u00adgi\u0148 Stra\u00adte\u00adgi\u00ad\u00fda\u00adsy\u00adna\u201d la\u00ad\u00fdyk\u00adlyk\u00adda, \u201cT\u00fcrk\u00adme\u00adnis\u00adtan\u00adda \u00f6n\u00add\u00fc\u00adri\u00adlen\u201d mil\u00adli ha\u00adryt ny\u00ad\u015fa\u00adny\u00adny d\u00f6\u00adret\u00admek bo\u00ad\u00fdun\u00ad\u00e7a \u00e7\u00e4\u00adre\u00adle\u00adri dur\u00admu\u00ad\u015fa ge\u00ad\u00e7ir\u00adme\u00adgi\u0148 me\u00ad\u00fdil\u00adle\u015f\u00addi\u00adri\u00adlen\u00addi\u00adgi\u00adni ha\u00adbar ber\u00addi. T\u00fcrk\u00adme\u00adnis\u00adtan hal\u00adka\u00adra jem\u00adgy\u00ad\u00fdet\u00ad\u00e7i\u00adlik\u00adde \u201cT\u00fcrk\u00adme\u00adnis\u00adtan\u00adda \u00f6n\u00add\u00fc\u00adri\u00adlen\u201d mil\u00adli ha\u00adryt ny\u00ad\u015fa\u00adny bi\u00adlen \u00fdo\u00adka\u00adry hil\u00adli ha\u00adryt\u00adla\u00adry \u00f6n\u00add\u00fcr\u00admek we hyz\u00admat\u00adla\u00adry ama\u00adla a\u015fyr\u00admak ul\u00adga\u00admyn\u00adda uly m\u00fcm\u00adkin\u00ad\u00e7i\u00adlik\u00adle\u00adre e\u00fde bo\u00adlan d\u00f6w\u00adlet h\u00f6k\u00adm\u00fcn\u00adde ta\u00adnal\u00ad\u00fdar. Bu bol\u00adsa \u00fdur\u00addu\u00admy\u00adzy\u0148 d\u00fcn\u00ad\u00fd\u00e4 ba\u00adza\u00adryn\u00adda ab\u00adra\u00ad\u00fdy\u00adny art\u00addyr\u00adma\u00adga, eks\u00adport m\u00fcm\u00adkin\u00ad\u00e7i\u00adlik\u00adle\u00adri\u00adni gi\u00ad\u0148elt\u00adm\u00e4\u00adge we ma\u00ad\u00fda go\u00ad\u00fdum\u00adla\u00adry \u00e7ek\u00adm\u00e4\u00adge o\u0148yn t\u00e4\u00adsir ed\u00ad\u00fd\u00e4r. \u015eu\u00adnu\u0148 bi\u00adlen bag\u00adly\u00adlyk\u00adda, wi\u00adse-prem\u00ad\u00fder d\u00f6w\u00adlet Ba\u015f\u00adtu\u00adta\u00adny\u00admy\u00adzy\u0148 ga\u00adra\u00adma\u00adgy\u00adna ze\u00adrur ta\u00fd\u00ad\u00fdar\u00adlyk i\u015f\u00adle\u00adri\u00adni gu\u00adra\u00admak bo\u00ad\u00fdun\u00ad\u00e7a de\u00adgi\u015f\u00adli tek\u00adli\u00adbi h\u00f6\u00add\u00fcr\u00adle\u00addi.<br \/>\nHor\u00admat\u00adly Pre\u00adzi\u00adden\u00adti\u00admiz ha\u00adsa\u00adba\u00adty di\u0148\u00adl\u00e4p, \u00abT\u00fcrk\u00adme\u00adnis\u00adtan\u00adda \u00f6n\u00add\u00fc\u00adri\u00adlen\u00bb mil\u00adli ha\u00adryt ny\u00ad\u015fa\u00adny\u00adny\u0148 \u015fe\u00adki\u00adli ba\u00adbat\u00adda tek\u00adlip\u00adle\u00adri jem\u00adle\u00admek we sa\u00fd\u00adlap al\u00admak bo\u00ad\u00fdun\u00ad\u00e7a pu\u00adda\u00adga\u00adra i\u015f to\u00adpa\u00adry\u00adny d\u00f6\u00adret\u00admek ba\u00adra\u00adda\u00adky tek\u00adli\u00adbi ma\u00adkul\u00adla\u00addy hem-de ol i\u015f\u00adle\u00adnip ta\u00fd\u00ad\u00fdar\u00adla\u00adny\u00adlan\u00adda, hal\u00adky\u00admy\u00adzy\u0148 mil\u00adli a\u00fd\u00adra\u00adtyn\u00adlyk\u00adla\u00adry\u00adny\u0148, h\u00e4\u00adzir\u00adki za\u00adman mar\u00adke\u00adting usul\u00adla\u00adry\u00adny\u0148 g\u00f6z \u00f6\u0148\u00fcn\u00adde tu\u00adtul\u00adma\u00adly\u00addy\u00adgy\u00adny a\u00fd\u00addyp, wi\u00adse-prem\u00ad\u00fde\u00adre bir\u00adn\u00e4\u00ad\u00e7e tab\u00ad\u015fy\u00adryk\u00adla\u00adry ber\u00addi.<\/p>\n","protected":false},"excerpt":{"rendered":"<p>20-nji okt\u00ad\u00fdabr\u00adda san\u00adly ul\u00adgam ar\u00adka\u00adly ge\u00ad\u00e7i\u00adri\u00adlen Mi\u00adnistr\u00adler Ka\u00adbi\u00adne\u00adti\u00adni\u0148 mej\u00adli\u00adsin\u00adde Mi\u00adnistr\u00adler Ka\u00adbi\u00adne\u00adti\u00adni\u0148 Ba\u015f\u00adly\u00adgy\u00adny\u0148 orun\u00adba\u00adsa\u00adry B.At\u00adda\u00ad\u00fdew \u201cT\u00fcrk\u00adme\u00adnis\u00adtan\u00adda \u00f6n\u00add\u00fc\u00adri\u00adlen\u201d mil\u00adli ha\u00adryt ny\u00ad\u015fa\u00adny\u00adny d\u00f6\u00adret\u00admek bo\u00ad\u00fdun\u00ad\u00e7a g\u00f6\u00adr\u00fcl\u00ad\u00fd\u00e4n \u00e7\u00e4\u00adre\u00adler ba\u00adra\u00adda ha\u00adsa\u00adbat ber\u00addi. Ber\u00adka\u00adrar d\u00f6w\u00adle\u00adti\u0148 t\u00e4\u00adze e\u00fd\u00ad\u00fda\u00admy\u00adny\u0148 Gal\u00adky\u00adny\u00ad\u015fy d\u00f6w\u00adr\u00fcn\u00adde \u00fdur\u00addu\u00admy\u00adzy\u0148 yk\u00addy\u00adsa\u00addy kuw\u00adwa\u00adty\u00adny pug\u00adta\u00adlan\u00addyr\u00admak, eks\u00adport m\u00fcm\u00adkin\u00ad\u00e7i\u00adlik\u00adle\u00adri\u00adni \u00fdo\u00adkar\u00adlan\u00addyr\u00admak bo\u00ad\u00fdun\u00ad\u00e7a gi\u0148 m\u00f6\u00e7\u00adber\u00adli i\u015f\u00adler ama\u00adla a\u015fy\u00adryl\u00ad\u00fdar. Bu i\u015f\u00adle\u00adri\u0148 ne\u00adti\u00adje\u00adsin\u00adde \u00f6n\u00add\u00fc\u00adril\u00ad\u00fd\u00e4n \u00fdo\u00adka\u00adry hil\u00adli, b\u00e4s\u00adde\u015f\u00adli\u00adge ukyp\u00adly \u00f6n\u00fcm\u00adler i\u00e7er\u00adki [&hellip;]<\/p>\n","protected":false},"author":2,"featured_media":90075,"comment_status":"open","ping_status":"closed","sticky":false,"template":"","format":"standard","meta":{"footnotes":""},"categories":[3],"tags":[],"acf":[],"_links":{"self":[{"href":"https:\/\/zamanturkmenistan.com.tm\/index.php?rest_route=\/wp\/v2\/posts\/90074"}],"collection":[{"href":"https:\/\/zamanturkmenistan.com.tm\/index.php?rest_route=\/wp\/v2\/posts"}],"about":[{"href":"https:\/\/zamanturkmenistan.com.tm\/index.php?rest_route=\/wp\/v2\/types\/post"}],"author":[{"embeddable":true,"href":"https:\/\/zamanturkmenistan.com.tm\/index.php?rest_route=\/wp\/v2\/users\/2"}],"replies":[{"embeddable":true,"href":"https:\/\/zamanturkmenistan.com.tm\/index.php?rest_route=%2Fwp%2Fv2%2Fcomments&post=90074"}],"version-history":[{"count":1,"href":"https:\/\/zamanturkmenistan.com.tm\/index.php?rest_route=\/wp\/v2\/posts\/90074\/revisions"}],"predecessor-version":[{"id":90076,"href":"https:\/\/zamanturkmenistan.com.tm\/index.php?rest_route=\/wp\/v2\/posts\/90074\/revisions\/90076"}],"wp:featuredmedia":[{"embeddable":true,"href":"https:\/\/zamanturkmenistan.com.tm\/index.php?rest_route=\/wp\/v2\/media\/90075"}],"wp:attachment":[{"href":"https:\/\/zamanturkmenistan.com.tm\/index.php?rest_route=%2Fwp%2Fv2%2Fmedia&parent=90074"}],"wp:term":[{"taxonomy":"category","embeddable":true,"href":"https:\/\/zamanturkmenistan.com.tm\/index.php?rest_route=%2Fwp%2Fv2%2Fcategories&post=90074"},{"taxonomy":"post_tag","embeddable":true,"href":"https:\/\/zamanturkmenistan.com.tm\/index.php?rest_route=%2Fwp%2Fv2%2Ftags&post=90074"}],"curies":[{"name":"wp","href":"https:\/\/api.w.org\/{rel}","templated":true}]}}