{"id":90096,"date":"2023-10-21T11:07:24","date_gmt":"2023-10-21T06:07:24","guid":{"rendered":"https:\/\/zamanturkmenistan.com.tm\/?p=90096"},"modified":"2023-10-21T11:07:24","modified_gmt":"2023-10-21T06:07:24","slug":"turkmen-alabay-itleri-assosiasiyasynyn-iii-mejlisi-geciriler","status":"publish","type":"post","link":"https:\/\/zamanturkmenistan.com.tm\/?p=90096","title":{"rendered":"\u201cT\u00fcrkmen alaba\u00fd itleri\u201d assosiasi\u00fdasyny\u0148 III mejlisi ge\u00e7iriler"},"content":{"rendered":"<p>20-nji okt\u00ad\u00fdabr\u00adda san\u00adly ul\u00adgam ar\u00adka\u00adly ge\u00ad\u00e7i\u00adri\u00adlen Mi\u00adnistr\u00adler Ka\u00adbi\u00adne\u00adti\u00adni\u0148 mej\u00adli\u00adsin\u00adde Mi\u00adnistr\u00adler Ka\u00adbi\u00adne\u00adti\u00adni\u0148 Ba\u015f\u00adly\u00adgy\u00adny\u0148 orun\u00adba\u00adsa\u00adry T.Ata\u00adhal\u00adly\u00ad\u00fdew \u015fu a\u00fdy\u0148 so\u0148\u00adky \u00fdek\u00ad\u015fen\u00adbe\u00adsi\u00adne me\u00ad\u00fdil\u00adle\u015f\u00addi\u00adri\u00adlen T\u00fcrk\u00admen ala\u00adba\u00ad\u00fdy\u00adny\u0148 ba\u00fd\u00adra\u00admy my\u00adna\u00adsy\u00adbet\u00adli gu\u00adral\u00adjak \u00e7\u00e4\u00adre\u00adle\u00adre g\u00f6\u00adr\u00fcl\u00ad\u00fd\u00e4n ta\u00fd\u00ad\u00fdar\u00adlyk ba\u00adra\u00adda ha\u00adsa\u00adbat ber\u00addi. Da\u00adba\u00adra\u00adla\u00adry\u0148 \u00e7\u00e4k\u00adle\u00adrin\u00adde \u201c\u00ddy\u00adly\u0148 t\u00fcrk\u00admen eder\u00admen ala\u00adba\u00ad\u00fdy\u201d at\u00adly hal\u00adka\u00adra b\u00e4s\u00adle\u00ad\u015fi\u00adgi\u0148 jem\u00adle\u00fd\u00adji tap\u00adgy\u00adry\u00adny, ser\u00adgi\u00addir hal\u00adka\u00adra yl\u00admy mas\u00adla\u00adha\u00adty ge\u00ad\u00e7ir\u00adme\u00adgi\u0148 g\u00f6z \u00f6\u0148\u00fcn\u00adde tu\u00adtul\u00ad\u00fdan\u00addy\u00adgy ba\u00adra\u00adda ha\u00adbar be\u00adril\u00addi. Mun\u00addan ba\u015f\u00adga-da, \u201cT\u00fcrk\u00admen ala\u00adba\u00fd it\u00adle\u00adri\u201d as\u00adso\u00adsia\u00adsi\u00ad\u00fda\u00adsy\u00adny\u0148 III mej\u00adli\u00adsi ge\u00ad\u00e7i\u00adri\u00adler.<br \/>\nHor\u00admat\u00adly Pre\u00adzi\u00adden\u00adti\u00admiz ha\u00adsa\u00adba\u00adty di\u0148\u00adl\u00e4p, \u00fdur\u00addu\u00admyz\u00adda t\u00fcrk\u00admen ala\u00adba\u00fd\u00adla\u00adry\u00adny\u0148 to\u00adhum aras\u00adsa\u00adly\u00adgy\u00adny go\u00adrap sak\u00adla\u00admak, ba\u015f sa\u00adny\u00adny art\u00addyr\u00admak we \u015fan-\u015f\u00f6h\u00adra\u00adty\u00adny d\u00fcn\u00ad\u00fd\u00e4 \u00fda\u00fd\u00admak bo\u00ad\u00fdun\u00ad\u00e7a ne\u00adti\u00adje\u00adli i\u015f\u00adle\u00adri\u0148 al\u00adnyp ba\u00adryl\u00ad\u00fdan\u00addy\u00adgy\u00adny nyg\u00adta\u00addy.<br \/>\n\u015eu \u00fdy\u00adly\u0148 okt\u00ad\u00fdabr a\u00fdy\u00adny\u0148 so\u0148\u00adky \u00fdek\u00ad\u015fen\u00adbe\u00adsin\u00adde \u00fdur\u00addu\u00admyz\u00adda T\u00fcrk\u00admen ala\u00adba\u00ad\u00fdy\u00adny\u0148 ba\u00fd\u00adra\u00admy\u00adny bel\u00adl\u00e4p ge\u00ad\u00e7e\u00adris. \u015eu my\u00adna\u00adsy\u00adbet\u00adli bir\u00adn\u00e4\u00ad\u00e7e \u00e7\u00e4\u00adre\u00adle\u00adri ge\u00ad\u00e7i\u00adre\u00adris di\u00ad\u00fdip, d\u00f6w\u00adlet Ba\u015f\u00adtu\u00adta\u00adny\u00admyz bu ba\u00fd\u00adra\u00admy \u00fdo\u00adka\u00adry de\u00adre\u00adje\u00adde gu\u00adra\u00admak \u00fc\u00e7in go\u00adwy ta\u00fd\u00ad\u00fdar\u00adlyk g\u00f6r\u00adme\u00adgi\u0148 m\u00f6\u00adh\u00fcm\u00addi\u00adgi\u00adni nyg\u00adtap, wi\u00adse-prem\u00ad\u00fde\u00adre de\u00adgi\u015f\u00adli tab\u00ad\u015fy\u00adryk\u00adla\u00adry ber\u00addi.<\/p>\n","protected":false},"excerpt":{"rendered":"<p>20-nji okt\u00ad\u00fdabr\u00adda san\u00adly ul\u00adgam ar\u00adka\u00adly ge\u00ad\u00e7i\u00adri\u00adlen Mi\u00adnistr\u00adler Ka\u00adbi\u00adne\u00adti\u00adni\u0148 mej\u00adli\u00adsin\u00adde Mi\u00adnistr\u00adler Ka\u00adbi\u00adne\u00adti\u00adni\u0148 Ba\u015f\u00adly\u00adgy\u00adny\u0148 orun\u00adba\u00adsa\u00adry T.Ata\u00adhal\u00adly\u00ad\u00fdew \u015fu a\u00fdy\u0148 so\u0148\u00adky \u00fdek\u00ad\u015fen\u00adbe\u00adsi\u00adne me\u00ad\u00fdil\u00adle\u015f\u00addi\u00adri\u00adlen T\u00fcrk\u00admen ala\u00adba\u00ad\u00fdy\u00adny\u0148 ba\u00fd\u00adra\u00admy my\u00adna\u00adsy\u00adbet\u00adli gu\u00adral\u00adjak \u00e7\u00e4\u00adre\u00adle\u00adre g\u00f6\u00adr\u00fcl\u00ad\u00fd\u00e4n ta\u00fd\u00ad\u00fdar\u00adlyk ba\u00adra\u00adda ha\u00adsa\u00adbat ber\u00addi. Da\u00adba\u00adra\u00adla\u00adry\u0148 \u00e7\u00e4k\u00adle\u00adrin\u00adde \u201c\u00ddy\u00adly\u0148 t\u00fcrk\u00admen eder\u00admen ala\u00adba\u00ad\u00fdy\u201d at\u00adly hal\u00adka\u00adra b\u00e4s\u00adle\u00ad\u015fi\u00adgi\u0148 jem\u00adle\u00fd\u00adji tap\u00adgy\u00adry\u00adny, ser\u00adgi\u00addir hal\u00adka\u00adra yl\u00admy mas\u00adla\u00adha\u00adty ge\u00ad\u00e7ir\u00adme\u00adgi\u0148 g\u00f6z \u00f6\u0148\u00fcn\u00adde tu\u00adtul\u00ad\u00fdan\u00addy\u00adgy ba\u00adra\u00adda ha\u00adbar be\u00adril\u00addi. Mun\u00addan ba\u015f\u00adga-da, \u201cT\u00fcrk\u00admen [&hellip;]<\/p>\n","protected":false},"author":2,"featured_media":90097,"comment_status":"open","ping_status":"closed","sticky":false,"template":"","format":"standard","meta":{"footnotes":""},"categories":[3],"tags":[],"acf":[],"_links":{"self":[{"href":"https:\/\/zamanturkmenistan.com.tm\/index.php?rest_route=\/wp\/v2\/posts\/90096"}],"collection":[{"href":"https:\/\/zamanturkmenistan.com.tm\/index.php?rest_route=\/wp\/v2\/posts"}],"about":[{"href":"https:\/\/zamanturkmenistan.com.tm\/index.php?rest_route=\/wp\/v2\/types\/post"}],"author":[{"embeddable":true,"href":"https:\/\/zamanturkmenistan.com.tm\/index.php?rest_route=\/wp\/v2\/users\/2"}],"replies":[{"embeddable":true,"href":"https:\/\/zamanturkmenistan.com.tm\/index.php?rest_route=%2Fwp%2Fv2%2Fcomments&post=90096"}],"version-history":[{"count":1,"href":"https:\/\/zamanturkmenistan.com.tm\/index.php?rest_route=\/wp\/v2\/posts\/90096\/revisions"}],"predecessor-version":[{"id":90098,"href":"https:\/\/zamanturkmenistan.com.tm\/index.php?rest_route=\/wp\/v2\/posts\/90096\/revisions\/90098"}],"wp:featuredmedia":[{"embeddable":true,"href":"https:\/\/zamanturkmenistan.com.tm\/index.php?rest_route=\/wp\/v2\/media\/90097"}],"wp:attachment":[{"href":"https:\/\/zamanturkmenistan.com.tm\/index.php?rest_route=%2Fwp%2Fv2%2Fmedia&parent=90096"}],"wp:term":[{"taxonomy":"category","embeddable":true,"href":"https:\/\/zamanturkmenistan.com.tm\/index.php?rest_route=%2Fwp%2Fv2%2Fcategories&post=90096"},{"taxonomy":"post_tag","embeddable":true,"href":"https:\/\/zamanturkmenistan.com.tm\/index.php?rest_route=%2Fwp%2Fv2%2Ftags&post=90096"}],"curies":[{"name":"wp","href":"https:\/\/api.w.org\/{rel}","templated":true}]}}