{"id":90099,"date":"2023-10-21T11:10:50","date_gmt":"2023-10-21T06:10:50","guid":{"rendered":"https:\/\/zamanturkmenistan.com.tm\/?p=90099"},"modified":"2023-10-21T11:10:50","modified_gmt":"2023-10-21T06:10:50","slug":"ahalteke-atcylyk-toplumynda-gosmaca-binalar-we-desgalar-gurlar","status":"publish","type":"post","link":"https:\/\/zamanturkmenistan.com.tm\/?p=90099","title":{"rendered":"Ahalteke at\u00e7ylyk toplumynda go\u015fma\u00e7a binalar we desgalar gurlar"},"content":{"rendered":"<p>A\u015f\u00adga\u00adbat \u015f\u00e4\u00adhe\u00adri\u00adni\u0148 bi\u00adna\u00adg\u00e4r\u00adlik-\u015f\u00e4\u00adher\u00adgur\u00adlu\u00ad\u015fyk ke\u015f\u00adbi\u00adni has-da g\u00f6\u00adzel\u00adle\u015f\u00addir\u00admek we \u00fdur\u00addu\u00admyz\u00adda d\u00f6w\u00adlet \u00e7\u00e4\u00adre\u00adle\u00adri\u00adni \u00fdo\u00adka\u00adry de\u00adre\u00adje\u00adde ge\u00ad\u00e7ir\u00admek mak\u00adsa\u00addy bi\u00adlen, T\u00fcrk\u00adme\u00adnis\u00adta\u00adny\u0148 Pre\u00adzi\u00adden\u00adti Ka\u00adra\u00adra gol \u00e7ek\u00addi. Res\u00admi\u00adna\u00adma la\u00ad\u00fdyk\u00adlyk\u00adda, T\u00fcrk\u00adme\u00adnis\u00adta\u00adny\u0148 Pre\u00adzi\u00adden\u00adti\u00adni\u0148 Di\u00adwa\u00adny\u00adny\u0148 I\u015f do\u00adlan\u00addy\u00adry\u015f m\u00fc\u00addir\u00adli\u00adgi\u00adne T\u00fcrk\u00adme\u00adnis\u00adta\u00adny\u0148 Pre\u00adzi\u00adden\u00adti\u00adni\u0148 Ahal\u00adte\u00adke at\u00ad\u00e7y\u00adlyk top\u00adlu\u00admy\u00adny\u0148 dur\u00adku\u00adny t\u00e4\u00adze\u00adle\u00admek, go\u015f\u00adma\u00ad\u00e7a bi\u00adna\u00adla\u00adry we des\u00adga\u00adla\u00adry gur\u00admak ba\u00adra\u00adda \u201cGap In\u00ad\u015fa\u00adat \u00dda\u00adty\u00adrym we Dy\u015f Ti\u00adja\u00adret A.\u015e.\u201d t\u00fcrk kom\u00adpa\u00adni\u00ad\u00fda\u00adsy bi\u00adlen \u015fert\u00adna\u00adma bag\u00adla\u015f\u00adma\u00adga yg\u00adty\u00ad\u00fdar be\u00adril\u00addi.<br \/>\nGur\u00adlu\u00ad\u015fyk i\u015f\u00adle\u00adri\u00adne 2023-nji \u00fdy\u00adly\u0148 okt\u00ad\u00fdabr a\u00fdyn\u00adda ba\u015f\u00adla\u00admak hem-de bi\u00adna\u00adla\u00adry we des\u00adga\u00adla\u00adry 2026-njy \u00fdy\u00adly\u0148 ap\u00adrel a\u00fdyn\u00adda ulan\u00adma\u00adga do\u00adly ta\u00fd\u00ad\u00fdar et\u00admek tab\u00ad\u015fy\u00adryl\u00addy.<\/p>\n","protected":false},"excerpt":{"rendered":"<p>A\u015f\u00adga\u00adbat \u015f\u00e4\u00adhe\u00adri\u00adni\u0148 bi\u00adna\u00adg\u00e4r\u00adlik-\u015f\u00e4\u00adher\u00adgur\u00adlu\u00ad\u015fyk ke\u015f\u00adbi\u00adni has-da g\u00f6\u00adzel\u00adle\u015f\u00addir\u00admek we \u00fdur\u00addu\u00admyz\u00adda d\u00f6w\u00adlet \u00e7\u00e4\u00adre\u00adle\u00adri\u00adni \u00fdo\u00adka\u00adry de\u00adre\u00adje\u00adde ge\u00ad\u00e7ir\u00admek mak\u00adsa\u00addy bi\u00adlen, T\u00fcrk\u00adme\u00adnis\u00adta\u00adny\u0148 Pre\u00adzi\u00adden\u00adti Ka\u00adra\u00adra gol \u00e7ek\u00addi. Res\u00admi\u00adna\u00adma la\u00ad\u00fdyk\u00adlyk\u00adda, T\u00fcrk\u00adme\u00adnis\u00adta\u00adny\u0148 Pre\u00adzi\u00adden\u00adti\u00adni\u0148 Di\u00adwa\u00adny\u00adny\u0148 I\u015f do\u00adlan\u00addy\u00adry\u015f m\u00fc\u00addir\u00adli\u00adgi\u00adne T\u00fcrk\u00adme\u00adnis\u00adta\u00adny\u0148 Pre\u00adzi\u00adden\u00adti\u00adni\u0148 Ahal\u00adte\u00adke at\u00ad\u00e7y\u00adlyk top\u00adlu\u00admy\u00adny\u0148 dur\u00adku\u00adny t\u00e4\u00adze\u00adle\u00admek, go\u015f\u00adma\u00ad\u00e7a bi\u00adna\u00adla\u00adry we des\u00adga\u00adla\u00adry gur\u00admak ba\u00adra\u00adda \u201cGap In\u00ad\u015fa\u00adat \u00dda\u00adty\u00adrym we Dy\u015f Ti\u00adja\u00adret A.\u015e.\u201d t\u00fcrk kom\u00adpa\u00adni\u00ad\u00fda\u00adsy bi\u00adlen \u015fert\u00adna\u00adma bag\u00adla\u015f\u00adma\u00adga yg\u00adty\u00ad\u00fdar be\u00adril\u00addi. [&hellip;]<\/p>\n","protected":false},"author":2,"featured_media":90100,"comment_status":"open","ping_status":"closed","sticky":false,"template":"","format":"standard","meta":{"footnotes":""},"categories":[3],"tags":[],"acf":[],"_links":{"self":[{"href":"https:\/\/zamanturkmenistan.com.tm\/index.php?rest_route=\/wp\/v2\/posts\/90099"}],"collection":[{"href":"https:\/\/zamanturkmenistan.com.tm\/index.php?rest_route=\/wp\/v2\/posts"}],"about":[{"href":"https:\/\/zamanturkmenistan.com.tm\/index.php?rest_route=\/wp\/v2\/types\/post"}],"author":[{"embeddable":true,"href":"https:\/\/zamanturkmenistan.com.tm\/index.php?rest_route=\/wp\/v2\/users\/2"}],"replies":[{"embeddable":true,"href":"https:\/\/zamanturkmenistan.com.tm\/index.php?rest_route=%2Fwp%2Fv2%2Fcomments&post=90099"}],"version-history":[{"count":1,"href":"https:\/\/zamanturkmenistan.com.tm\/index.php?rest_route=\/wp\/v2\/posts\/90099\/revisions"}],"predecessor-version":[{"id":90101,"href":"https:\/\/zamanturkmenistan.com.tm\/index.php?rest_route=\/wp\/v2\/posts\/90099\/revisions\/90101"}],"wp:featuredmedia":[{"embeddable":true,"href":"https:\/\/zamanturkmenistan.com.tm\/index.php?rest_route=\/wp\/v2\/media\/90100"}],"wp:attachment":[{"href":"https:\/\/zamanturkmenistan.com.tm\/index.php?rest_route=%2Fwp%2Fv2%2Fmedia&parent=90099"}],"wp:term":[{"taxonomy":"category","embeddable":true,"href":"https:\/\/zamanturkmenistan.com.tm\/index.php?rest_route=%2Fwp%2Fv2%2Fcategories&post=90099"},{"taxonomy":"post_tag","embeddable":true,"href":"https:\/\/zamanturkmenistan.com.tm\/index.php?rest_route=%2Fwp%2Fv2%2Ftags&post=90099"}],"curies":[{"name":"wp","href":"https:\/\/api.w.org\/{rel}","templated":true}]}}