{"id":90493,"date":"2023-10-26T11:33:27","date_gmt":"2023-10-26T06:33:27","guid":{"rendered":"https:\/\/zamanturkmenistan.com.tm\/?p=90493"},"modified":"2023-10-26T11:33:27","modified_gmt":"2023-10-26T06:33:27","slug":"albukerkede-turkmenistanyn-medeniyet-gunleri-tamamlandy","status":"publish","type":"post","link":"https:\/\/zamanturkmenistan.com.tm\/?p=90493","title":{"rendered":"Albukerkede T\u00fcrkmenistany\u0148 Medeni\u00fdet g\u00fcnleri tamamlandy"},"content":{"rendered":"<p>24-nji okt\u00ad\u00fdabr\u00adda A\u015f\u00adga\u00adba\u00addy\u0148 do\u00adgan\u00adlyk \u015f\u00e4\u00adhe\u00adri bo\u00adlan AB\u015e-ny\u0148 Al\u00adbu\u00adker\u00adke \u015f\u00e4\u00adhe\u00adrin\u00adde T\u00fcrk\u00adme\u00adnis\u00adta\u00adny\u0148 Me\u00adde\u00adni\u00ad\u00fdet g\u00fcn\u00adle\u00adri\u00adni\u0148 \u00e7\u00e4\u00adgin\u00adde T\u00fcrk\u00adme\u00adnis\u00adta\u00adny\u0148 we\u00adki\u00adli\u00ad\u00fde\u00adti\u00adni\u0148 Al\u00adbu\u00adker\u00adke \u015f\u00e4\u00adher h\u00e4\u00adki\u00admi Ti\u00admo\u00adti Kel\u00adler we h\u00e4\u00adkim\u00adli\u00adgi\u00adni\u0148 we\u00adkil\u00adle\u00adri bi\u00adlen du\u00ad\u015fu\u00ad\u015fy\u00adgy ge\u00ad\u00e7i\u00adril\u00addi.<br \/>\nDu\u00ad\u015fu\u00ad\u015fyk\u00adda ta\u00adrap\u00adlar bi\u00adlim, i\u015fe\u00adw\u00fcr\u00adlik, me\u00adde\u00adni\u00ad\u00fdet, ta\u00adryh we be\u00fd\u00adle\u00adki ugur\u00adlar\u00adda \u015f\u00e4\u00adher\u00adle\u00adri\u0148 ara\u00adsyn\u00adda\u00adky hyz\u00admat\u00adda\u015f\u00adly\u00adgy \u00f6s\u00add\u00fcr\u00admek ba\u00adra\u00adda pi\u00adkir aly\u015f\u00addy\u00adlar. \u015ee\u00fd\u00adle hem T\u00fcrk\u00adme\u00adnis\u00adta\u00adny\u0148 we\u00adki\u00adli\u00ad\u00fde\u00adti t\u00e4\u00adze mag\u00adlu\u00admat teh\u00adno\u00adlo\u00adgi\u00ad\u00fda\u00adla\u00adry we da\u015f\u00adky gur\u00ad\u015faw ta\u00fd\u00addan aras\u00adsa bo\u00adlan \u00fda\u015f akyl\u00adly Ar\u00adka\u00addag \u015f\u00e4\u00adhe\u00adri ba\u00adra\u00adda \u00e7y\u00adky\u015f et\u00addi. Ame\u00adri\u00adkan ta\u00adra\u00adpy Ar\u00adka\u00addag \u015f\u00e4\u00adhe\u00adrin\u00adde uly gy\u00adzyk\u00adlan\u00adma bil\u00addir\u00addi\u00adler we bu \u015f\u00e4\u00adhe\u00adre ba\u00adryp g\u00f6r\u00admek is\u00adle\u00ad\u00fd\u00e4n\u00addik\u00adle\u00adri\u00adni m\u00e4\u00adlim et\u00addi\u00adler.<br \/>\n\u015eol g\u00fcn \u201cKiva-Au\u00addi\u00adto\u00adri\u00adum\u201d mej\u00adlis\u00adler mer\u00adke\u00adzi\u00adni\u0148 ser\u00adgi za\u00adlyn\u00adda t\u00fcrk\u00admen mil\u00adli egin-e\u015fik\u00adle\u00adri, be\u00ad\u00fdik t\u00fcrk\u00admen \u015fa\u00adhy\u00adry akyl\u00addar Mag\u00adtym\u00adgu\u00adly Py\u00adra\u00adgy\u00adny\u0148 ki\u00adtap\u00adla\u00adry, t\u00fcrk\u00admen\u00adle\u00adri\u0148 ru\u00adhy we mad\u00addy me\u00adde\u00adni mi\u00adra\u00adsy\u00adny\u0148 a\u00fd\u00adryl\u00admaz b\u00f6\u00adle\u00adgi bo\u00adlan be\u00adzeg we ama\u00adly-ha\u00ad\u015fam sun\u00adga\u00adty sun\u00adga\u00adty\u0148 asyl nus\u00adga\u00adla\u00adry, \u015fe\u00fd\u00adle hem mu\u00adze\u00ad\u00fdi\u0148 gym\u00admat ba\u00adha\u00adly eks\u00adpo\u00adnat\u00adla\u00adry g\u00f6r\u00adke\u00adzil\u00addi.<br \/>\nSo\u0148\u00adra Al\u00adbu\u00adker\u00adke \u015f\u00e4\u00adher h\u00e4\u00adkim\u00adli\u00adgi\u00adni\u0148, Do\u00adgan\u00adlyk \u015f\u00e4\u00adher\u00adler gaz\u00adna\u00adsy\u00adny\u0148, N\u00fdu-Mek\u00adsi\u00adko uni\u00adwer\u00adsi\u00adte\u00adti\u00adni\u0148 we\u00adkil\u00adle\u00adri\u00adni\u0148, d\u00f6\u00adre\u00addi\u00adji\u00adlik i\u015f\u00adg\u00e4r\u00adle\u00adri\u00adni\u0148, \u00fder\u00adli ila\u00adty\u00adny\u0148, \u015fe\u00fd\u00adle hem AB\u015e-ny\u0148 d\u00fcr\u00adli uni\u00adwer\u00adsi\u00adtet\u00adle\u00adrin\u00adde oka\u00ad\u00fdan t\u00fcrk\u00admen ta\u00adlyp\u00adla\u00adry\u00adny\u0148, T\u00fcrk\u00adme\u00adnis\u00adta\u00adny\u0148 AB\u015e-da\u00adky il\u00ad\u00e7i\u00adsi M.Ora\u00adzow \u201cKiva Au\u00addi\u00adto\u00adri\u00adum\u201d kon\u00adsert za\u00adlyn\u00adda, \u201cakyl\u00adly\u201d \u015f\u00e4\u00adher d\u00fc\u00ad\u015f\u00fcn\u00adje\u00adsi\u00adne esas\u00adla\u00adnyp, T\u00fcrk\u00adme\u00adnis\u00adta\u00adny\u0148 Halk Mas\u00adla\u00adha\u00adty\u00adny\u0148 ba\u015f\u00adly\u00adgy Gurbanguly Berdimuhamedowy\u0148 ba\u015f\u00adlan\u00adgy\u00adjy bi\u00adlen gur\u00adlan t\u00e4\u00adze Ar\u00adka\u00addag \u015f\u00e4\u00adhe\u00adri ba\u00adra\u00adda \u00e7y\u00adky\u015f et\u00addi. Ta\u00adny\u015f\u00addy\u00adry\u015f da\u00adba\u00adra\u00adsyn\u00adda Ar\u00adka\u00addag \u015f\u00e4\u00adhe\u00adri ba\u00adra\u00adda jik\u00adme-jik mag\u00adlu\u00admat ber\u00ad\u00fd\u00e4n wi\u00addeo g\u00f6r\u00adke\u00adzil\u00addi.<br \/>\nT\u00fcrk\u00admen me\u00adde\u00adni\u00ad\u00fde\u00adti\u00adni\u0148 g\u00fcn\u00adle\u00adri\u00adni\u0148 jem\u00adle\u00fd\u00adji \u00e7\u00e4\u00adre\u00adsi T\u00fcrk\u00adme\u00adnis\u00adta\u00adny\u0148 me\u015f\u00adhur sun\u00adgat we me\u00adde\u00adni\u00ad\u00fdet i\u015f\u00adg\u00e4r\u00adle\u00adri we d\u00f6\u00adre\u00addi\u00adji\u00adlik to\u00adpar\u00adla\u00adry\u00adny\u0148 \u00fde\u00adri\u00adne \u00fde\u00adti\u00adren da\u00adba\u00adra\u00adly kon\u00adser\u00adti bol\u00addy. Kon\u00adser\u00adti\u0148 do\u00adwa\u00admyn\u00adda wa\u00adta\u00adny\u00admy\u00adzy wasp ed\u00ad\u00fd\u00e4n a\u00fd\u00addym\u00adlar, li\u00adri\u00adki we halk a\u00fd\u00addym\u00adla\u00adry \u00fde\u00adri\u00adne \u00fde\u00adti\u00adril\u00addi. \u015ee\u00fd\u00adle hem Mag\u00adtym\u00adgu\u00adly Py\u00adra\u00adgy\u00adny\u0148 we t\u00fcrk\u00admen hal\u00adky\u00adny\u0148 Mil\u00adli Li\u00adde\u00adri Gurbanguly Berdimuhamedowy\u0148 s\u00f6z\u00adle\u00adri\u00adne d\u00fc\u00adz\u00fc\u00adlen a\u00fd\u00addym\u00adlar a\u00fd\u00addyl\u00addy.<\/p>\n","protected":false},"excerpt":{"rendered":"<p>24-nji okt\u00ad\u00fdabr\u00adda A\u015f\u00adga\u00adba\u00addy\u0148 do\u00adgan\u00adlyk \u015f\u00e4\u00adhe\u00adri bo\u00adlan AB\u015e-ny\u0148 Al\u00adbu\u00adker\u00adke \u015f\u00e4\u00adhe\u00adrin\u00adde T\u00fcrk\u00adme\u00adnis\u00adta\u00adny\u0148 Me\u00adde\u00adni\u00ad\u00fdet g\u00fcn\u00adle\u00adri\u00adni\u0148 \u00e7\u00e4\u00adgin\u00adde T\u00fcrk\u00adme\u00adnis\u00adta\u00adny\u0148 we\u00adki\u00adli\u00ad\u00fde\u00adti\u00adni\u0148 Al\u00adbu\u00adker\u00adke \u015f\u00e4\u00adher h\u00e4\u00adki\u00admi Ti\u00admo\u00adti Kel\u00adler we h\u00e4\u00adkim\u00adli\u00adgi\u00adni\u0148 we\u00adkil\u00adle\u00adri bi\u00adlen du\u00ad\u015fu\u00ad\u015fy\u00adgy ge\u00ad\u00e7i\u00adril\u00addi. Du\u00ad\u015fu\u00ad\u015fyk\u00adda ta\u00adrap\u00adlar bi\u00adlim, i\u015fe\u00adw\u00fcr\u00adlik, me\u00adde\u00adni\u00ad\u00fdet, ta\u00adryh we be\u00fd\u00adle\u00adki ugur\u00adlar\u00adda \u015f\u00e4\u00adher\u00adle\u00adri\u0148 ara\u00adsyn\u00adda\u00adky hyz\u00admat\u00adda\u015f\u00adly\u00adgy \u00f6s\u00add\u00fcr\u00admek ba\u00adra\u00adda pi\u00adkir aly\u015f\u00addy\u00adlar. \u015ee\u00fd\u00adle hem T\u00fcrk\u00adme\u00adnis\u00adta\u00adny\u0148 we\u00adki\u00adli\u00ad\u00fde\u00adti t\u00e4\u00adze mag\u00adlu\u00admat teh\u00adno\u00adlo\u00adgi\u00ad\u00fda\u00adla\u00adry we da\u015f\u00adky gur\u00ad\u015faw ta\u00fd\u00addan aras\u00adsa bo\u00adlan [&hellip;]<\/p>\n","protected":false},"author":2,"featured_media":90494,"comment_status":"open","ping_status":"closed","sticky":false,"template":"","format":"standard","meta":{"footnotes":""},"categories":[3],"tags":[],"acf":[],"_links":{"self":[{"href":"https:\/\/zamanturkmenistan.com.tm\/index.php?rest_route=\/wp\/v2\/posts\/90493"}],"collection":[{"href":"https:\/\/zamanturkmenistan.com.tm\/index.php?rest_route=\/wp\/v2\/posts"}],"about":[{"href":"https:\/\/zamanturkmenistan.com.tm\/index.php?rest_route=\/wp\/v2\/types\/post"}],"author":[{"embeddable":true,"href":"https:\/\/zamanturkmenistan.com.tm\/index.php?rest_route=\/wp\/v2\/users\/2"}],"replies":[{"embeddable":true,"href":"https:\/\/zamanturkmenistan.com.tm\/index.php?rest_route=%2Fwp%2Fv2%2Fcomments&post=90493"}],"version-history":[{"count":1,"href":"https:\/\/zamanturkmenistan.com.tm\/index.php?rest_route=\/wp\/v2\/posts\/90493\/revisions"}],"predecessor-version":[{"id":90495,"href":"https:\/\/zamanturkmenistan.com.tm\/index.php?rest_route=\/wp\/v2\/posts\/90493\/revisions\/90495"}],"wp:featuredmedia":[{"embeddable":true,"href":"https:\/\/zamanturkmenistan.com.tm\/index.php?rest_route=\/wp\/v2\/media\/90494"}],"wp:attachment":[{"href":"https:\/\/zamanturkmenistan.com.tm\/index.php?rest_route=%2Fwp%2Fv2%2Fmedia&parent=90493"}],"wp:term":[{"taxonomy":"category","embeddable":true,"href":"https:\/\/zamanturkmenistan.com.tm\/index.php?rest_route=%2Fwp%2Fv2%2Fcategories&post=90493"},{"taxonomy":"post_tag","embeddable":true,"href":"https:\/\/zamanturkmenistan.com.tm\/index.php?rest_route=%2Fwp%2Fv2%2Ftags&post=90493"}],"curies":[{"name":"wp","href":"https:\/\/api.w.org\/{rel}","templated":true}]}}