{"id":90516,"date":"2023-10-26T13:46:28","date_gmt":"2023-10-26T08:46:28","guid":{"rendered":"https:\/\/zamanturkmenistan.com.tm\/?p=90516"},"modified":"2023-10-26T13:46:28","modified_gmt":"2023-10-26T08:46:28","slug":"turkmenistanyn-prezidenti-magtymgulynyn-ankaradaky-yadygarligine-bardy","status":"publish","type":"post","link":"https:\/\/zamanturkmenistan.com.tm\/?p=90516","title":{"rendered":"T\u00fcrkmenistany\u0148 Prezidenti Magtymgulyny\u0148 Ankaradaky \u00fdadyg\u00e4rligine bardy"},"content":{"rendered":"<p>T\u00fcr\u00adki\u00ad\u00fde\u00adde res\u00admi sa\u00adpar\u00adda bol\u00ad\u00fdan hor\u00admat\u00adly Pre\u00adzi\u00adden\u00adti\u00admiz Ser\u00addar Berdimuhamedow t\u00fcrk\u00admen hal\u00adky\u00adny\u0148 be\u00ad\u00fdik og\u00adly Mag\u00adtym\u00adgu\u00adly Py\u00adra\u00adgy\u00adny\u0148 An\u00adka\u00adra\u00adda \u00fder\u00adle\u015f\u00ad\u00fd\u00e4n \u00fda\u00addy\u00adg\u00e4r\u00adli\u00adgi\u00adne g\u00fcl go\u00fd\u00addy. \u00abT\u00fcrk\u00adme\u00adnis\u00adtan\u00bb se\u00ad\u00fdil\u00adg\u00e4\u00adhin\u00adde otur\u00addy\u00adlan bu \u00fda\u00addy\u00adg\u00e4r\u00adlik us\u00adsat \u015fa\u00adhy\u00adry\u0148 hor\u00adma\u00adty\u00adna 2012-nji \u00fdyl\u00adda bi\u00adna edil\u00addi.<br \/>\nG\u00fcl go\u00fd\u00admak \u00e7\u00e4\u00adre\u00adsi\u00adni\u0148 ge\u00ad\u00e7i\u00adril\u00adjek \u00fde\u00adrin\u00adde hor\u00admat\u00adly Pre\u00adzi\u00adden\u00adti\u00admi\u00adzi T\u00fcr\u00adki\u00ad\u00fd\u00e4\u00adni\u0148 res\u00admi we\u00adkil\u00adle\u00adri we t\u00fcrk\u00admen we\u00adki\u00adli\u00ad\u00fde\u00adti\u00adni\u0148 ag\u00adza\u00adla\u00adry gar\u00ad\u015fy\u00adla\u00addy\u00adlar. D\u00f6w\u00adlet Ba\u015f\u00adtu\u00adta\u00adny\u00admyz Ser\u00addar Berdimuhamedow g\u00fcl des\u00adse\u00adsi\u00adni go\u00fd\u00admak bi\u00adlen, Mag\u00adtym\u00adgu\u00adly Py\u00adra\u00adgy\u00adny\u0148 he\u00fd\u00adke\u00adli\u00adni\u0148 \u00f6\u0148\u00fcn\u00adde tag\u00adzym et\u00addi. \u015eol pur\u00adsat\u00adda \u00fdur\u00addu\u00admy\u00adzy\u0148 res\u00admi we\u00adki\u00adli\u00ad\u00fde\u00adti\u00adni\u0148 ag\u00adza\u00adla\u00adry hem hor\u00admat\u00adly Pre\u00adzi\u00adden\u00adti\u00admi\u00adzi\u0148 g\u00f6\u00adrel\u00adde\u00adsi\u00adne e\u00fde\u00adrip, bi\u00adle\u00adlik\u00adde ba\u015f eg\u00addi\u00adler. Mu\u00adnu\u0148 \u00f6zi gel\u00adjek \u00fdyl dog\u00adlan g\u00fc\u00adn\u00fc\u00adni\u0148 300 \u00fdyl\u00adly\u00adgy bel\u00adle\u00adnil\u00adjek akyl\u00addar \u015fa\u00adhy\u00adra go\u00ad\u00fdul\u00ad\u00fdan be\u00adlent hor\u00admat\u00addan ny\u00ad\u015fan\u00addyr.<br \/>\n\u015eu g\u00fcn hor\u00admat\u00adly Pre\u00adzi\u00adden\u00adti\u00admiz An\u00adka\u00adra\u00adda\u00adky Pre\u00adzi\u00addent k\u00f6\u015f\u00adg\u00fcn\u00adde da\u00adba\u00adra\u00adly \u00fdag\u00adda\u00fd\u00adda gar\u00ad\u015fy al\u00adnar. Bu \u00fder\u00adde \u00e7\u00e4k\u00adli d\u00fc\u00adz\u00fcm\u00adde hem-de we\u00adki\u00adli\u00ad\u00fdet\u00adle\u00adri\u0148 ara\u00adsyn\u00adda gep\u00adle\u00ad\u015fik\u00adle\u00adri\u0148 ge\u00ad\u00e7i\u00adril\u00adme\u00adgi\u00adne ga\u00adra\u00ad\u015fyl\u00ad\u00fdar. Sa\u00adpa\u00adry\u0148 mak\u00adsat\u00adna\u00adma\u00adsy\u00adna g\u00f6\u00adr\u00e4, gol \u00e7e\u00adki\u015f\u00adlik da\u00adba\u00adra\u00adsyn\u00addan so\u0148 T\u00fcrk\u00adme\u00adnis\u00adta\u00adny\u0148 we T\u00fcr\u00adki\u00ad\u00fd\u00e4\u00adni\u0148 Pre\u00adzi\u00addent\u00adle\u00adri\u00adni\u0148 gat\u00adna\u015f\u00adma\u00adgyn\u00adda bi\u00adle\u00adlik\u00add\u00e4\u00adki met\u00adbu\u00adgat \u00fdyg\u00adna\u00adgy ge\u00ad\u00e7i\u00adri\u00adler, Pre\u00adzi\u00addent k\u00f6\u015f\u00adg\u00fcn\u00adde res\u00admi ag\u00ad\u015fam\u00adlyk na\u00adha\u00adry ber\u00adler.<br \/>\nBu ba\u00adra\u00adda T\u00fcr\u00adki\u00ad\u00fd\u00e4\u00adni\u0148 Pre\u00adzi\u00adden\u00adti\u00adni\u0148 res\u00admi sa\u00fd\u00adtyn\u00adda ha\u00adbar be\u00adril\u00ad\u00fd\u00e4r.<\/p>\n","protected":false},"excerpt":{"rendered":"<p>T\u00fcr\u00adki\u00ad\u00fde\u00adde res\u00admi sa\u00adpar\u00adda bol\u00ad\u00fdan hor\u00admat\u00adly Pre\u00adzi\u00adden\u00adti\u00admiz Ser\u00addar Berdimuhamedow t\u00fcrk\u00admen hal\u00adky\u00adny\u0148 be\u00ad\u00fdik og\u00adly Mag\u00adtym\u00adgu\u00adly Py\u00adra\u00adgy\u00adny\u0148 An\u00adka\u00adra\u00adda \u00fder\u00adle\u015f\u00ad\u00fd\u00e4n \u00fda\u00addy\u00adg\u00e4r\u00adli\u00adgi\u00adne g\u00fcl go\u00fd\u00addy. \u00abT\u00fcrk\u00adme\u00adnis\u00adtan\u00bb se\u00ad\u00fdil\u00adg\u00e4\u00adhin\u00adde otur\u00addy\u00adlan bu \u00fda\u00addy\u00adg\u00e4r\u00adlik us\u00adsat \u015fa\u00adhy\u00adry\u0148 hor\u00adma\u00adty\u00adna 2012-nji \u00fdyl\u00adda bi\u00adna edil\u00addi. G\u00fcl go\u00fd\u00admak \u00e7\u00e4\u00adre\u00adsi\u00adni\u0148 ge\u00ad\u00e7i\u00adril\u00adjek \u00fde\u00adrin\u00adde hor\u00admat\u00adly Pre\u00adzi\u00adden\u00adti\u00admi\u00adzi T\u00fcr\u00adki\u00ad\u00fd\u00e4\u00adni\u0148 res\u00admi we\u00adkil\u00adle\u00adri we t\u00fcrk\u00admen we\u00adki\u00adli\u00ad\u00fde\u00adti\u00adni\u0148 ag\u00adza\u00adla\u00adry gar\u00ad\u015fy\u00adla\u00addy\u00adlar. D\u00f6w\u00adlet Ba\u015f\u00adtu\u00adta\u00adny\u00admyz Ser\u00addar Berdimuhamedow g\u00fcl des\u00adse\u00adsi\u00adni go\u00fd\u00admak bi\u00adlen, Mag\u00adtym\u00adgu\u00adly [&hellip;]<\/p>\n","protected":false},"author":2,"featured_media":90517,"comment_status":"open","ping_status":"closed","sticky":false,"template":"","format":"standard","meta":{"footnotes":""},"categories":[3],"tags":[],"acf":[],"_links":{"self":[{"href":"https:\/\/zamanturkmenistan.com.tm\/index.php?rest_route=\/wp\/v2\/posts\/90516"}],"collection":[{"href":"https:\/\/zamanturkmenistan.com.tm\/index.php?rest_route=\/wp\/v2\/posts"}],"about":[{"href":"https:\/\/zamanturkmenistan.com.tm\/index.php?rest_route=\/wp\/v2\/types\/post"}],"author":[{"embeddable":true,"href":"https:\/\/zamanturkmenistan.com.tm\/index.php?rest_route=\/wp\/v2\/users\/2"}],"replies":[{"embeddable":true,"href":"https:\/\/zamanturkmenistan.com.tm\/index.php?rest_route=%2Fwp%2Fv2%2Fcomments&post=90516"}],"version-history":[{"count":1,"href":"https:\/\/zamanturkmenistan.com.tm\/index.php?rest_route=\/wp\/v2\/posts\/90516\/revisions"}],"predecessor-version":[{"id":90518,"href":"https:\/\/zamanturkmenistan.com.tm\/index.php?rest_route=\/wp\/v2\/posts\/90516\/revisions\/90518"}],"wp:featuredmedia":[{"embeddable":true,"href":"https:\/\/zamanturkmenistan.com.tm\/index.php?rest_route=\/wp\/v2\/media\/90517"}],"wp:attachment":[{"href":"https:\/\/zamanturkmenistan.com.tm\/index.php?rest_route=%2Fwp%2Fv2%2Fmedia&parent=90516"}],"wp:term":[{"taxonomy":"category","embeddable":true,"href":"https:\/\/zamanturkmenistan.com.tm\/index.php?rest_route=%2Fwp%2Fv2%2Fcategories&post=90516"},{"taxonomy":"post_tag","embeddable":true,"href":"https:\/\/zamanturkmenistan.com.tm\/index.php?rest_route=%2Fwp%2Fv2%2Ftags&post=90516"}],"curies":[{"name":"wp","href":"https:\/\/api.w.org\/{rel}","templated":true}]}}