{"id":90713,"date":"2024-10-28T06:58:46","date_gmt":"2024-10-28T01:58:46","guid":{"rendered":"https:\/\/zamanturkmenistan.com.tm\/?p=90713"},"modified":"2024-10-27T12:11:57","modified_gmt":"2024-10-27T07:11:57","slug":"gulliwerin-syyahaty-nesir-edilyar","status":"publish","type":"post","link":"https:\/\/zamanturkmenistan.com.tm\/?p=90713","title":{"rendered":"\u201cGulliweri\u0148 sy\u00fdahaty\u201d ne\u015fir edil\u00fd\u00e4r"},"content":{"rendered":"<p>1726-njy \u00fdy\u00adly\u0148 28-nji okt\u00ad\u00fdab\u00adryn\u00adda ir\u00adland \u00fda\u00adzy\u00adjy\u00adsy Jo\u00adna\u00adtan Swif\u00adti\u0148 \u201cGul\u00adli\u00adwe\u00adri\u0148 sy\u00ad\u00fda\u00adha\u00adty\u201d at\u00adly sa\u00adti\u00adrik-fan\u00adtas\u00adtik ro\u00adma\u00adny \u00e7ap edil\u00ad\u00fd\u00e4r. Aw\u00adto\u00adry\u0148 i\u0148 me\u015f\u00adhur ese\u00adri bo\u00adlan ro\u00adman i\u0148\u00adlis ede\u00adbi\u00ad\u00fda\u00adtyn\u00adda hem uly orun e\u00fde\u00adle\u00ad\u00fd\u00e4r. Ro\u00adman\u00adda Le\u00admu\u00adel Gul\u00adli\u00adwer at\u00adly luk\u00adma\u00adny\u0148 de\u00ad\u0148iz\u00add\u00e4\u00adki ge\u00adze\u00adlen\u00adji we bir\u00adn\u00e4\u00ad\u00e7e ada\u00adlar\u00adda\u00adky ba\u015f\u00addan\u00adge\u00ad\u00e7ir\u00adme\u00adle\u00adri ba\u00adra\u00adda g\u00fcr\u00adr\u00fc\u0148 be\u00adril\u00ad\u00fd\u00e4r. Eser bir\u00adn\u00e4\u00ad\u00e7e di\u00adle ter\u00adji\u00adme edil\u00ad\u00fd\u00e4r.<\/p>\n","protected":false},"excerpt":{"rendered":"<p>1726-njy \u00fdy\u00adly\u0148 28-nji okt\u00ad\u00fdab\u00adryn\u00adda ir\u00adland \u00fda\u00adzy\u00adjy\u00adsy Jo\u00adna\u00adtan Swif\u00adti\u0148 \u201cGul\u00adli\u00adwe\u00adri\u0148 sy\u00ad\u00fda\u00adha\u00adty\u201d at\u00adly sa\u00adti\u00adrik-fan\u00adtas\u00adtik ro\u00adma\u00adny \u00e7ap edil\u00ad\u00fd\u00e4r. Aw\u00adto\u00adry\u0148 i\u0148 me\u015f\u00adhur ese\u00adri bo\u00adlan ro\u00adman i\u0148\u00adlis ede\u00adbi\u00ad\u00fda\u00adtyn\u00adda hem uly orun e\u00fde\u00adle\u00ad\u00fd\u00e4r. Ro\u00adman\u00adda Le\u00admu\u00adel Gul\u00adli\u00adwer at\u00adly luk\u00adma\u00adny\u0148 de\u00ad\u0148iz\u00add\u00e4\u00adki ge\u00adze\u00adlen\u00adji we bir\u00adn\u00e4\u00ad\u00e7e ada\u00adlar\u00adda\u00adky ba\u015f\u00addan\u00adge\u00ad\u00e7ir\u00adme\u00adle\u00adri ba\u00adra\u00adda g\u00fcr\u00adr\u00fc\u0148 be\u00adril\u00ad\u00fd\u00e4r. Eser bir\u00adn\u00e4\u00ad\u00e7e di\u00adle ter\u00adji\u00adme edil\u00ad\u00fd\u00e4r.<\/p>\n","protected":false},"author":2,"featured_media":90714,"comment_status":"open","ping_status":"closed","sticky":false,"template":"","format":"standard","meta":{"footnotes":""},"categories":[402],"tags":[],"acf":[],"_links":{"self":[{"href":"https:\/\/zamanturkmenistan.com.tm\/index.php?rest_route=\/wp\/v2\/posts\/90713"}],"collection":[{"href":"https:\/\/zamanturkmenistan.com.tm\/index.php?rest_route=\/wp\/v2\/posts"}],"about":[{"href":"https:\/\/zamanturkmenistan.com.tm\/index.php?rest_route=\/wp\/v2\/types\/post"}],"author":[{"embeddable":true,"href":"https:\/\/zamanturkmenistan.com.tm\/index.php?rest_route=\/wp\/v2\/users\/2"}],"replies":[{"embeddable":true,"href":"https:\/\/zamanturkmenistan.com.tm\/index.php?rest_route=%2Fwp%2Fv2%2Fcomments&post=90713"}],"version-history":[{"count":2,"href":"https:\/\/zamanturkmenistan.com.tm\/index.php?rest_route=\/wp\/v2\/posts\/90713\/revisions"}],"predecessor-version":[{"id":90731,"href":"https:\/\/zamanturkmenistan.com.tm\/index.php?rest_route=\/wp\/v2\/posts\/90713\/revisions\/90731"}],"wp:featuredmedia":[{"embeddable":true,"href":"https:\/\/zamanturkmenistan.com.tm\/index.php?rest_route=\/wp\/v2\/media\/90714"}],"wp:attachment":[{"href":"https:\/\/zamanturkmenistan.com.tm\/index.php?rest_route=%2Fwp%2Fv2%2Fmedia&parent=90713"}],"wp:term":[{"taxonomy":"category","embeddable":true,"href":"https:\/\/zamanturkmenistan.com.tm\/index.php?rest_route=%2Fwp%2Fv2%2Fcategories&post=90713"},{"taxonomy":"post_tag","embeddable":true,"href":"https:\/\/zamanturkmenistan.com.tm\/index.php?rest_route=%2Fwp%2Fv2%2Ftags&post=90713"}],"curies":[{"name":"wp","href":"https:\/\/api.w.org\/{rel}","templated":true}]}}