{"id":91027,"date":"2023-11-01T12:49:55","date_gmt":"2023-11-01T07:49:55","guid":{"rendered":"https:\/\/zamanturkmenistan.com.tm\/?p=91027"},"modified":"2023-11-03T11:26:58","modified_gmt":"2023-11-03T06:26:58","slug":"ispaniyada-sagyzy-kasam-kabul-etdi","status":"publish","type":"post","link":"https:\/\/zamanturkmenistan.com.tm\/ispaniyada-sagyzy-kasam-kabul-etdi\/","title":{"rendered":"Ispani\u00fdada \u015fagyzy kasam kabul etdi"},"content":{"rendered":"<p>Is\u00adpa\u00adni\u00ad\u00fda\u00adda tag\u00adty\u0148 bi\u00adrin\u00adji mi\u00adras\u00add\u00fc\u00ad\u015fe\u00adri, \u015fa\u00adgy\u00adzy Leo\u00adnor 18 \u00fda\u00ad\u015fan g\u00fc\u00adni \u00fdur\u00addu\u0148 mil\u00adli par\u00adla\u00admen\u00adtin\u00adde ka\u00adsam ka\u00adbul et\u00addi. \u015ee\u00fd\u00adle\u00adlik\u00adde, \u015fagy\u00adzy res\u00admi \u00fdag\u00adda\u00fd\u00adda tag\u00adty\u0148 mi\u00adras\u00add\u00fc\u00ad\u015fe\u00adri bol\u00addy. \u00ddur\u00addu\u0148 pa\u00adty\u00ad\u015fa\u00adsy Fi\u00adlipp VI gy\u00adzy Leo\u00adnor Kons\u00adti\u00adtu\u00adsi\u00ad\u00fda we \u00fdur\u00addu\u0148 ka\u00adnun\u00adla\u00adry\u00adna bo\u00ad\u00fdun bol\u00adjak\u00addy\u00adgy\u00adna ka\u00adsam et\u00addi. G\u00f6\u00adni \u00fda\u00fd\u00adlym ar\u00adka\u00adly g\u00f6r\u00adke\u00adzi\u00adlen da\u00adba\u00adra mi\u00adnistr\u00adler we se\u00adbit\u00adle\u00adri\u0148 \u00fdol\u00adba\u015f\u00ad\u00e7y\u00adla\u00adry\u0148 k\u00f6\u00adp\u00fc\u00adsi gat\u00adna\u015f\u00addy. \u015ea\u00adgy\u00adzy Leo\u00adnor da\u00adba\u00adra ge\u00ad\u00e7i\u00adril\u00ad\u00fd\u00e4n \u00fde\u00adre ka\u00adka\u00adsy, \u00fdur\u00addu\u0148 Pa\u00adty\u00ad\u015fa\u00adsy Fi\u00adlipp VI, eje\u00adsi \u015ea ze\u00adna\u00adny Le\u00adti\u00adsi\u00ad\u00fda hem-de 16 \u00fda\u015f\u00adly gyz ji\u00adgi\u00adsi So\u00adfi\u00ad\u00fda bi\u00adlen bi\u00adle\u00adlik\u00adde gel\u00addi.<br \/>\nLeo\u00adnor tag\u00adta \u00e7y\u00adkan \u00fdag\u00adda\u00ad\u00fdyn\u00adda \u00fdur\u00addu\u0148 so\u0148\u00adky 150 \u00fdyl\u00adlyk ta\u00adry\u00adhyn\u00adda\u00adky il\u00adkin\u00adji ze\u00adnan h\u00f6\u00adk\u00fcm\u00adda\u00adry bo\u00adlar.<\/p>\n","protected":false},"excerpt":{"rendered":"<p>Is\u00adpa\u00adni\u00ad\u00fda\u00adda tag\u00adty\u0148 bi\u00adrin\u00adji mi\u00adras\u00add\u00fc\u00ad\u015fe\u00adri, \u015fa\u00adgy\u00adzy Leo\u00adnor 18 \u00fda\u00ad\u015fan g\u00fc\u00adni \u00fdur\u00addu\u0148 mil\u00adli par\u00adla\u00admen\u00adtin\u00adde ka\u00adsam ka\u00adbul et\u00addi. \u015ee\u00fd\u00adle\u00adlik\u00adde, \u015fagy\u00adzy res\u00admi \u00fdag\u00adda\u00fd\u00adda tag\u00adty\u0148 mi\u00adras\u00add\u00fc\u00ad\u015fe\u00adri bol\u00addy. \u00ddur\u00addu\u0148 pa\u00adty\u00ad\u015fa\u00adsy Fi\u00adlipp VI gy\u00adzy Leo\u00adnor Kons\u00adti\u00adtu\u00adsi\u00ad\u00fda we \u00fdur\u00addu\u0148 ka\u00adnun\u00adla\u00adry\u00adna bo\u00ad\u00fdun bol\u00adjak\u00addy\u00adgy\u00adna ka\u00adsam et\u00addi. G\u00f6\u00adni \u00fda\u00fd\u00adlym ar\u00adka\u00adly g\u00f6r\u00adke\u00adzi\u00adlen da\u00adba\u00adra mi\u00adnistr\u00adler we se\u00adbit\u00adle\u00adri\u0148 \u00fdol\u00adba\u015f\u00ad\u00e7y\u00adla\u00adry\u0148 k\u00f6\u00adp\u00fc\u00adsi gat\u00adna\u015f\u00addy. \u015ea\u00adgy\u00adzy Leo\u00adnor da\u00adba\u00adra ge\u00ad\u00e7i\u00adril\u00ad\u00fd\u00e4n \u00fde\u00adre ka\u00adka\u00adsy, \u00fdur\u00addu\u0148 Pa\u00adty\u00ad\u015fa\u00adsy [&hellip;]<\/p>\n","protected":false},"author":2,"featured_media":91033,"comment_status":"open","ping_status":"closed","sticky":false,"template":"","format":"standard","meta":{"footnotes":""},"categories":[5],"tags":[],"class_list":["post-91027","post","type-post","status-publish","format-standard","has-post-thumbnail","hentry","category-2dunya","format-default"],"_links":{"self":[{"href":"https:\/\/zamanturkmenistan.com.tm\/wp-json\/wp\/v2\/posts\/91027","targetHints":{"allow":["GET"]}}],"collection":[{"href":"https:\/\/zamanturkmenistan.com.tm\/wp-json\/wp\/v2\/posts"}],"about":[{"href":"https:\/\/zamanturkmenistan.com.tm\/wp-json\/wp\/v2\/types\/post"}],"author":[{"embeddable":true,"href":"https:\/\/zamanturkmenistan.com.tm\/wp-json\/wp\/v2\/users\/2"}],"replies":[{"embeddable":true,"href":"https:\/\/zamanturkmenistan.com.tm\/wp-json\/wp\/v2\/comments?post=91027"}],"version-history":[{"count":2,"href":"https:\/\/zamanturkmenistan.com.tm\/wp-json\/wp\/v2\/posts\/91027\/revisions"}],"predecessor-version":[{"id":91269,"href":"https:\/\/zamanturkmenistan.com.tm\/wp-json\/wp\/v2\/posts\/91027\/revisions\/91269"}],"wp:featuredmedia":[{"embeddable":true,"href":"https:\/\/zamanturkmenistan.com.tm\/wp-json\/wp\/v2\/media\/91033"}],"wp:attachment":[{"href":"https:\/\/zamanturkmenistan.com.tm\/wp-json\/wp\/v2\/media?parent=91027"}],"wp:term":[{"taxonomy":"category","embeddable":true,"href":"https:\/\/zamanturkmenistan.com.tm\/wp-json\/wp\/v2\/categories?post=91027"},{"taxonomy":"post_tag","embeddable":true,"href":"https:\/\/zamanturkmenistan.com.tm\/wp-json\/wp\/v2\/tags?post=91027"}],"curies":[{"name":"wp","href":"https:\/\/api.w.org\/{rel}","templated":true}]}}