{"id":91115,"date":"2023-11-01T17:54:26","date_gmt":"2023-11-01T12:54:26","guid":{"rendered":"https:\/\/zamanturkmenistan.com.tm\/?p=91115"},"modified":"2023-11-28T10:01:12","modified_gmt":"2023-11-28T05:01:12","slug":"makron-resmi-sapar-bilen-gazagystana-geldi","status":"publish","type":"post","link":"https:\/\/zamanturkmenistan.com.tm\/?p=91115","title":{"rendered":"Makron resmi sapar bilen Gazagystana geldi"},"content":{"rendered":"<p>Fran\u00adsi\u00ad\u00fda\u00adny\u0148 Pre\u00adzi\u00adden\u00adti Em\u00adma\u00adnu\u00adel Mak\u00adron res\u00admi sa\u00adpar bi\u00adlen Ga\u00adza\u00adgys\u00adta\u00adna gel\u00addi. Res\u00adpub\u00adli\u00adka\u00adny\u0148 Pre\u00adzi\u00adden\u00adti Ka\u00adsym-\u017do\u00admart To\u00adka\u00ad\u00fdew da\u00ad\u015fa\u00adry \u00fdurt\u00adly k\u00e4r\u00adde\u00ad\u015fi\u00adni \u00f6z ka\u00adbul\u00adha\u00adna\u00adsy\u00adna da\u00adba\u00adra\u00adly gar\u00ad\u015fy al\u00addy. Hor\u00admat ga\u00adra\u00adwu\u00adly\u00adny\u0148 ba\u015f\u00adly\u00adgy Pre\u00adzi\u00addent\u00adle\u00adre ha\u00adsa\u00adbat ber\u00addi, \u015fon\u00addan so\u0148 or\u00adkestr iki \u00fdur\u00addu\u0148 d\u00f6w\u00adlet se\u00adna\u00adla\u00adry \u00fde\u00adri\u00adne \u00fde\u00adtir\u00addi.<br \/>\nEm\u00adma\u00adnu\u00adel Mak\u00adro\u00adny\u0148 Ga\u00adza\u00adgys\u00adta\u00adna sa\u00adpa\u00adry\u00adny il\u00adkin\u00adji ge\u00adzek ama\u00adla a\u015fyr\u00ad\u00fdar. Iki \u00fdur\u00addu\u0148 li\u00adder\u00adle\u00adri s\u00f6w\u00adda, yk\u00addy\u00adsa\u00addy, ma\u00ad\u00fda go\u00ad\u00fdum we ener\u00adgi\u00ad\u00fda hyz\u00admat\u00adda\u015f\u00adly\u00adgy\u00adny g\u00fc\u00fd\u00e7\u00adlen\u00addir\u00admek, \u015fe\u00fd\u00adle hem hal\u00adka\u00adra we se\u00adbi\u00adti\u0148 g\u00fcn ter\u00adti\u00adbin\u00add\u00e4\u00adki me\u00adse\u00adle\u00adler ba\u00adra\u00adda pi\u00adkir aly\u015f\u00addy\u00adlar.<br \/>\nEr\u00adtir, 2-nji no\u00ad\u00fdabr\u00adda Weng\u00adri\u00ad\u00fda\u00adny\u0148 Prem\u00ad\u00fder-mi\u00adnist\u00adri Wik\u00adtor Or\u00adban Ga\u00adza\u00adgys\u00adta\u00adna res\u00admi sa\u00adpar bi\u00adlen ge\u00adler.<\/p>\n","protected":false},"excerpt":{"rendered":"<p>Fran\u00adsi\u00ad\u00fda\u00adny\u0148 Pre\u00adzi\u00adden\u00adti Em\u00adma\u00adnu\u00adel Mak\u00adron res\u00admi sa\u00adpar bi\u00adlen Ga\u00adza\u00adgys\u00adta\u00adna gel\u00addi. Res\u00adpub\u00adli\u00adka\u00adny\u0148 Pre\u00adzi\u00adden\u00adti Ka\u00adsym-\u017do\u00admart To\u00adka\u00ad\u00fdew da\u00ad\u015fa\u00adry \u00fdurt\u00adly k\u00e4r\u00adde\u00ad\u015fi\u00adni \u00f6z ka\u00adbul\u00adha\u00adna\u00adsy\u00adna da\u00adba\u00adra\u00adly gar\u00ad\u015fy al\u00addy. Hor\u00admat ga\u00adra\u00adwu\u00adly\u00adny\u0148 ba\u015f\u00adly\u00adgy Pre\u00adzi\u00addent\u00adle\u00adre ha\u00adsa\u00adbat ber\u00addi, \u015fon\u00addan so\u0148 or\u00adkestr iki \u00fdur\u00addu\u0148 d\u00f6w\u00adlet se\u00adna\u00adla\u00adry \u00fde\u00adri\u00adne \u00fde\u00adtir\u00addi. Em\u00adma\u00adnu\u00adel Mak\u00adro\u00adny\u0148 Ga\u00adza\u00adgys\u00adta\u00adna sa\u00adpa\u00adry\u00adny il\u00adkin\u00adji ge\u00adzek ama\u00adla a\u015fyr\u00ad\u00fdar. Iki \u00fdur\u00addu\u0148 li\u00adder\u00adle\u00adri s\u00f6w\u00adda, yk\u00addy\u00adsa\u00addy, ma\u00ad\u00fda go\u00ad\u00fdum we ener\u00adgi\u00ad\u00fda hyz\u00admat\u00adda\u015f\u00adly\u00adgy\u00adny g\u00fc\u00fd\u00e7\u00adlen\u00addir\u00admek, [&hellip;]<\/p>\n","protected":false},"author":2,"featured_media":91117,"comment_status":"open","ping_status":"closed","sticky":false,"template":"","format":"standard","meta":{"footnotes":""},"categories":[5],"tags":[],"acf":[],"_links":{"self":[{"href":"https:\/\/zamanturkmenistan.com.tm\/index.php?rest_route=\/wp\/v2\/posts\/91115"}],"collection":[{"href":"https:\/\/zamanturkmenistan.com.tm\/index.php?rest_route=\/wp\/v2\/posts"}],"about":[{"href":"https:\/\/zamanturkmenistan.com.tm\/index.php?rest_route=\/wp\/v2\/types\/post"}],"author":[{"embeddable":true,"href":"https:\/\/zamanturkmenistan.com.tm\/index.php?rest_route=\/wp\/v2\/users\/2"}],"replies":[{"embeddable":true,"href":"https:\/\/zamanturkmenistan.com.tm\/index.php?rest_route=%2Fwp%2Fv2%2Fcomments&post=91115"}],"version-history":[{"count":1,"href":"https:\/\/zamanturkmenistan.com.tm\/index.php?rest_route=\/wp\/v2\/posts\/91115\/revisions"}],"predecessor-version":[{"id":91118,"href":"https:\/\/zamanturkmenistan.com.tm\/index.php?rest_route=\/wp\/v2\/posts\/91115\/revisions\/91118"}],"wp:featuredmedia":[{"embeddable":true,"href":"https:\/\/zamanturkmenistan.com.tm\/index.php?rest_route=\/wp\/v2\/media\/91117"}],"wp:attachment":[{"href":"https:\/\/zamanturkmenistan.com.tm\/index.php?rest_route=%2Fwp%2Fv2%2Fmedia&parent=91115"}],"wp:term":[{"taxonomy":"category","embeddable":true,"href":"https:\/\/zamanturkmenistan.com.tm\/index.php?rest_route=%2Fwp%2Fv2%2Fcategories&post=91115"},{"taxonomy":"post_tag","embeddable":true,"href":"https:\/\/zamanturkmenistan.com.tm\/index.php?rest_route=%2Fwp%2Fv2%2Ftags&post=91115"}],"curies":[{"name":"wp","href":"https:\/\/api.w.org\/{rel}","templated":true}]}}