{"id":91126,"date":"2023-11-02T10:58:39","date_gmt":"2023-11-02T05:58:39","guid":{"rendered":"https:\/\/zamanturkmenistan.com.tm\/?p=91126"},"modified":"2023-11-02T11:38:22","modified_gmt":"2023-11-02T06:38:22","slug":"turkmenistan-bilen-ozbegistanyn-arasynda-yol-kartasyna-gol-cekildi","status":"publish","type":"post","link":"https:\/\/zamanturkmenistan.com.tm\/?p=91126","title":{"rendered":"T\u00fcrkmenistan bilen \u00d6zbegistany\u0148 arasynda \u201c\u00ddol kartasyna\u201d gol \u00e7ekildi"},"content":{"rendered":"<p>1-nji no\u00ad\u00fdabr\u00adda \u201cMer\u00adke\u00adzi Azi\u00ad\u00fda-Ko\u00adre\u00ad\u00fda Res\u00adpub\u00adli\u00adka\u00adsy\u201d hyz\u00admat\u00adda\u015f\u00adlyk fo\u00adru\u00admy\u00adny\u0148 Da\u00ad\u015fa\u00adry i\u015f\u00adler mi\u00adnistr\u00adle\u00adri\u00adni\u0148 16-njy mej\u00adli\u00adsi\u00adni\u0148 \u00e7\u00e4\u00adgin\u00adde T\u00fcrk\u00adme\u00adnis\u00adta\u00adny\u0148 we \u00d6z\u00adbe\u00adgis\u00adta\u00adny\u0148 Da\u00ad\u015fa\u00adry i\u015f\u00adler mi\u00adnistr\u00adle\u00adri R.Me\u00adre\u00addo\u00adwy\u0148 we B.Sai\u00addo\u00adwy\u0148 ara\u00adsyn\u00adda 2023-2024-nji \u00fdyl\u00adlar \u00fc\u00e7in T\u00fcrk\u00adme\u00adnis\u00adtan bi\u00adlen \u00d6z\u00adbe\u00adgis\u00adtan Res\u00adpub\u00adli\u00adka\u00adsy\u00adny\u0148 ara\u00adsyn\u00adda\u00adky hyz\u00admat\u00adda\u015f\u00adly\u00adgy mun\u00addan be\u00fd\u00adl\u00e4k-de \u00f6s\u00add\u00fcr\u00admek bo\u00ad\u00fdun\u00ad\u00e7a bi\u00adle\u00adlik\u00add\u00e4\u00adki \u00e7\u00e4\u00adre\u00adle\u00adri\u0148 Me\u00ad\u00fdil\u00adna\u00adma\u00adsy\u00adna (\u201c\u00ddol kar\u00adta\u00adsy\u00adna\u201d) gol \u00e7e\u00adki\u015f\u00adlik da\u00adba\u00adra\u00adsy ge\u00ad\u00e7i\u00adril\u00addi.<br \/>\n\u201c\u00ddol kar\u00adta\u00adsy\u201d T\u00fcrk\u00adme\u00adnis\u00adtan bi\u00adlen \u00d6z\u00adbe\u00adgis\u00adtan Res\u00adpub\u00adli\u00adka\u00adsy\u00adny\u0148 ara\u00adsyn\u00adda \u00fdo\u00adka\u00adry de\u00adre\u00adje\u00adli sa\u00adpar\u00adla\u00adry\u0148 do\u00adwa\u00admyn\u00adda ga\u00adza\u00adny\u00adlan \u015fert\u00adna\u00adma\u00adla\u00adry\u0148 we yla\u00adla\u00ad\u015fyk\u00adla\u00adry\u0148 ama\u00adly ta\u00fd\u00addan \u00fde\u00adri\u00adne \u00fde\u00adti\u00adri\u00adli\u015f m\u00f6h\u00adle\u00adti\u00adni kes\u00adgit\u00adle\u00admek \u00fc\u00e7in i\u015f\u00adle\u00adni\u00adlip d\u00fc\u00adz\u00fcl\u00addi.<br \/>\nRes\u00admi\u00adna\u00adma, sy\u00ad\u00fda\u00adsy-dip\u00adlo\u00adma\u00adtik, s\u00f6w\u00adda-yk\u00addy\u00adsa\u00addy, me\u00adde\u00adni-yn\u00adsan\u00adper\u00adwer ugur\u00adlar\u00adda bi\u00adle\u00adlik\u00add\u00e4\u00adki he\u00adre\u00adket\u00adle\u00adri hem-de ener\u00adge\u00adti\u00adka, ulag-lo\u00adgis\u00adti\u00adka, \u015fe\u00fd\u00adle hem suw ho\u00adja\u00adly\u00adgy pu\u00adda\u00adgy we da\u015f\u00adky gur\u00ad\u015fa\u00adwy go\u00adra\u00admak \u00fda\u00adly m\u00f6\u00adh\u00fcm ugur\u00adla\u00adry g\u00f6z \u00f6\u0148\u00fcn\u00adde tut\u00ad\u00fdar.<\/p>\n","protected":false},"excerpt":{"rendered":"<p>1-nji no\u00ad\u00fdabr\u00adda \u201cMer\u00adke\u00adzi Azi\u00ad\u00fda-Ko\u00adre\u00ad\u00fda Res\u00adpub\u00adli\u00adka\u00adsy\u201d hyz\u00admat\u00adda\u015f\u00adlyk fo\u00adru\u00admy\u00adny\u0148 Da\u00ad\u015fa\u00adry i\u015f\u00adler mi\u00adnistr\u00adle\u00adri\u00adni\u0148 16-njy mej\u00adli\u00adsi\u00adni\u0148 \u00e7\u00e4\u00adgin\u00adde T\u00fcrk\u00adme\u00adnis\u00adta\u00adny\u0148 we \u00d6z\u00adbe\u00adgis\u00adta\u00adny\u0148 Da\u00ad\u015fa\u00adry i\u015f\u00adler mi\u00adnistr\u00adle\u00adri R.Me\u00adre\u00addo\u00adwy\u0148 we B.Sai\u00addo\u00adwy\u0148 ara\u00adsyn\u00adda 2023-2024-nji \u00fdyl\u00adlar \u00fc\u00e7in T\u00fcrk\u00adme\u00adnis\u00adtan bi\u00adlen \u00d6z\u00adbe\u00adgis\u00adtan Res\u00adpub\u00adli\u00adka\u00adsy\u00adny\u0148 ara\u00adsyn\u00adda\u00adky hyz\u00admat\u00adda\u015f\u00adly\u00adgy mun\u00addan be\u00fd\u00adl\u00e4k-de \u00f6s\u00add\u00fcr\u00admek bo\u00ad\u00fdun\u00ad\u00e7a bi\u00adle\u00adlik\u00add\u00e4\u00adki \u00e7\u00e4\u00adre\u00adle\u00adri\u0148 Me\u00ad\u00fdil\u00adna\u00adma\u00adsy\u00adna (\u201c\u00ddol kar\u00adta\u00adsy\u00adna\u201d) gol \u00e7e\u00adki\u015f\u00adlik da\u00adba\u00adra\u00adsy ge\u00ad\u00e7i\u00adril\u00addi. \u201c\u00ddol kar\u00adta\u00adsy\u201d T\u00fcrk\u00adme\u00adnis\u00adtan bi\u00adlen \u00d6z\u00adbe\u00adgis\u00adtan Res\u00adpub\u00adli\u00adka\u00adsy\u00adny\u0148 ara\u00adsyn\u00adda \u00fdo\u00adka\u00adry de\u00adre\u00adje\u00adli sa\u00adpar\u00adla\u00adry\u0148 [&hellip;]<\/p>\n","protected":false},"author":2,"featured_media":91136,"comment_status":"open","ping_status":"closed","sticky":false,"template":"","format":"standard","meta":{"footnotes":""},"categories":[3],"tags":[],"acf":[],"_links":{"self":[{"href":"https:\/\/zamanturkmenistan.com.tm\/index.php?rest_route=\/wp\/v2\/posts\/91126"}],"collection":[{"href":"https:\/\/zamanturkmenistan.com.tm\/index.php?rest_route=\/wp\/v2\/posts"}],"about":[{"href":"https:\/\/zamanturkmenistan.com.tm\/index.php?rest_route=\/wp\/v2\/types\/post"}],"author":[{"embeddable":true,"href":"https:\/\/zamanturkmenistan.com.tm\/index.php?rest_route=\/wp\/v2\/users\/2"}],"replies":[{"embeddable":true,"href":"https:\/\/zamanturkmenistan.com.tm\/index.php?rest_route=%2Fwp%2Fv2%2Fcomments&post=91126"}],"version-history":[{"count":1,"href":"https:\/\/zamanturkmenistan.com.tm\/index.php?rest_route=\/wp\/v2\/posts\/91126\/revisions"}],"predecessor-version":[{"id":91128,"href":"https:\/\/zamanturkmenistan.com.tm\/index.php?rest_route=\/wp\/v2\/posts\/91126\/revisions\/91128"}],"wp:featuredmedia":[{"embeddable":true,"href":"https:\/\/zamanturkmenistan.com.tm\/index.php?rest_route=\/wp\/v2\/media\/91136"}],"wp:attachment":[{"href":"https:\/\/zamanturkmenistan.com.tm\/index.php?rest_route=%2Fwp%2Fv2%2Fmedia&parent=91126"}],"wp:term":[{"taxonomy":"category","embeddable":true,"href":"https:\/\/zamanturkmenistan.com.tm\/index.php?rest_route=%2Fwp%2Fv2%2Fcategories&post=91126"},{"taxonomy":"post_tag","embeddable":true,"href":"https:\/\/zamanturkmenistan.com.tm\/index.php?rest_route=%2Fwp%2Fv2%2Ftags&post=91126"}],"curies":[{"name":"wp","href":"https:\/\/api.w.org\/{rel}","templated":true}]}}