{"id":91252,"date":"2023-11-03T10:34:18","date_gmt":"2023-11-03T05:34:18","guid":{"rendered":"https:\/\/zamanturkmenistan.com.tm\/?p=91252"},"modified":"2023-11-03T10:34:18","modified_gmt":"2023-11-03T05:34:18","slug":"turkmenistanyn-oba-hojalyk-ministrliginin-ylmy-barlag-institutlary-dorediler","status":"publish","type":"post","link":"https:\/\/zamanturkmenistan.com.tm\/?p=91252","title":{"rendered":"T\u00fcrkmenistany\u0148 Oba hojalyk ministrligini\u0148 ylmy-barlag institutlary d\u00f6rediler"},"content":{"rendered":"<p>Ber\u00adka\u00adrar d\u00f6w\u00adle\u00adti\u0148 t\u00e4\u00adze e\u00fd\u00ad\u00fda\u00admy\u00adny\u0148 Gal\u00adky\u00adny\u00ad\u015fy d\u00f6w\u00adr\u00fcn\u00adde \u00fdur\u00addu\u00admyz\u00adda oba ho\u00adja\u00adlyk ekin\u00adle\u00adri\u00adni\u0148 ha\u00adsyl\u00adly\u00adly\u00adgy\u00adny \u00fdo\u00adkar\u00adlan\u00addyr\u00admak we ola\u00adry\u0148 to\u00adhum\u00ad\u00e7y\u00adlyk i\u015fi\u00adni yl\u00admy esas\u00adda ul\u00adgam\u00adla\u00ad\u00fdyn alyp bar\u00admak bo\u00ad\u00fdun\u00ad\u00e7a i\u015f\u00adle\u00adri has-da k\u00e4\u00admil\u00adle\u015f\u00addir\u00admek mak\u00adsa\u00addy bi\u00adlen, T\u00fcrk\u00adme\u00adnis\u00adta\u00adny\u0148 Pre\u00adzi\u00adden\u00adti Ka\u00adra\u00adra gol \u00e7ek\u00addi. Res\u00admi\u00adna\u00adma la\u00ad\u00fdyk\u00adlyk\u00adda, Oba ho\u00adja\u00adlyk mi\u00adnistr\u00adli\u00adgi\u00adne T\u00fcrk\u00admen oba ho\u00adja\u00adlyk ins\u00adti\u00adtu\u00adty\u00adny\u0148 Oba ho\u00adja\u00adlyk yl\u00admy-\u00f6n\u00fcm\u00ad\u00e7i\u00adlik mer\u00adke\u00adzi\u00adni\u0148 b\u00f6\u00adl\u00fcn\u00adme\u00adgi ar\u00adka\u00adly, onu\u0148 bin\u00ad\u00fda\u00addyn\u00adda mi\u00adnistr\u00adli\u00adgi\u0148:<br \/>\nYl\u00admy-bar\u00adlag d\u00e4\u00adne\u00ad\u00e7i\u00adlik ins\u00adti\u00adtu\u00adty\u00adny;<br \/>\nYl\u00admy-bar\u00adlag eke\u00adran\u00ad\u00e7y\u00adlyk ins\u00adti\u00adtu\u00adty\u00adny;<br \/>\nYl\u00admy-bar\u00adlag pag\u00adta\u00ad\u00e7y\u00adlyk ins\u00adti\u00adtu\u00adty\u00adny bel\u00adle\u00adnen ter\u00adtip\u00adde d\u00f6\u00adret\u00admek, \u015fe\u00fd\u00adle hem \u015fu yl\u00admy-bar\u00adlag ins\u00adti\u00adtut\u00adla\u00adry\u00adny\u0148 Ter\u00adtip\u00adna\u00adma\u00adla\u00adry\u00adny ta\u00fd\u00ad\u00fdar\u00adla\u00admak we bel\u00adle\u00adnen ter\u00adtip\u00adde tas\u00adsyk\u00adla\u00admak tab\u00ad\u015fy\u00adryl\u00addy.<\/p>\n","protected":false},"excerpt":{"rendered":"<p>Ber\u00adka\u00adrar d\u00f6w\u00adle\u00adti\u0148 t\u00e4\u00adze e\u00fd\u00ad\u00fda\u00admy\u00adny\u0148 Gal\u00adky\u00adny\u00ad\u015fy d\u00f6w\u00adr\u00fcn\u00adde \u00fdur\u00addu\u00admyz\u00adda oba ho\u00adja\u00adlyk ekin\u00adle\u00adri\u00adni\u0148 ha\u00adsyl\u00adly\u00adly\u00adgy\u00adny \u00fdo\u00adkar\u00adlan\u00addyr\u00admak we ola\u00adry\u0148 to\u00adhum\u00ad\u00e7y\u00adlyk i\u015fi\u00adni yl\u00admy esas\u00adda ul\u00adgam\u00adla\u00ad\u00fdyn alyp bar\u00admak bo\u00ad\u00fdun\u00ad\u00e7a i\u015f\u00adle\u00adri has-da k\u00e4\u00admil\u00adle\u015f\u00addir\u00admek mak\u00adsa\u00addy bi\u00adlen, T\u00fcrk\u00adme\u00adnis\u00adta\u00adny\u0148 Pre\u00adzi\u00adden\u00adti Ka\u00adra\u00adra gol \u00e7ek\u00addi. Res\u00admi\u00adna\u00adma la\u00ad\u00fdyk\u00adlyk\u00adda, Oba ho\u00adja\u00adlyk mi\u00adnistr\u00adli\u00adgi\u00adne T\u00fcrk\u00admen oba ho\u00adja\u00adlyk ins\u00adti\u00adtu\u00adty\u00adny\u0148 Oba ho\u00adja\u00adlyk yl\u00admy-\u00f6n\u00fcm\u00ad\u00e7i\u00adlik mer\u00adke\u00adzi\u00adni\u0148 b\u00f6\u00adl\u00fcn\u00adme\u00adgi ar\u00adka\u00adly, onu\u0148 bin\u00ad\u00fda\u00addyn\u00adda mi\u00adnistr\u00adli\u00adgi\u0148: Yl\u00admy-bar\u00adlag d\u00e4\u00adne\u00ad\u00e7i\u00adlik ins\u00adti\u00adtu\u00adty\u00adny; Yl\u00admy-bar\u00adlag eke\u00adran\u00ad\u00e7y\u00adlyk [&hellip;]<\/p>\n","protected":false},"author":2,"featured_media":64511,"comment_status":"open","ping_status":"closed","sticky":false,"template":"","format":"standard","meta":{"footnotes":""},"categories":[3],"tags":[],"_links":{"self":[{"href":"https:\/\/zamanturkmenistan.com.tm\/index.php?rest_route=\/wp\/v2\/posts\/91252"}],"collection":[{"href":"https:\/\/zamanturkmenistan.com.tm\/index.php?rest_route=\/wp\/v2\/posts"}],"about":[{"href":"https:\/\/zamanturkmenistan.com.tm\/index.php?rest_route=\/wp\/v2\/types\/post"}],"author":[{"embeddable":true,"href":"https:\/\/zamanturkmenistan.com.tm\/index.php?rest_route=\/wp\/v2\/users\/2"}],"replies":[{"embeddable":true,"href":"https:\/\/zamanturkmenistan.com.tm\/index.php?rest_route=%2Fwp%2Fv2%2Fcomments&post=91252"}],"version-history":[{"count":1,"href":"https:\/\/zamanturkmenistan.com.tm\/index.php?rest_route=\/wp\/v2\/posts\/91252\/revisions"}],"predecessor-version":[{"id":91253,"href":"https:\/\/zamanturkmenistan.com.tm\/index.php?rest_route=\/wp\/v2\/posts\/91252\/revisions\/91253"}],"wp:featuredmedia":[{"embeddable":true,"href":"https:\/\/zamanturkmenistan.com.tm\/index.php?rest_route=\/wp\/v2\/media\/64511"}],"wp:attachment":[{"href":"https:\/\/zamanturkmenistan.com.tm\/index.php?rest_route=%2Fwp%2Fv2%2Fmedia&parent=91252"}],"wp:term":[{"taxonomy":"category","embeddable":true,"href":"https:\/\/zamanturkmenistan.com.tm\/index.php?rest_route=%2Fwp%2Fv2%2Fcategories&post=91252"},{"taxonomy":"post_tag","embeddable":true,"href":"https:\/\/zamanturkmenistan.com.tm\/index.php?rest_route=%2Fwp%2Fv2%2Ftags&post=91252"}],"curies":[{"name":"wp","href":"https:\/\/api.w.org\/{rel}","templated":true}]}}