{"id":91537,"date":"2023-11-06T14:48:47","date_gmt":"2023-11-06T09:48:47","guid":{"rendered":"https:\/\/zamanturkmenistan.com.tm\/?p=91537"},"modified":"2023-11-06T14:48:47","modified_gmt":"2023-11-06T09:48:47","slug":"ukraina-prezident-saylawlaryny-gecirmekci","status":"publish","type":"post","link":"https:\/\/zamanturkmenistan.com.tm\/?p=91537","title":{"rendered":"Ukraina Prezident sa\u00fdlawlaryny ge\u00e7irmek\u00e7i"},"content":{"rendered":"<p>Uk\u00adrai\u00adna\u00adny\u0148 Pre\u00adzi\u00adden\u00adti Wla\u00addi\u00admir Ze\u00adlens\u00adki\u00fd Pre\u00adzi\u00addent ad\u00admi\u00adnist\u00adra\u00adsi\u00ad\u00fda\u00adsy\u00adny\u0148 we\u00adkil\u00adle\u00adri\u00adne 2024-nji \u00fdy\u00adly\u0148 \u00fda\u00adzyn\u00adda \u00fdurt\u00adda ge\u00ad\u00e7i\u00adril\u00adjek sa\u00fd\u00adlaw\u00adla\u00adra ta\u00ad\u00fdyn\u00adlyk g\u00f6r\u00adme\u00adgi tab\u00ad\u015fyr\u00addy. BU ba\u00adra\u00adda \u201cRa\u00adda\u201d-ny\u0148 halk de\u00adpu\u00adta\u00adty Alek\u00adse\u00fd Gon\u00ad\u00e7a\u00adren\u00adko \u00fdur\u00addu\u0148 \u201cEsp\u00adre\u00adso\u201d te\u00adle\u00ad\u00fda\u00fd\u00adly\u00admyn\u00adda m\u00e4\u00adlim et\u00addi.<br \/>\nOn\u00addan \u00f6\u0148 Uk\u00adrai\u00adna\u00adny\u0148 da\u00ad\u015fa\u00adry i\u015f\u00adler mi\u00adnist\u00adri Dmit\u00adri\u00fd Ku\u00adle\u00adba Ze\u00adlens\u00adki\u00adni\u0148 2024-nji \u00fdy\u00adly\u0148 \u00fda\u00adzyn\u00adda \u00fdurt\u00adda Pre\u00adzi\u00addent sa\u00fd\u00adlaw\u00adla\u00adry\u00adny ge\u00ad\u00e7ir\u00admek m\u00fcm\u00adkin\u00ad\u00e7i\u00adli\u00adgi\u00adne ga\u00adra\u00fd\u00adnan\u00addy\u00adgy\u00adny ha\u00adbar ber\u00addi.<br \/>\n-Wla\u00addi\u00admir Ze\u00adlens\u00adki\u00fd in\u00addi\u00adki \u00fdyl Pre\u00adzi\u00addent sa\u00fd\u00adlaw\u00adla\u00adry\u00adny ge\u00ad\u00e7ir\u00admek ka\u00adra\u00adry\u00adna gel\u00addi. Ol Pre\u00adzi\u00adden\u00adti\u0148 ad\u00admi\u00adnist\u00adra\u00adsi\u00ad\u00fda\u00adsy\u00adny\u0148 we\u00adkil\u00adle\u00adri\u00adne 2024-nji \u00fdy\u00adly\u0148 31-nji mar\u00adtyn\u00adda ge\u00ad\u00e7i\u00adril\u00adjek Pre\u00adzi\u00addent sa\u00fd\u00adlaw\u00adla\u00adry\u00adna ta\u00ad\u00fdyn\u00adlyk g\u00f6r\u00adme\u00adgi tab\u00ad\u015fyr\u00addy. Bu Kons\u00adti\u00adtu\u00adsi\u00ad\u00fda m\u00f6h\u00adle\u00adti &#8211; mart a\u00fdy\u00adny\u0148 so\u0148\u00adky \u00fdek\u00ad\u015fen\u00adbe\u00adsi&#8221; di\u00ad\u00fdip, agent\u00adlik Gon\u00ad\u00e7a\u00adren\u00adko\u00adny\u0148 Uk\u00adrai\u00adna\u00adny\u0148 \u201cEsp\u00adre\u00adso\u201d te\u00adle\u00ad\u00fda\u00fd\u00adly\u00admyn\u00adda a\u00fd\u00addan s\u00f6z\u00adle\u00adri\u00adne sal\u00adgy\u00adlan\u00ad\u00fdar.<br \/>\nZe\u00adlens\u00adki\u00adni\u0148 ozal bel\u00adle\u00fd\u00ad\u015fi \u00fda\u00adly, h\u00e4\u00adzir\u00adki \u00fdag\u00adda\u00fd\u00adda sa\u00fd\u00adlaw ge\u00ad\u00e7ir\u00admek d\u00fcrs d\u00e4l\u00addir, \u00fd\u00f6\u00adne par\u00adla\u00adment de\u00adgi\u015f\u00adli ka\u00adnun\u00ad\u00e7y\u00adlyk \u00fc\u00fdt\u00adget\u00adme\u00adle\u00adri\u00adni gol\u00adda\u00ad\u00fdan bol\u00adsa, \u015fe\u00fd\u00adle m\u00fcm\u00adkin\u00ad\u00e7i\u00adlik bar.<\/p>\n","protected":false},"excerpt":{"rendered":"<p>Uk\u00adrai\u00adna\u00adny\u0148 Pre\u00adzi\u00adden\u00adti Wla\u00addi\u00admir Ze\u00adlens\u00adki\u00fd Pre\u00adzi\u00addent ad\u00admi\u00adnist\u00adra\u00adsi\u00ad\u00fda\u00adsy\u00adny\u0148 we\u00adkil\u00adle\u00adri\u00adne 2024-nji \u00fdy\u00adly\u0148 \u00fda\u00adzyn\u00adda \u00fdurt\u00adda ge\u00ad\u00e7i\u00adril\u00adjek sa\u00fd\u00adlaw\u00adla\u00adra ta\u00ad\u00fdyn\u00adlyk g\u00f6r\u00adme\u00adgi tab\u00ad\u015fyr\u00addy. BU ba\u00adra\u00adda \u201cRa\u00adda\u201d-ny\u0148 halk de\u00adpu\u00adta\u00adty Alek\u00adse\u00fd Gon\u00ad\u00e7a\u00adren\u00adko \u00fdur\u00addu\u0148 \u201cEsp\u00adre\u00adso\u201d te\u00adle\u00ad\u00fda\u00fd\u00adly\u00admyn\u00adda m\u00e4\u00adlim et\u00addi. On\u00addan \u00f6\u0148 Uk\u00adrai\u00adna\u00adny\u0148 da\u00ad\u015fa\u00adry i\u015f\u00adler mi\u00adnist\u00adri Dmit\u00adri\u00fd Ku\u00adle\u00adba Ze\u00adlens\u00adki\u00adni\u0148 2024-nji \u00fdy\u00adly\u0148 \u00fda\u00adzyn\u00adda \u00fdurt\u00adda Pre\u00adzi\u00addent sa\u00fd\u00adlaw\u00adla\u00adry\u00adny ge\u00ad\u00e7ir\u00admek m\u00fcm\u00adkin\u00ad\u00e7i\u00adli\u00adgi\u00adne ga\u00adra\u00fd\u00adnan\u00addy\u00adgy\u00adny ha\u00adbar ber\u00addi. -Wla\u00addi\u00admir Ze\u00adlens\u00adki\u00fd in\u00addi\u00adki \u00fdyl Pre\u00adzi\u00addent sa\u00fd\u00adlaw\u00adla\u00adry\u00adny ge\u00ad\u00e7ir\u00admek [&hellip;]<\/p>\n","protected":false},"author":2,"featured_media":91538,"comment_status":"open","ping_status":"closed","sticky":false,"template":"","format":"standard","meta":{"footnotes":""},"categories":[5],"tags":[],"acf":[],"_links":{"self":[{"href":"https:\/\/zamanturkmenistan.com.tm\/index.php?rest_route=\/wp\/v2\/posts\/91537"}],"collection":[{"href":"https:\/\/zamanturkmenistan.com.tm\/index.php?rest_route=\/wp\/v2\/posts"}],"about":[{"href":"https:\/\/zamanturkmenistan.com.tm\/index.php?rest_route=\/wp\/v2\/types\/post"}],"author":[{"embeddable":true,"href":"https:\/\/zamanturkmenistan.com.tm\/index.php?rest_route=\/wp\/v2\/users\/2"}],"replies":[{"embeddable":true,"href":"https:\/\/zamanturkmenistan.com.tm\/index.php?rest_route=%2Fwp%2Fv2%2Fcomments&post=91537"}],"version-history":[{"count":1,"href":"https:\/\/zamanturkmenistan.com.tm\/index.php?rest_route=\/wp\/v2\/posts\/91537\/revisions"}],"predecessor-version":[{"id":91539,"href":"https:\/\/zamanturkmenistan.com.tm\/index.php?rest_route=\/wp\/v2\/posts\/91537\/revisions\/91539"}],"wp:featuredmedia":[{"embeddable":true,"href":"https:\/\/zamanturkmenistan.com.tm\/index.php?rest_route=\/wp\/v2\/media\/91538"}],"wp:attachment":[{"href":"https:\/\/zamanturkmenistan.com.tm\/index.php?rest_route=%2Fwp%2Fv2%2Fmedia&parent=91537"}],"wp:term":[{"taxonomy":"category","embeddable":true,"href":"https:\/\/zamanturkmenistan.com.tm\/index.php?rest_route=%2Fwp%2Fv2%2Fcategories&post=91537"},{"taxonomy":"post_tag","embeddable":true,"href":"https:\/\/zamanturkmenistan.com.tm\/index.php?rest_route=%2Fwp%2Fv2%2Ftags&post=91537"}],"curies":[{"name":"wp","href":"https:\/\/api.w.org\/{rel}","templated":true}]}}