{"id":91589,"date":"2023-11-06T15:43:02","date_gmt":"2023-11-06T10:43:02","guid":{"rendered":"https:\/\/zamanturkmenistan.com.tm\/?p=91589"},"modified":"2023-11-06T17:51:05","modified_gmt":"2023-11-06T12:51:05","slug":"tesla-arzan-elektroulag-ondurer","status":"publish","type":"post","link":"https:\/\/zamanturkmenistan.com.tm\/?p=91589","title":{"rendered":"\u201cTesla\u201d arzan elektroulag \u00f6nd\u00fcrer"},"content":{"rendered":"<p>\u201cTes\u00adla\u201d kom\u00adpa\u00adni\u00ad\u00fda\u00adsy Ger\u00adma\u00adni\u00ad\u00fda\u00adny\u0148 Ber\u00adlin \u015f\u00e4\u00adhe\u00adrin\u00add\u00e4\u00adki za\u00adwo\u00addyn\u00adda ar\u00adzan ba\u00adha\u00adly elekt\u00adrou\u00adlag \u00f6n\u00fcm\u00ad\u00e7i\u00adli\u00adgi\u00adne ba\u015f\u00adla\u00adma\u00adgy me\u00ad\u00fdil\u00adle\u015f\u00addir\u00ad\u00fd\u00e4r. Elekt\u00adrou\u00adla\u00adgy\u0148 ba\u00adha\u00adsy\u00adny\u0148 25 m\u00fc\u0148 \u00fdew\u00adro bol\u00adma\u00adgy\u00adna ga\u00adra\u00ad\u015fyl\u00ad\u00fdar. Komp\u00adni\u00ad\u00fda\u00adny\u0148 i\u0148 ar\u00adzan ba\u00adha\u00adly elekt\u00adrou\u00adlag\u00adla\u00adry 30 m\u00fc\u0148 dol\u00adlar\u00addan hem \u00fdo\u00adkar\u00adda. Mun\u00addan ozal 2020-nji \u00fdyl\u00adda kom\u00adpa\u00adni\u00ad\u00fda\u00adny\u0148 \u00fdol\u00adba\u015f\u00ad\u00e7y\u00adsy Ilan Mask Ber\u00adlin\u00add\u00e4\u00adki za\u00adwo\u00adda ba\u00adran\u00adda, \u00fc\u00e7 \u00fdy\u00adly\u0148 do\u00adwa\u00admyn\u00adda has ar\u00adzan elekt\u00adrou\u00adlag \u00f6n\u00add\u00fc\u00adril\u00adme\u00adgi ba\u00adra\u00adda\u00adky tas\u00adla\u00adma\u00adny\u0148 bar\u00addy\u00adgy\u00adny bel\u00adl\u00e4p\u00addi. T\u00e4\u00adze elekt\u00adrou\u00adla\u00adgy\u0148 sa\u00adtu\u00adwa \u00e7y\u00adka\u00adryl\u00adma\u00adgy bi\u00adlen \u201cTes\u00adla\u00adlar\u201d has k\u00f6p m\u00fc\u015f\u00adde\u00adri \u00fc\u00e7in el\u00ad\u00fde\u00adter\u00adli bo\u00adlar. Kom\u00adpa\u00adni\u00ad\u00fda 2030-njy \u00fdyl\u00adda \u00f6n\u00fcm\u00ad\u00e7i\u00adli\u00adgi\u00adni 20 mil\u00adlio\u00adna \u00fde\u00adtir\u00adme\u00adgi me\u00ad\u00fdil\u00adle\u015f\u00addir\u00ad\u00fd\u00e4r. Bu g\u00f6r\u00adke\u00adzi\u00adji is\u00adlen\u00addik aw\u00adtou\u00adlag \u00f6n\u00add\u00fc\u00adri\u00adji\u00adsi \u00fc\u00e7in \u00f6r\u00e4n \u00fdo\u00adka\u00adry ha\u00adsap\u00adlan\u00ad\u00fdar. D\u00fcn\u00ad\u00fd\u00e4\u00adni\u0148 i\u0148 k\u00f6p aw\u00adtou\u00adlag \u00f6n\u00add\u00fcr\u00ad\u00fd\u00e4n kom\u00adpa\u00adni\u00ad\u00fda\u00adla\u00adry bo\u00adlan \u201cToyo\u00adta\u201d hem-de \u201cVolks\u00adwa\u00adgen\u201d her bi\u00adri \u00fdyl\u00adda or\u00adta\u00ad\u00e7a 10 mil\u00adlio\u00adna go\u00adla\u00fd ulag \u00f6n\u00add\u00fcr\u00ad\u00fd\u00e4r. Go\u00adla\u00fd\u00adda \u201cTes\u00adla\u201d h\u00e4\u00adzir\u00adki \u00f6n\u00add\u00fcr\u00ad\u00fd\u00e4n ulag\u00adla\u00adry\u00adny\u0148 hem ba\u00adha\u00adsy\u00adny ar\u00adzan\u00adla\u00addyp\u00addy.<\/p>\n<p style=\"text-align: right;\"><strong>Ser\u00addar Bak\u00adga\u00adlow, T\u00fcrk\u00admen d\u00f6w\u00adlet ma\u00adli\u00ad\u00fde ins\u00adti\u00adtu\u00adty\u00adny\u0148 ta\u00adly\u00adby.<\/strong><\/p>\n","protected":false},"excerpt":{"rendered":"<p>\u201cTes\u00adla\u201d kom\u00adpa\u00adni\u00ad\u00fda\u00adsy Ger\u00adma\u00adni\u00ad\u00fda\u00adny\u0148 Ber\u00adlin \u015f\u00e4\u00adhe\u00adrin\u00add\u00e4\u00adki za\u00adwo\u00addyn\u00adda ar\u00adzan ba\u00adha\u00adly elekt\u00adrou\u00adlag \u00f6n\u00fcm\u00ad\u00e7i\u00adli\u00adgi\u00adne ba\u015f\u00adla\u00adma\u00adgy me\u00ad\u00fdil\u00adle\u015f\u00addir\u00ad\u00fd\u00e4r. Elekt\u00adrou\u00adla\u00adgy\u0148 ba\u00adha\u00adsy\u00adny\u0148 25 m\u00fc\u0148 \u00fdew\u00adro bol\u00adma\u00adgy\u00adna ga\u00adra\u00ad\u015fyl\u00ad\u00fdar. Komp\u00adni\u00ad\u00fda\u00adny\u0148 i\u0148 ar\u00adzan ba\u00adha\u00adly elekt\u00adrou\u00adlag\u00adla\u00adry 30 m\u00fc\u0148 dol\u00adlar\u00addan hem \u00fdo\u00adkar\u00adda. Mun\u00addan ozal 2020-nji \u00fdyl\u00adda kom\u00adpa\u00adni\u00ad\u00fda\u00adny\u0148 \u00fdol\u00adba\u015f\u00ad\u00e7y\u00adsy Ilan Mask Ber\u00adlin\u00add\u00e4\u00adki za\u00adwo\u00adda ba\u00adran\u00adda, \u00fc\u00e7 \u00fdy\u00adly\u0148 do\u00adwa\u00admyn\u00adda has ar\u00adzan elekt\u00adrou\u00adlag \u00f6n\u00add\u00fc\u00adril\u00adme\u00adgi ba\u00adra\u00adda\u00adky tas\u00adla\u00adma\u00adny\u0148 bar\u00addy\u00adgy\u00adny bel\u00adl\u00e4p\u00addi. T\u00e4\u00adze elekt\u00adrou\u00adla\u00adgy\u0148 sa\u00adtu\u00adwa \u00e7y\u00adka\u00adryl\u00adma\u00adgy [&hellip;]<\/p>\n","protected":false},"author":2,"featured_media":91590,"comment_status":"open","ping_status":"closed","sticky":false,"template":"","format":"standard","meta":{"footnotes":""},"categories":[5],"tags":[],"acf":[],"_links":{"self":[{"href":"https:\/\/zamanturkmenistan.com.tm\/index.php?rest_route=\/wp\/v2\/posts\/91589"}],"collection":[{"href":"https:\/\/zamanturkmenistan.com.tm\/index.php?rest_route=\/wp\/v2\/posts"}],"about":[{"href":"https:\/\/zamanturkmenistan.com.tm\/index.php?rest_route=\/wp\/v2\/types\/post"}],"author":[{"embeddable":true,"href":"https:\/\/zamanturkmenistan.com.tm\/index.php?rest_route=\/wp\/v2\/users\/2"}],"replies":[{"embeddable":true,"href":"https:\/\/zamanturkmenistan.com.tm\/index.php?rest_route=%2Fwp%2Fv2%2Fcomments&post=91589"}],"version-history":[{"count":1,"href":"https:\/\/zamanturkmenistan.com.tm\/index.php?rest_route=\/wp\/v2\/posts\/91589\/revisions"}],"predecessor-version":[{"id":91591,"href":"https:\/\/zamanturkmenistan.com.tm\/index.php?rest_route=\/wp\/v2\/posts\/91589\/revisions\/91591"}],"wp:featuredmedia":[{"embeddable":true,"href":"https:\/\/zamanturkmenistan.com.tm\/index.php?rest_route=\/wp\/v2\/media\/91590"}],"wp:attachment":[{"href":"https:\/\/zamanturkmenistan.com.tm\/index.php?rest_route=%2Fwp%2Fv2%2Fmedia&parent=91589"}],"wp:term":[{"taxonomy":"category","embeddable":true,"href":"https:\/\/zamanturkmenistan.com.tm\/index.php?rest_route=%2Fwp%2Fv2%2Fcategories&post=91589"},{"taxonomy":"post_tag","embeddable":true,"href":"https:\/\/zamanturkmenistan.com.tm\/index.php?rest_route=%2Fwp%2Fv2%2Ftags&post=91589"}],"curies":[{"name":"wp","href":"https:\/\/api.w.org\/{rel}","templated":true}]}}