{"id":91595,"date":"2023-11-06T19:31:15","date_gmt":"2023-11-06T14:31:15","guid":{"rendered":"https:\/\/zamanturkmenistan.com.tm\/?p=91595"},"modified":"2023-11-07T09:39:22","modified_gmt":"2023-11-07T04:39:22","slug":"minskde-guyz-2023-tohum-atlaryn-halkara-sergisi-gecirilyar","status":"publish","type":"post","link":"https:\/\/zamanturkmenistan.com.tm\/?p=91595","title":{"rendered":"Minskde \u201cG\u00fc\u00fdz-2023\u201d tohum atlary\u0148 halkara sergisi ge\u00e7iril\u00fd\u00e4r"},"content":{"rendered":"<p>4-nji no\u00ad\u00fdabr\u00addan 7-nji no\u00ad\u00fdabr ara\u00adly\u00adgyn\u00adda Minsk\u00adde aras\u00adsa to\u00adhum at\u00adla\u00adry\u0148 \u201cG\u00fc\u00fdz &#8211; 2023\u201d ser\u00adgi\u00adsi ge\u00ad\u00e7i\u00adril\u00ad\u00fd\u00e4r. At ser\u00adgi\u00adsi Be\u00adla\u00adrus\u00adda k\u00f6p to\u00adhum at\u00adla\u00adry, \u00f6\u0148\u00adde\u00adba\u00adry\u00adjy at\u00ad\u00e7y\u00adlyk za\u00adwod\u00adla\u00adry\u00adny\u0148 e\u00fde\u00adle\u00adri\u00adni, \u015fe\u00fd\u00adle hem at\u00ad\u00e7y\u00adlyk pu\u00adda\u00adgy\u00adny\u0148 we\u00adkil\u00adle\u00adri\u00adni bir \u00fde\u00adre jem\u00adle\u00ad\u00fd\u00e4n wa\u00adka\u00addyr.<br \/>\n\u00dd\u00fck\u00ad\u00e7i \u00fda\u00adby\u00adlar, go\u00ad\u015ful\u00ad\u00fdan at\u00adlar hem-de m\u00fc\u00adn\u00fcl\u00ad\u00fd\u00e4n at\u00adlar \u00f6z ara\u00adla\u00adryn\u00adda \u00e7em\u00adpi\u00adon de\u00adre\u00adje\u00adsi\u00adne e\u00fde bol\u00admak b\u00e4s\u00adle\u015f\u00ad\u00fd\u00e4r\u00adler. Umu\u00adman, ser\u00adgi\u00adde Be\u00adla\u00adrus\u00addan we da\u00ad\u015fa\u00adry \u00fdurt\u00adlar\u00addan i\u0148 go\u00adwy 50 t\u00f6\u00adwe\u00adre\u00adgi at g\u00f6r\u00adke\u00adzil\u00ad\u00fd\u00e4r.<\/p>\n","protected":false},"excerpt":{"rendered":"<p>4-nji no\u00ad\u00fdabr\u00addan 7-nji no\u00ad\u00fdabr ara\u00adly\u00adgyn\u00adda Minsk\u00adde aras\u00adsa to\u00adhum at\u00adla\u00adry\u0148 \u201cG\u00fc\u00fdz &#8211; 2023\u201d ser\u00adgi\u00adsi ge\u00ad\u00e7i\u00adril\u00ad\u00fd\u00e4r. At ser\u00adgi\u00adsi Be\u00adla\u00adrus\u00adda k\u00f6p to\u00adhum at\u00adla\u00adry, \u00f6\u0148\u00adde\u00adba\u00adry\u00adjy at\u00ad\u00e7y\u00adlyk za\u00adwod\u00adla\u00adry\u00adny\u0148 e\u00fde\u00adle\u00adri\u00adni, \u015fe\u00fd\u00adle hem at\u00ad\u00e7y\u00adlyk pu\u00adda\u00adgy\u00adny\u0148 we\u00adkil\u00adle\u00adri\u00adni bir \u00fde\u00adre jem\u00adle\u00ad\u00fd\u00e4n wa\u00adka\u00addyr. \u00dd\u00fck\u00ad\u00e7i \u00fda\u00adby\u00adlar, go\u00ad\u015ful\u00ad\u00fdan at\u00adlar hem-de m\u00fc\u00adn\u00fcl\u00ad\u00fd\u00e4n at\u00adlar \u00f6z ara\u00adla\u00adryn\u00adda \u00e7em\u00adpi\u00adon de\u00adre\u00adje\u00adsi\u00adne e\u00fde bol\u00admak b\u00e4s\u00adle\u015f\u00ad\u00fd\u00e4r\u00adler. Umu\u00adman, ser\u00adgi\u00adde Be\u00adla\u00adrus\u00addan we da\u00ad\u015fa\u00adry \u00fdurt\u00adlar\u00addan i\u0148 go\u00adwy [&hellip;]<\/p>\n","protected":false},"author":2,"featured_media":91596,"comment_status":"open","ping_status":"closed","sticky":false,"template":"","format":"standard","meta":{"footnotes":""},"categories":[5],"tags":[],"acf":[],"_links":{"self":[{"href":"https:\/\/zamanturkmenistan.com.tm\/index.php?rest_route=\/wp\/v2\/posts\/91595"}],"collection":[{"href":"https:\/\/zamanturkmenistan.com.tm\/index.php?rest_route=\/wp\/v2\/posts"}],"about":[{"href":"https:\/\/zamanturkmenistan.com.tm\/index.php?rest_route=\/wp\/v2\/types\/post"}],"author":[{"embeddable":true,"href":"https:\/\/zamanturkmenistan.com.tm\/index.php?rest_route=\/wp\/v2\/users\/2"}],"replies":[{"embeddable":true,"href":"https:\/\/zamanturkmenistan.com.tm\/index.php?rest_route=%2Fwp%2Fv2%2Fcomments&post=91595"}],"version-history":[{"count":1,"href":"https:\/\/zamanturkmenistan.com.tm\/index.php?rest_route=\/wp\/v2\/posts\/91595\/revisions"}],"predecessor-version":[{"id":91597,"href":"https:\/\/zamanturkmenistan.com.tm\/index.php?rest_route=\/wp\/v2\/posts\/91595\/revisions\/91597"}],"wp:featuredmedia":[{"embeddable":true,"href":"https:\/\/zamanturkmenistan.com.tm\/index.php?rest_route=\/wp\/v2\/media\/91596"}],"wp:attachment":[{"href":"https:\/\/zamanturkmenistan.com.tm\/index.php?rest_route=%2Fwp%2Fv2%2Fmedia&parent=91595"}],"wp:term":[{"taxonomy":"category","embeddable":true,"href":"https:\/\/zamanturkmenistan.com.tm\/index.php?rest_route=%2Fwp%2Fv2%2Fcategories&post=91595"},{"taxonomy":"post_tag","embeddable":true,"href":"https:\/\/zamanturkmenistan.com.tm\/index.php?rest_route=%2Fwp%2Fv2%2Ftags&post=91595"}],"curies":[{"name":"wp","href":"https:\/\/api.w.org\/{rel}","templated":true}]}}