{"id":91637,"date":"2023-11-07T11:51:26","date_gmt":"2023-11-07T06:51:26","guid":{"rendered":"https:\/\/zamanturkmenistan.com.tm\/?p=91637"},"modified":"2023-11-07T11:51:26","modified_gmt":"2023-11-07T06:51:26","slug":"premyer-ministr-wezipesine-hodurlendi","status":"publish","type":"post","link":"https:\/\/zamanturkmenistan.com.tm\/?p=91637","title":{"rendered":"Prem\u00fder-ministr wezipesine h\u00f6d\u00fcrlendi"},"content":{"rendered":"<p>Pol\u00ad\u015fa\u00adny\u0148 Pre\u00adzi\u00adden\u00adti An\u00adje\u00fd Du\u00adda Res\u00adpub\u00adli\u00adka\u00adny\u0148 Prem\u00ad\u00fder-mi\u00adnist\u00adri we\u00adzi\u00adpe\u00adsi\u00adne Ma\u00adte\u00adu\u015f Mo\u00adra\u00adwes\u00adki\u00adni\u0148 da\u00adla\u015f\u00adg\u00e4r\u00adli\u00adgi\u00adni h\u00f6\u00add\u00fcr\u00adle\u00admek ka\u00adra\u00adry\u00adna gel\u00addi. Ol bu ka\u00adra\u00adry\u00adny par\u00adla\u00admen\u00adti\u0148 a\u015fa\u00adky pa\u00adla\u00adta\u00adsy Se\u00fd\u00admi\u0148 ga\u00adra\u00adma\u00adgy\u00adna h\u00f6\u00add\u00fcr\u00adle\u00addi.<br \/>\nAn\u00adje\u00fd Du\u00adda te\u00adle\u00adwi\u00adde\u00adni\u00ad\u00fde\u00adde eden \u00e7y\u00adky\u00ad\u015fyn\u00adda: &#8211; Ge\u00ad\u00e7i\u00adri\u00adlen mas\u00adla\u00adhat\u00adla\u00adry\u0148 do\u00adwa\u00admyn\u00adda her bir par\u00adti\u00ad\u00fda t\u00e4\u00adze Se\u00fdm\u00adde \u00f6z da\u00adla\u015f\u00adg\u00e4\u00adri\u00adni we umu\u00adman gel\u00adjek\u00adki h\u00f6\u00adk\u00fc\u00adme\u00adti gol\u00adda\u00admak \u00fc\u00e7in ze\u00adrur k\u00f6p\u00adl\u00fc\u00adgi \u00fdyg\u00adna\u00adjak\u00addy\u00adgy\u00adna ynam bil\u00addir\u00addi \u2013 di\u00ad\u00fdip bel\u00adle\u00addi. \u2013 \u00c7yn\u00adla\u00adka\u00fd sel\u00adje\u00adri\u015f\u00adler\u00adden we ge\u00ad\u0148e\u015f\u00adme\u00adler\u00adden so\u0148 h\u00f6\u00adk\u00fc\u00admet gur\u00admak we\u00adzi\u00adpe\u00adsi\u00adni Prem\u00ad\u00fder-mi\u00adnistr Ma\u00adte\u00adu\u015f Mo\u00adra\u00adwes\u00adki\u00fd tab\u00ad\u015fyr\u00admak ka\u00adra\u00adry\u00adna gel\u00addim \u2013 di\u00ad\u00fdip Pre\u00adzi\u00addent a\u00fdt\u00addy. Ma\u00adte\u00adu\u015f Mo\u00adra\u00adwes\u00adki\u00fd h\u00e4\u00adzir\u00adki h\u00f6\u00adk\u00fc\u00admet ba\u015f\u00adly\u00adgy\u00addyr.<br \/>\n-Eger-de h\u00e4\u00adki\u00admi\u00ad\u00fdet ba\u00ad\u015fyn\u00adda\u00adky \u201cKa\u00adnun we ada\u00adlat\u201d par\u00adti\u00ad\u00fda\u00adsy\u00adny\u0148 mis\u00adsi\u00ad\u00fda\u00adsy ba\u00ad\u015fa bar\u00adma\u00adsa, in\u00addi\u00adki tap\u00adgyr\u00adda Se\u00fdm Prem\u00ad\u00fder-mi\u00adnistr\u00adli\u00adge da\u00adla\u015f\u00adg\u00e4\u00adri\u00adni sa\u00fd\u00adlar, \u015fon\u00adda men Mu\u00adra\u00adwes\u00adki\u00adni der\u00adrew \u015fu we\u00adzi\u00adp\u00e4 bel\u00adl\u00e4\u00adrin. Bu ugur\u00adda \u00e4h\u00adli Kons\u00adti\u00adtu\u00adsi\u00ad\u00fda d\u00fcz\u00adg\u00fcn\u00adle\u00adri we m\u00f6h\u00adlet\u00adle\u00adri ber\u00adja\u00fd edi\u00adler &#8211; di\u00ad\u00fdip An\u00adje\u00fd Du\u00adda bel\u00adle\u00addi.<br \/>\nBu ka\u00adrar, op\u00adpo\u00adzi\u00adsi\u00ad\u00fda\u00adny\u0148 ta\u00adrap\u00addar\u00adla\u00adry\u00adny\u0148 bu we\u00adzi\u00adp\u00e4\u00adni\u0148 Do\u00adnald Tus\u00adka yna\u00adnyl\u00adma\u00adgy\u00adna ga\u00adra\u015f\u00ad\u00fdan\u00addyk\u00adla\u00adry\u00adna ga\u00adra\u00admaz\u00addan ka\u00adbul edil\u00addi, se\u00adb\u00e4\u00adbi so\u0148\u00adky par\u00adla\u00adment sa\u00fd\u00adlaw\u00adla\u00adry\u00adny\u0148 ne\u00adti\u00adje\u00adle\u00adrin\u00adden so\u0148 par\u00adla\u00adment\u00add\u00e4\u00adki orun\u00adla\u00adry\u0148 k\u00f6\u00adp\u00fc\u00adsi\u00adni op\u00adpo\u00adzi\u00adsi\u00ad\u00fda par\u00adti\u00ad\u00fda\u00adla\u00adry al\u00addy. Par\u00adla\u00adment sa\u00fd\u00adlaw\u00adla\u00adry\u00adny\u0148 ne\u00adti\u00adje\u00adle\u00adri h\u00e4\u00adki\u00admi\u00ad\u00fdet ba\u00ad\u015fyn\u00adda\u00adky \u201cKa\u00adnun we Ada\u00adlat\u201d par\u00adti\u00ad\u00fda\u00adsy\u00adna \u00f6z\u00adba\u015f\u00addak h\u00f6\u00adk\u00fc\u00adme\u00adti d\u00f6\u00adret\u00adm\u00e4\u00adge m\u00fcm\u00adkin\u00ad\u00e7i\u00adlik ber\u00adme\u00ad\u00fd\u00e4r. Eger-de Mo\u00adra\u00adwes\u00adki\u00fd \u00fda\u00adran\u00adla\u00adry ta\u00adpyp bil\u00adme\u00adse, Mi\u00adnistr\u00adler Ka\u00adbi\u00adne\u00adti\u00adni d\u00f6\u00adret\u00admek hu\u00adku\u00adgy \u201cRa\u00ad\u00fdat koa\u00adli\u00adsi\u00ad\u00fda\u00adsy\u00adny\u0148\u201d li\u00adde\u00adri Do\u00adnald Tus\u00adka ge\u00e7\u00ad\u00fd\u00e4r.<br \/>\n15-nji okt\u00ad\u00fdabr\u00adda ge\u00ad\u00e7i\u00adri\u00adlen par\u00adla\u00adment sa\u00fd\u00adlaw\u00adla\u00adry\u00adny\u0148 ne\u00adti\u00adje\u00adle\u00adri\u00adne g\u00f6\u00adr\u00e4, do\u00adlan\u00addy\u00adry\u00adjy \u201cKa\u00adnun we Ada\u00adlat\u201d par\u00adti\u00ad\u00fda\u00adsy ses\u00adle\u00adri\u0148 k\u00f6\u00adp\u00fc\u00adsi\u00adne e\u00fde bol\u00addy (35,38%). \u201cRa\u00ad\u00fdat koa\u00adli\u00adsi\u00ad\u00fda\u00adsy\u201d bir\u00adle\u00ad\u015fi\u00adgi 30,7%, \u201c\u00dc\u00e7\u00fcn\u00adji \u00fdol\u201d bir\u00adle\u00ad\u015fi\u00adgi 14,4%, we \u201c\u00c7ep\u201d par\u00adti\u00ad\u00fda\u00adsy 8,61% se\u00adse e\u00fde bol\u00addy. Bu \u00fc\u00e7 op\u00adpo\u00adzi\u00adsi\u00ad\u00fda g\u00fc\u00fd\u00e7\u00adle\u00adri\u00adni\u0148 bi\u00adle\u00adlik\u00add\u00e4\u00adki ne\u00adti\u00adje\u00adsi, Se\u00fdm\u00adde k\u00f6p\u00adl\u00fck ga\u00adzan\u00admak we h\u00f6\u00adk\u00fc\u00admet gur\u00admak \u00fc\u00e7in hu\u00adkuk ga\u00adzan\u00adma\u00adga m\u00fcm\u00adkin\u00ad\u00e7i\u00adlik be\u00adrer.<\/p>\n","protected":false},"excerpt":{"rendered":"<p>Pol\u00ad\u015fa\u00adny\u0148 Pre\u00adzi\u00adden\u00adti An\u00adje\u00fd Du\u00adda Res\u00adpub\u00adli\u00adka\u00adny\u0148 Prem\u00ad\u00fder-mi\u00adnist\u00adri we\u00adzi\u00adpe\u00adsi\u00adne Ma\u00adte\u00adu\u015f Mo\u00adra\u00adwes\u00adki\u00adni\u0148 da\u00adla\u015f\u00adg\u00e4r\u00adli\u00adgi\u00adni h\u00f6\u00add\u00fcr\u00adle\u00admek ka\u00adra\u00adry\u00adna gel\u00addi. Ol bu ka\u00adra\u00adry\u00adny par\u00adla\u00admen\u00adti\u0148 a\u015fa\u00adky pa\u00adla\u00adta\u00adsy Se\u00fd\u00admi\u0148 ga\u00adra\u00adma\u00adgy\u00adna h\u00f6\u00add\u00fcr\u00adle\u00addi. An\u00adje\u00fd Du\u00adda te\u00adle\u00adwi\u00adde\u00adni\u00ad\u00fde\u00adde eden \u00e7y\u00adky\u00ad\u015fyn\u00adda: &#8211; Ge\u00ad\u00e7i\u00adri\u00adlen mas\u00adla\u00adhat\u00adla\u00adry\u0148 do\u00adwa\u00admyn\u00adda her bir par\u00adti\u00ad\u00fda t\u00e4\u00adze Se\u00fdm\u00adde \u00f6z da\u00adla\u015f\u00adg\u00e4\u00adri\u00adni we umu\u00adman gel\u00adjek\u00adki h\u00f6\u00adk\u00fc\u00adme\u00adti gol\u00adda\u00admak \u00fc\u00e7in ze\u00adrur k\u00f6p\u00adl\u00fc\u00adgi \u00fdyg\u00adna\u00adjak\u00addy\u00adgy\u00adna ynam bil\u00addir\u00addi \u2013 di\u00ad\u00fdip bel\u00adle\u00addi. \u2013 \u00c7yn\u00adla\u00adka\u00fd sel\u00adje\u00adri\u015f\u00adler\u00adden [&hellip;]<\/p>\n","protected":false},"author":2,"featured_media":91643,"comment_status":"open","ping_status":"closed","sticky":false,"template":"","format":"standard","meta":{"footnotes":""},"categories":[5],"tags":[],"acf":[],"_links":{"self":[{"href":"https:\/\/zamanturkmenistan.com.tm\/index.php?rest_route=\/wp\/v2\/posts\/91637"}],"collection":[{"href":"https:\/\/zamanturkmenistan.com.tm\/index.php?rest_route=\/wp\/v2\/posts"}],"about":[{"href":"https:\/\/zamanturkmenistan.com.tm\/index.php?rest_route=\/wp\/v2\/types\/post"}],"author":[{"embeddable":true,"href":"https:\/\/zamanturkmenistan.com.tm\/index.php?rest_route=\/wp\/v2\/users\/2"}],"replies":[{"embeddable":true,"href":"https:\/\/zamanturkmenistan.com.tm\/index.php?rest_route=%2Fwp%2Fv2%2Fcomments&post=91637"}],"version-history":[{"count":1,"href":"https:\/\/zamanturkmenistan.com.tm\/index.php?rest_route=\/wp\/v2\/posts\/91637\/revisions"}],"predecessor-version":[{"id":91644,"href":"https:\/\/zamanturkmenistan.com.tm\/index.php?rest_route=\/wp\/v2\/posts\/91637\/revisions\/91644"}],"wp:featuredmedia":[{"embeddable":true,"href":"https:\/\/zamanturkmenistan.com.tm\/index.php?rest_route=\/wp\/v2\/media\/91643"}],"wp:attachment":[{"href":"https:\/\/zamanturkmenistan.com.tm\/index.php?rest_route=%2Fwp%2Fv2%2Fmedia&parent=91637"}],"wp:term":[{"taxonomy":"category","embeddable":true,"href":"https:\/\/zamanturkmenistan.com.tm\/index.php?rest_route=%2Fwp%2Fv2%2Fcategories&post=91637"},{"taxonomy":"post_tag","embeddable":true,"href":"https:\/\/zamanturkmenistan.com.tm\/index.php?rest_route=%2Fwp%2Fv2%2Ftags&post=91637"}],"curies":[{"name":"wp","href":"https:\/\/api.w.org\/{rel}","templated":true}]}}