{"id":91801,"date":"2023-11-09T08:33:16","date_gmt":"2023-11-09T03:33:16","guid":{"rendered":"https:\/\/zamanturkmenistan.com.tm\/?p=91801"},"modified":"2023-11-09T08:33:16","modified_gmt":"2023-11-09T03:33:16","slug":"turkmenistanyn-parlament-wekiliyetinin-saud-arabystanyna-sapary","status":"publish","type":"post","link":"https:\/\/zamanturkmenistan.com.tm\/?p=91801","title":{"rendered":"T\u00fcrkmenistany\u0148 parlament wekili\u00fdetini\u0148 Saud Arabystanyna sapary"},"content":{"rendered":"<p>6-8-nji no\u00ad\u00fdabr\u00adda T\u00fcrk\u00adme\u00adnis\u00adta\u00adny\u0148 Mej\u00adli\u00adsi\u00adni\u0148 we\u00adki\u00adli\u00ad\u00fde\u00adti i\u015f sa\u00adpa\u00adry bi\u00adlen Sa\u00adud Ara\u00adbys\u00adta\u00adny Pa\u00adty\u00ad\u015fa\u00adly\u00adgyn\u00adda bol\u00ad\u00fdar.<br \/>\nMej\u00adli\u00adsi\u0148 we\u00adkil\u00adle\u00adri Er-Ri\u00ad\u00fdad\u00adda Sa\u00adud Ara\u00adbys\u00adta\u00adny\u00adny\u0148 \u015eu\u00adra ge\u00ad\u0148e\u00ad\u015fi\u00adni\u0148 bi\u00adna\u00adsyn\u00adda ge\u00ad\u00e7i\u00adri\u00adlen Par\u00adla\u00admen\u00adta\u00adra dost\u00adluk to\u00adpa\u00adry\u00adny\u0148 mej\u00adli\u00adsi\u00adne gat\u00adna\u015f\u00addy\u00adlar.<br \/>\nTa\u00adrap\u00adlar iki\u00adta\u00adrap\u00adla\u00ad\u00fdyn esas\u00adda d\u00f6\u00adre\u00addi\u00adlen dost\u00adluk to\u00adpar\u00adla\u00adry\u00adny\u0148 par\u00adla\u00adment i\u015fi bo\u00ad\u00fdun\u00ad\u00e7a tej\u00adri\u00adbe aly\u015f\u00admak \u00fc\u00e7in m\u00fcm\u00adkin\u00ad\u00e7i\u00adlik\u00adle\u00adri art\u00addyr\u00ad\u00fdan\u00addy\u00adgy\u00adny a\u00fd\u00adra\u00adtyn bel\u00adle\u00addi\u00adler.<\/p>\n","protected":false},"excerpt":{"rendered":"<p>6-8-nji no\u00ad\u00fdabr\u00adda T\u00fcrk\u00adme\u00adnis\u00adta\u00adny\u0148 Mej\u00adli\u00adsi\u00adni\u0148 we\u00adki\u00adli\u00ad\u00fde\u00adti i\u015f sa\u00adpa\u00adry bi\u00adlen Sa\u00adud Ara\u00adbys\u00adta\u00adny Pa\u00adty\u00ad\u015fa\u00adly\u00adgyn\u00adda bol\u00ad\u00fdar. Mej\u00adli\u00adsi\u0148 we\u00adkil\u00adle\u00adri Er-Ri\u00ad\u00fdad\u00adda Sa\u00adud Ara\u00adbys\u00adta\u00adny\u00adny\u0148 \u015eu\u00adra ge\u00ad\u0148e\u00ad\u015fi\u00adni\u0148 bi\u00adna\u00adsyn\u00adda ge\u00ad\u00e7i\u00adri\u00adlen Par\u00adla\u00admen\u00adta\u00adra dost\u00adluk to\u00adpa\u00adry\u00adny\u0148 mej\u00adli\u00adsi\u00adne gat\u00adna\u015f\u00addy\u00adlar. Ta\u00adrap\u00adlar iki\u00adta\u00adrap\u00adla\u00ad\u00fdyn esas\u00adda d\u00f6\u00adre\u00addi\u00adlen dost\u00adluk to\u00adpar\u00adla\u00adry\u00adny\u0148 par\u00adla\u00adment i\u015fi bo\u00ad\u00fdun\u00ad\u00e7a tej\u00adri\u00adbe aly\u015f\u00admak \u00fc\u00e7in m\u00fcm\u00adkin\u00ad\u00e7i\u00adlik\u00adle\u00adri art\u00addyr\u00ad\u00fdan\u00addy\u00adgy\u00adny a\u00fd\u00adra\u00adtyn bel\u00adle\u00addi\u00adler.<\/p>\n","protected":false},"author":2,"featured_media":91802,"comment_status":"open","ping_status":"closed","sticky":false,"template":"","format":"standard","meta":{"footnotes":""},"categories":[3],"tags":[],"acf":[],"_links":{"self":[{"href":"https:\/\/zamanturkmenistan.com.tm\/index.php?rest_route=\/wp\/v2\/posts\/91801"}],"collection":[{"href":"https:\/\/zamanturkmenistan.com.tm\/index.php?rest_route=\/wp\/v2\/posts"}],"about":[{"href":"https:\/\/zamanturkmenistan.com.tm\/index.php?rest_route=\/wp\/v2\/types\/post"}],"author":[{"embeddable":true,"href":"https:\/\/zamanturkmenistan.com.tm\/index.php?rest_route=\/wp\/v2\/users\/2"}],"replies":[{"embeddable":true,"href":"https:\/\/zamanturkmenistan.com.tm\/index.php?rest_route=%2Fwp%2Fv2%2Fcomments&post=91801"}],"version-history":[{"count":1,"href":"https:\/\/zamanturkmenistan.com.tm\/index.php?rest_route=\/wp\/v2\/posts\/91801\/revisions"}],"predecessor-version":[{"id":91803,"href":"https:\/\/zamanturkmenistan.com.tm\/index.php?rest_route=\/wp\/v2\/posts\/91801\/revisions\/91803"}],"wp:featuredmedia":[{"embeddable":true,"href":"https:\/\/zamanturkmenistan.com.tm\/index.php?rest_route=\/wp\/v2\/media\/91802"}],"wp:attachment":[{"href":"https:\/\/zamanturkmenistan.com.tm\/index.php?rest_route=%2Fwp%2Fv2%2Fmedia&parent=91801"}],"wp:term":[{"taxonomy":"category","embeddable":true,"href":"https:\/\/zamanturkmenistan.com.tm\/index.php?rest_route=%2Fwp%2Fv2%2Fcategories&post=91801"},{"taxonomy":"post_tag","embeddable":true,"href":"https:\/\/zamanturkmenistan.com.tm\/index.php?rest_route=%2Fwp%2Fv2%2Ftags&post=91801"}],"curies":[{"name":"wp","href":"https:\/\/api.w.org\/{rel}","templated":true}]}}