{"id":91810,"date":"2023-11-09T10:59:09","date_gmt":"2023-11-09T05:59:09","guid":{"rendered":"https:\/\/zamanturkmenistan.com.tm\/?p=91810"},"modified":"2023-11-09T10:59:09","modified_gmt":"2023-11-09T05:59:09","slug":"turkmenistanyn-prezidenti-ozbegistan-respublikasynyn-prezidenti-bilen-dususdy","status":"publish","type":"post","link":"https:\/\/zamanturkmenistan.com.tm\/?p=91810","title":{"rendered":"T\u00fcrkmenistany\u0148 Prezidenti \u00d6zbegistan Respublikasyny\u0148 Prezidenti bilen du\u015fu\u015fdy"},"content":{"rendered":"<p>Ykdysady Hyzmatda\u015flyk Guramasyny\u0148 16-njy mejlisine gatna\u015fmak \u00fc\u00e7in Da\u015fkende i\u015f sapary bilen bol\u00fdan hormatly Prezidentimiz Serdar Berdimuhamedow \u00d6zbegistan Respublikasyny\u0148 Prezidenti \u015eawkat Mirzi\u00fdo\u00fdew bilen du\u015fu\u015fdy.<\/p>\n<p>Taraplar sy\u00fdasy-diplomatik, s\u00f6wda-ykdysady, medeni-ynsanperwer ugurlarda \u00f6zara pe\u00fddaly t\u00fcrkmen-\u00f6zbek hyzmatda\u015flygyny\u0148 \u00f6s\u00fc\u015fini ara alyp maslahatla\u015fdylar. Go\u0148\u015fy d\u00f6wletleri\u0148 Ba\u015ftutanlary Ykdysady Hyzmatda\u015flyk Guramasyny\u0148 \u00e7\u00e4klerinde ykdysady gatna\u015fyklary gi\u0148eltm\u00e4ge a\u00fdratyn \u00fcns berdiler.<\/p>\n<p>\u015ee\u00fdle hem taraplar halkara we sebitara gyzyklanma bildiril\u00fd\u00e4n meseleler bo\u00fdun\u00e7a pikir aly\u015fdylar.<\/p>\n","protected":false},"excerpt":{"rendered":"<p>Ykdysady Hyzmatda\u015flyk Guramasyny\u0148 16-njy mejlisine gatna\u015fmak \u00fc\u00e7in Da\u015fkende i\u015f sapary bilen bol\u00fdan hormatly Prezidentimiz Serdar Berdimuhamedow \u00d6zbegistan Respublikasyny\u0148 Prezidenti \u015eawkat Mirzi\u00fdo\u00fdew bilen du\u015fu\u015fdy. Taraplar sy\u00fdasy-diplomatik, s\u00f6wda-ykdysady, medeni-ynsanperwer ugurlarda \u00f6zara pe\u00fddaly t\u00fcrkmen-\u00f6zbek hyzmatda\u015flygyny\u0148 \u00f6s\u00fc\u015fini ara alyp maslahatla\u015fdylar. Go\u0148\u015fy d\u00f6wletleri\u0148 Ba\u015ftutanlary Ykdysady Hyzmatda\u015flyk Guramasyny\u0148 \u00e7\u00e4klerinde ykdysady gatna\u015fyklary gi\u0148eltm\u00e4ge a\u00fdratyn \u00fcns berdiler. \u015ee\u00fdle hem taraplar halkara we sebitara [&hellip;]<\/p>\n","protected":false},"author":2,"featured_media":91811,"comment_status":"open","ping_status":"closed","sticky":false,"template":"","format":"standard","meta":{"footnotes":""},"categories":[3],"tags":[],"acf":[],"_links":{"self":[{"href":"https:\/\/zamanturkmenistan.com.tm\/index.php?rest_route=\/wp\/v2\/posts\/91810"}],"collection":[{"href":"https:\/\/zamanturkmenistan.com.tm\/index.php?rest_route=\/wp\/v2\/posts"}],"about":[{"href":"https:\/\/zamanturkmenistan.com.tm\/index.php?rest_route=\/wp\/v2\/types\/post"}],"author":[{"embeddable":true,"href":"https:\/\/zamanturkmenistan.com.tm\/index.php?rest_route=\/wp\/v2\/users\/2"}],"replies":[{"embeddable":true,"href":"https:\/\/zamanturkmenistan.com.tm\/index.php?rest_route=%2Fwp%2Fv2%2Fcomments&post=91810"}],"version-history":[{"count":1,"href":"https:\/\/zamanturkmenistan.com.tm\/index.php?rest_route=\/wp\/v2\/posts\/91810\/revisions"}],"predecessor-version":[{"id":91812,"href":"https:\/\/zamanturkmenistan.com.tm\/index.php?rest_route=\/wp\/v2\/posts\/91810\/revisions\/91812"}],"wp:featuredmedia":[{"embeddable":true,"href":"https:\/\/zamanturkmenistan.com.tm\/index.php?rest_route=\/wp\/v2\/media\/91811"}],"wp:attachment":[{"href":"https:\/\/zamanturkmenistan.com.tm\/index.php?rest_route=%2Fwp%2Fv2%2Fmedia&parent=91810"}],"wp:term":[{"taxonomy":"category","embeddable":true,"href":"https:\/\/zamanturkmenistan.com.tm\/index.php?rest_route=%2Fwp%2Fv2%2Fcategories&post=91810"},{"taxonomy":"post_tag","embeddable":true,"href":"https:\/\/zamanturkmenistan.com.tm\/index.php?rest_route=%2Fwp%2Fv2%2Ftags&post=91810"}],"curies":[{"name":"wp","href":"https:\/\/api.w.org\/{rel}","templated":true}]}}