{"id":91916,"date":"2023-11-10T11:42:59","date_gmt":"2023-11-10T06:42:59","guid":{"rendered":"https:\/\/zamanturkmenistan.com.tm\/?p=91916"},"modified":"2023-11-10T11:42:59","modified_gmt":"2023-11-10T06:42:59","slug":"turkmenistanda-yokary-tehnologiyalar-boyunca-yokary-bilim-alyan-ucurymlaryn-sany-3-yylda-3-esse-artar","status":"publish","type":"post","link":"https:\/\/zamanturkmenistan.com.tm\/?p=91916","title":{"rendered":"T\u00fcrkmenistanda \u00fdokary tehnologi\u00fdalar bo\u00fdun\u00e7a \u00fdokary bilim al\u00fdan u\u00e7urymlary\u0148 sany 3 \u00fdylda 3 esse artar"},"content":{"rendered":"<p>T\u00fcrk\u00adme\u00adnis\u00adta\u00adny\u0148 \u00fdo\u00adka\u00adry okuw mek\u00addep\u00adle\u00adrin\u00adde In\u00adtel\u00adlek\u00adtu\u00adal teh\u00adno\u00adlo\u00adgi\u00ad\u00fda\u00adla\u00adry ug\u00adry bo\u00ad\u00fdun\u00ad\u00e7a bi\u00adlim alan u\u00e7u\u00adrym\u00adla\u00adry\u0148 sa\u00adny 2026-njy \u00fdyl\u00adda 3 es\u00adse, \u00fdag\u00adny \u015fu \u00fdyl\u00adky 797 sa\u00adny u\u00e7u\u00adrym\u00addan 2163 sa\u00adny u\u00e7u\u00adry\u00adma \u00e7en\u00adli ar\u00adtar. Bu ba\u00adra\u00adda T\u00fcrk\u00adme\u00adnis\u00adta\u00adny\u0148 Pre\u00adzi\u00adden\u00adti\u00adni\u0148 \u00fda\u00adnyn\u00adda\u00adky D\u00f6w\u00adlet gul\u00adlu\u00adgy aka\u00adde\u00admi\u00ad\u00fda\u00adsy\u00adny\u0148 pro\u00adrek\u00adto\u00adry Ka\u00adka\u00adgel\u00addi H\u00fcm\u00adm\u00e4\u00ad\u00fdew Bi\u00adlim mi\u00adnistr\u00adli\u00adgi\u00adni\u0148 mag\u00adlu\u00admat\u00adla\u00adry\u00adna sal\u00adgy\u00adla\u00adnyp ha\u00adbar ber\u00ad\u00fd\u00e4r.<br \/>\nBel\u00adle\u00adni\u00ad\u015fi \u00fda\u00adly, mag\u00adlu\u00admat teh\u00adno\u00adlo\u00adgi\u00ad\u00fda\u00adla\u00adry ug\u00adrun\u00adda bi\u00adlim alan u\u00e7u\u00adrym\u00adla\u00adry\u0148 sa\u00adny \u015fu \u00fdyl 698 sa\u00adny bo\u00adlan bol\u00adsa, bu g\u00f6r\u00adke\u00adzi\u00adji 2026-njy \u00fdyl\u00adda 1771-e \u00fde\u00adter. Ki\u00adber\u00adhowp\u00adsuz\u00adlyk ug\u00adrun\u00adda bi\u00adlim alan\u00adla\u00adry\u0148 sa\u00adny hem \u015fu \u00fdyl\u00adky 99 san muk\u00adda\u00adryn\u00addan 372-\u00e4 \u00fde\u00adtip, ol hem 3 es\u00adse ar\u00adtar.<br \/>\nBu ugur\u00adlar\u00adda h\u00fc\u00adn\u00e4r\u00admen\u00adle\u00adri ta\u00fd\u00ad\u00fdar\u00adla\u00ad\u00fdan esa\u00adsy \u00fdo\u00adka\u00adry okuw mek\u00addep\u00adle\u00adri Oguz han adyn\u00adda\u00adky In\u00ad\u017ee\u00adner-teh\u00adno\u00adlo\u00adgi\u00ad\u00fda\u00adlar uni\u00adwer\u00adsi\u00adte\u00adti, Mag\u00adtym\u00adgu\u00adly adyn\u00adda\u00adky T\u00fcrk\u00admen d\u00f6w\u00adlet uni\u00adwer\u00adsi\u00adte\u00adti, \u00dd.Ka\u00adka\u00ad\u00fdew adyn\u00adda\u00adky Hal\u00adka\u00adra ne\u00adbit we gaz uni\u00adwer\u00adsi\u00adte\u00adti, Te\u00adle\u00adkom\u00admu\u00adni\u00adka\u00adsi\u00ad\u00fda\u00adlar we in\u00adfor\u00adma\u00adti\u00adka ins\u00adti\u00adtu\u00adty, Hal\u00adka\u00adra yn\u00adsan\u00adper\u00adwer ylym\u00adla\u00adry we \u00f6s\u00fc\u015f uni\u00adwer\u00adsi\u00adte\u00adti bo\u00adlup dur\u00ad\u00fdar.<br \/>\nBu ugur\u00adlar\u00adda \u00fdo\u00adka\u00adry bi\u00adlim\u00adli h\u00fc\u00adn\u00e4r\u00admen\u00adle\u00adri\u0148 ta\u00fd\u00ad\u00fdar\u00adla\u00adnyl\u00adma\u00adgy ylym we o\u00fd\u00adlap ta\u00adpy\u015f ugur\u00adly pu\u00adda\u00adgy\u0148 \u00f6s\u00adme\u00adgi\u00adne \u00f6z\u00fc\u00adni\u0148 go\u00ad\u015fan\u00addy\u00adny go\u00ad\u015far.<\/p>\n","protected":false},"excerpt":{"rendered":"<p>T\u00fcrk\u00adme\u00adnis\u00adta\u00adny\u0148 \u00fdo\u00adka\u00adry okuw mek\u00addep\u00adle\u00adrin\u00adde In\u00adtel\u00adlek\u00adtu\u00adal teh\u00adno\u00adlo\u00adgi\u00ad\u00fda\u00adla\u00adry ug\u00adry bo\u00ad\u00fdun\u00ad\u00e7a bi\u00adlim alan u\u00e7u\u00adrym\u00adla\u00adry\u0148 sa\u00adny 2026-njy \u00fdyl\u00adda 3 es\u00adse, \u00fdag\u00adny \u015fu \u00fdyl\u00adky 797 sa\u00adny u\u00e7u\u00adrym\u00addan 2163 sa\u00adny u\u00e7u\u00adry\u00adma \u00e7en\u00adli ar\u00adtar. Bu ba\u00adra\u00adda T\u00fcrk\u00adme\u00adnis\u00adta\u00adny\u0148 Pre\u00adzi\u00adden\u00adti\u00adni\u0148 \u00fda\u00adnyn\u00adda\u00adky D\u00f6w\u00adlet gul\u00adlu\u00adgy aka\u00adde\u00admi\u00ad\u00fda\u00adsy\u00adny\u0148 pro\u00adrek\u00adto\u00adry Ka\u00adka\u00adgel\u00addi H\u00fcm\u00adm\u00e4\u00ad\u00fdew Bi\u00adlim mi\u00adnistr\u00adli\u00adgi\u00adni\u0148 mag\u00adlu\u00admat\u00adla\u00adry\u00adna sal\u00adgy\u00adla\u00adnyp ha\u00adbar ber\u00ad\u00fd\u00e4r. Bel\u00adle\u00adni\u00ad\u015fi \u00fda\u00adly, mag\u00adlu\u00admat teh\u00adno\u00adlo\u00adgi\u00ad\u00fda\u00adla\u00adry ug\u00adrun\u00adda bi\u00adlim alan u\u00e7u\u00adrym\u00adla\u00adry\u0148 sa\u00adny \u015fu \u00fdyl [&hellip;]<\/p>\n","protected":false},"author":2,"featured_media":68549,"comment_status":"open","ping_status":"closed","sticky":false,"template":"","format":"standard","meta":{"footnotes":""},"categories":[3],"tags":[],"acf":[],"_links":{"self":[{"href":"https:\/\/zamanturkmenistan.com.tm\/index.php?rest_route=\/wp\/v2\/posts\/91916"}],"collection":[{"href":"https:\/\/zamanturkmenistan.com.tm\/index.php?rest_route=\/wp\/v2\/posts"}],"about":[{"href":"https:\/\/zamanturkmenistan.com.tm\/index.php?rest_route=\/wp\/v2\/types\/post"}],"author":[{"embeddable":true,"href":"https:\/\/zamanturkmenistan.com.tm\/index.php?rest_route=\/wp\/v2\/users\/2"}],"replies":[{"embeddable":true,"href":"https:\/\/zamanturkmenistan.com.tm\/index.php?rest_route=%2Fwp%2Fv2%2Fcomments&post=91916"}],"version-history":[{"count":1,"href":"https:\/\/zamanturkmenistan.com.tm\/index.php?rest_route=\/wp\/v2\/posts\/91916\/revisions"}],"predecessor-version":[{"id":91917,"href":"https:\/\/zamanturkmenistan.com.tm\/index.php?rest_route=\/wp\/v2\/posts\/91916\/revisions\/91917"}],"wp:featuredmedia":[{"embeddable":true,"href":"https:\/\/zamanturkmenistan.com.tm\/index.php?rest_route=\/wp\/v2\/media\/68549"}],"wp:attachment":[{"href":"https:\/\/zamanturkmenistan.com.tm\/index.php?rest_route=%2Fwp%2Fv2%2Fmedia&parent=91916"}],"wp:term":[{"taxonomy":"category","embeddable":true,"href":"https:\/\/zamanturkmenistan.com.tm\/index.php?rest_route=%2Fwp%2Fv2%2Fcategories&post=91916"},{"taxonomy":"post_tag","embeddable":true,"href":"https:\/\/zamanturkmenistan.com.tm\/index.php?rest_route=%2Fwp%2Fv2%2Ftags&post=91916"}],"curies":[{"name":"wp","href":"https:\/\/api.w.org\/{rel}","templated":true}]}}