{"id":91920,"date":"2023-11-10T11:47:19","date_gmt":"2023-11-10T06:47:19","guid":{"rendered":"https:\/\/zamanturkmenistan.com.tm\/?p=91920"},"modified":"2023-11-10T11:47:19","modified_gmt":"2023-11-10T06:47:19","slug":"turkmenistanda-yewropa-bilelesiginin-medeniyet-hepdeligi-geciriler","status":"publish","type":"post","link":"https:\/\/zamanturkmenistan.com.tm\/?p=91920","title":{"rendered":"T\u00fcrkmenistanda \u00ddewropa Bilele\u015figini\u0148 Medeni\u00fdet hepdeligi ge\u00e7iriler"},"content":{"rendered":"<p>10-njy no\u00ad\u00fdabr\u00addan 3-nji de\u00adkabr ara\u00adly\u00adgyn\u00adda T\u00fcrk\u00adme\u00adnis\u00adtan\u00adda \u00ddew\u00adro\u00adpa Bi\u00adle\u00adle\u00ad\u015fi\u00adgi\u00adni\u0148 Me\u00adde\u00adni\u00ad\u00fdet hep\u00adde\u00adli\u00adgi ge\u00ad\u00e7i\u00adri\u00adler. Me\u00adde\u00adni\u00ad\u00fdet hep\u00adde\u00adli\u00adgi\u00adni\u0148 \u00e7\u00e4\u00adre\u00adle\u00adri A\u015f\u00adga\u00adbat we Ma\u00adry \u015f\u00e4\u00adher\u00adle\u00adrin\u00adde gu\u00adra\u00adlar.<br \/>\n\u00ddB-ni\u0148 Me\u00adde\u00adni\u00ad\u00fdet hep\u00adde\u00adli\u00adgi 10-njy we 11-nji no\u00ad\u00fdabr\u00adda T\u00fcrk\u00adme\u00adnis\u00adta\u00adny\u0148 Mag\u00adtym\u00adgu\u00adly adyn\u00adda\u00adky mil\u00adli saz\u00adly dra\u00adma te\u00adat\u00adryn\u00adda ge\u00ad\u00e7i\u00adril\u00adjek kon\u00adsert bi\u00adlen a\u00e7y\u00adlar. Kon\u00adser\u00adti\u0148 do\u00adwa\u00admyn\u00adda fran\u00adsuz kom\u00adpo\u00adzi\u00adto\u00adry\u00adny\u0148 d\u00fcn\u00ad\u00fd\u00e4 a\u00fd\u00addym-saz prem\u00ad\u00fde\u00adra\u00adsy A\u015f\u00adga\u00adbat \u015f\u00e4\u00adhe\u00adri\u00adni\u0148 \u00fda\u00ad\u015fa\u00fd\u00adjy\u00adla\u00adry\u00adna we myh\u00adman\u00adla\u00adry\u00adna h\u00f6\u00add\u00fcr\u00adle\u00adner.<br \/>\nKon\u00adsert sa\u00adgat 19:00-da ba\u015f\u00adlanar. Pe\u00adtek sa\u00adtyn al\u00admak bi\u00adlen bag\u00adly so\u00adrag\u00adlar \u00fc\u00e7in: (+99312) 22-38-98; (+99363) 46-71-77; (+99364) 03-74-56.<br \/>\nMun\u00addan ba\u015f\u00adga-da, 24-nji no\u00ad\u00fdabr\u00adda sa\u00adgat 17:30-da \u00abBouy\u00adgu\u00ades Turk\u00admen Car\u00adbon Trai\u00adning Cent\u00adre\u00bb bi\u00adna\u00adsyn\u00adda \u00abTrash\u00bb mult\u00adfil\u00admi g\u00f6r\u00adke\u00adzi\u00adler. Mult\u00adfil\u00admi g\u00f6r\u00admek \u00fc\u00e7in @eeas.eu\u00adro\u00adpa.eu sa\u00adhy\u00adpa\u00adsyn\u00adda ha\u00adsa\u00adba alyn\u00adma\u00adly.<br \/>\nMe\u00adde\u00adni\u00ad\u00fdet hep\u00adde\u00adli\u00adgi D\u00f6w\u00adlet sim\u00adfo\u00adni\u00adki or\u00adkest\u00adri bi\u00adlen bi\u00adle\u00adlik\u00adde Lat\u00adwi\u00ad\u00fda\u00adny\u0148 hor a\u00fd\u00addym\u00ad\u00e7y\u00adsy ha\u00adnym Wi\u00adta Ti\u00admer\u00adma\u00adme Mu\u00adra\u00adny\u0148 \u00fdol\u00adba\u015f\u00ad\u00e7y\u00adly\u00adgyn\u00adda\u00adky A\u015f\u00adga\u00adbat \u00e7a\u00adga\u00adlar ho\u00adru\u00adny\u0148 kon\u00adser\u00adti bi\u00adlen do\u00adwam et\u00addi\u00adri\u00adler.<br \/>\nKon\u00adsert 26-njy no\u00ad\u00fdabr\u00adda sa\u00adgat 17:00-da T\u00fcrk\u00adme\u00adnis\u00adta\u00adny\u0148 D\u00f6w\u00adlet me\u00adde\u00adni\u00ad\u00fdet mer\u00adke\u00adzi\u00adni\u0148 Mu\u00adkam\u00adlar k\u00f6\u015f\u00adg\u00fcn\u00adde bo\u00adlar. Gi\u00adri\u015f hem\u00adme\u00adler \u00fc\u00e7in a\u00e7yk\u00addyr.<br \/>\n3-nji de\u00adkabr\u00adda Ma\u00adry we\u00adla\u00ad\u00fda\u00adty\u00adny\u0148 Ke\u00admi\u00adne adyn\u00adda\u00adky d\u00f6w\u00adlet dra\u00adma te\u00adat\u00adryn\u00adda ge\u00ad\u00e7i\u00adril\u00adjek D\u00f6w\u00adlet sim\u00adfo\u00adni\u00adki or\u00adkest\u00adri bi\u00adlen bi\u00adle\u00adlik\u00adde Wi\u00adta Ti\u00admer\u00adma\u00adme Mu\u00adra\u00adny\u0148 \u00fdol\u00adba\u015f\u00ad\u00e7y\u00adly\u00adgyn\u00adda\u00adky Ma\u00adry \u00e7a\u00adga\u00adlar ho\u00adru\u00adny\u0148 kon\u00adser\u00adti hep\u00adde\u00adli\u00adgi\u0148 jem\u00adle\u00fd\u00adji \u00e7\u00e4\u00adre\u00adsi bo\u00adlar. Kon\u00adsert sa\u00adgat 17:00-da. Kon\u00adser\u00adte hem\u00adme\u00adler gi\u00adrip bi\u00adler\u00adler di\u00fd\u00adlip, \u00ddB-ni\u0148 we\u00adki\u00adli\u00ad\u00fde\u00adti\u00adni\u0148 T\u00fcrk\u00adme\u00adnis\u00adta\u00adna ibe\u00adren met\u00adbu\u00adgat be\u00ad\u00fda\u00adna\u00adtyn\u00adda a\u00fd\u00addyl\u00ad\u00fdar.<\/p>\n","protected":false},"excerpt":{"rendered":"<p>10-njy no\u00ad\u00fdabr\u00addan 3-nji de\u00adkabr ara\u00adly\u00adgyn\u00adda T\u00fcrk\u00adme\u00adnis\u00adtan\u00adda \u00ddew\u00adro\u00adpa Bi\u00adle\u00adle\u00ad\u015fi\u00adgi\u00adni\u0148 Me\u00adde\u00adni\u00ad\u00fdet hep\u00adde\u00adli\u00adgi ge\u00ad\u00e7i\u00adri\u00adler. Me\u00adde\u00adni\u00ad\u00fdet hep\u00adde\u00adli\u00adgi\u00adni\u0148 \u00e7\u00e4\u00adre\u00adle\u00adri A\u015f\u00adga\u00adbat we Ma\u00adry \u015f\u00e4\u00adher\u00adle\u00adrin\u00adde gu\u00adra\u00adlar. \u00ddB-ni\u0148 Me\u00adde\u00adni\u00ad\u00fdet hep\u00adde\u00adli\u00adgi 10-njy we 11-nji no\u00ad\u00fdabr\u00adda T\u00fcrk\u00adme\u00adnis\u00adta\u00adny\u0148 Mag\u00adtym\u00adgu\u00adly adyn\u00adda\u00adky mil\u00adli saz\u00adly dra\u00adma te\u00adat\u00adryn\u00adda ge\u00ad\u00e7i\u00adril\u00adjek kon\u00adsert bi\u00adlen a\u00e7y\u00adlar. Kon\u00adser\u00adti\u0148 do\u00adwa\u00admyn\u00adda fran\u00adsuz kom\u00adpo\u00adzi\u00adto\u00adry\u00adny\u0148 d\u00fcn\u00ad\u00fd\u00e4 a\u00fd\u00addym-saz prem\u00ad\u00fde\u00adra\u00adsy A\u015f\u00adga\u00adbat \u015f\u00e4\u00adhe\u00adri\u00adni\u0148 \u00fda\u00ad\u015fa\u00fd\u00adjy\u00adla\u00adry\u00adna we myh\u00adman\u00adla\u00adry\u00adna h\u00f6\u00add\u00fcr\u00adle\u00adner. Kon\u00adsert sa\u00adgat 19:00-da ba\u015f\u00adlanar. Pe\u00adtek [&hellip;]<\/p>\n","protected":false},"author":2,"featured_media":91921,"comment_status":"open","ping_status":"closed","sticky":false,"template":"","format":"standard","meta":{"footnotes":""},"categories":[8273],"tags":[],"acf":[],"_links":{"self":[{"href":"https:\/\/zamanturkmenistan.com.tm\/index.php?rest_route=\/wp\/v2\/posts\/91920"}],"collection":[{"href":"https:\/\/zamanturkmenistan.com.tm\/index.php?rest_route=\/wp\/v2\/posts"}],"about":[{"href":"https:\/\/zamanturkmenistan.com.tm\/index.php?rest_route=\/wp\/v2\/types\/post"}],"author":[{"embeddable":true,"href":"https:\/\/zamanturkmenistan.com.tm\/index.php?rest_route=\/wp\/v2\/users\/2"}],"replies":[{"embeddable":true,"href":"https:\/\/zamanturkmenistan.com.tm\/index.php?rest_route=%2Fwp%2Fv2%2Fcomments&post=91920"}],"version-history":[{"count":1,"href":"https:\/\/zamanturkmenistan.com.tm\/index.php?rest_route=\/wp\/v2\/posts\/91920\/revisions"}],"predecessor-version":[{"id":91922,"href":"https:\/\/zamanturkmenistan.com.tm\/index.php?rest_route=\/wp\/v2\/posts\/91920\/revisions\/91922"}],"wp:featuredmedia":[{"embeddable":true,"href":"https:\/\/zamanturkmenistan.com.tm\/index.php?rest_route=\/wp\/v2\/media\/91921"}],"wp:attachment":[{"href":"https:\/\/zamanturkmenistan.com.tm\/index.php?rest_route=%2Fwp%2Fv2%2Fmedia&parent=91920"}],"wp:term":[{"taxonomy":"category","embeddable":true,"href":"https:\/\/zamanturkmenistan.com.tm\/index.php?rest_route=%2Fwp%2Fv2%2Fcategories&post=91920"},{"taxonomy":"post_tag","embeddable":true,"href":"https:\/\/zamanturkmenistan.com.tm\/index.php?rest_route=%2Fwp%2Fv2%2Ftags&post=91920"}],"curies":[{"name":"wp","href":"https:\/\/api.w.org\/{rel}","templated":true}]}}